{"id":637951,"date":"2026-01-03T08:59:11","date_gmt":"2026-01-03T08:59:11","guid":{"rendered":"https:\/\/www.europesays.com\/fr\/637951\/"},"modified":"2026-01-03T08:59:11","modified_gmt":"2026-01-03T08:59:11","slug":"lille-rennes-a-quelle-heure-et-sur-quelle-chaine-voir-le-match-en-direct-et-en-streaming","status":"publish","type":"post","link":"https:\/\/www.europesays.com\/fr\/637951\/","title":{"rendered":"Lille &#8211; Rennes : \u00e0 quelle heure et sur quelle cha\u00eene voir le match en direct et en streaming ?"},"content":{"rendered":"<p class=\"\">Lille, actuellement quatri\u00e8me du classement avec une vingtaine de points, vise \u00e0 consolider sa place dans le top 5 avant l\u2019encha\u00eenement des rencontres de janvier et f\u00e9vrier, tout en gardant l\u2019espoir de revenir sur le podium. Les Dogues ont montr\u00e9 cette saison une solidit\u00e9 \u00e0 domicile et une capacit\u00e9 \u00e0 poser le jeu, m\u00eame si leur finition offensive peut encore varier d\u2019un match \u00e0 l\u2019autre. Rennes, de son c\u00f4t\u00e9, occupe une place juste derri\u00e8re avec quelques points de retard mais demeure dans la lutte pour une qualification aux comp\u00e9titions europ\u00e9ennes. Les Rennais ont altern\u00e9 performances convaincantes et r\u00e9sultats frustrants : un succ\u00e8s notable contre des rivaux directs peut leur permettre de cr\u00e9er une dynamique avant la phase retour. L\u2019opposition entre la construction m\u00e9thodique du LOSC et la r\u00e9activit\u00e9 offensive du SRFC promet des duels serr\u00e9s au milieu de terrain et des s\u00e9quences tactiques int\u00e9ressantes. <a href=\"https:\/\/plus.ligue1.com\/home?utm_source=affilae&amp;utm_medium=affiliation&amp;utm_campaign=le-parisien&amp;ae=3&amp;aev=Prog\" target=\"_blank\" rel=\"sponsored noopener\">Voici comment suivre Lille &#8211; Rennes ce soir.<\/a><\/p>\n<p>Suivez le match Lille &#8211; Rennes sur Ligue 1+ ce samedi soir<\/p>\n<p class=\"\"><a href=\"https:\/\/plus.ligue1.com\/home?utm_source=affilae&amp;utm_medium=affiliation&amp;utm_campaign=le-parisien&amp;ae=3&amp;aev=Prog\" target=\"_blank\" rel=\"sponsored noopener\"><b>la rencontre entre Rennes et Lille se joue samedi 3 janvier 2026 \u00e0 21h05 au Stade Pierre-Mauroy \u00e0 Villeneuve-d\u2019Ascq. Elle sera diffus\u00e9e en direct sur la cha\u00eene Ligue 1+.<\/b><\/a> La cha\u00eene Ligue 1+ est accessible directement via DAZN gr\u00e2ce \u00e0 une formule combin\u00e9e qui regroupe l\u2019ensemble du service Ligue 1+ et tout le contenu DAZN. Propos\u00e9e \u00e0 partir de 16,99 euros par mois avec un engagement de douze mois, cette offre permet de suivre chaque journ\u00e9e de Ligue 1 Uber Eats, dont le match du dimanche soir, tout en profitant d\u2019un catalogue sportif particuli\u00e8rement riche.<\/p>\n<p class=\"\"><a href=\"https:\/\/plus.ligue1.com\/home?utm_source=affilae&amp;utm_medium=affiliation&amp;utm_campaign=le-parisien&amp;ae=3&amp;aev=Prog\" target=\"_blank\" rel=\"sponsored noopener\"><b>Cliquez ici pour regarder le match sur Ligue 1+<\/b><\/a><\/p>\n","protected":false},"excerpt":{"rendered":"Lille, actuellement quatri\u00e8me du classement avec une vingtaine de points, vise \u00e0 consolider sa place dans le top&hellip;\n","protected":false},"author":2,"featured_media":637952,"comment_status":"","ping_status":"","sticky":false,"template":"","format":"standard","meta":{"footnotes":""},"categories":[2821],"tags":[1111,11,829,1777,674,1011,27,749,12,584,25],"class_list":{"0":"post-637951","1":"post","2":"type-post","3":"status-publish","4":"format-standard","5":"has-post-thumbnail","7":"category-rennes","8":"tag-actu","9":"tag-actualites","10":"tag-bretagne","11":"tag-eu","12":"tag-europe","13":"tag-fr","14":"tag-france","15":"tag-guide-shopping","16":"tag-news","17":"tag-rennes","18":"tag-republique-francaise"},"share_on_mastodon":{"url":"https:\/\/pubeurope.com\/@fr\/115830349119843123","error":""},"_links":{"self":[{"href":"https:\/\/www.europesays.com\/fr\/wp-json\/wp\/v2\/posts\/637951","targetHints":{"allow":["GET"]}}],"collection":[{"href":"https:\/\/www.europesays.com\/fr\/wp-json\/wp\/v2\/posts"}],"about":[{"href":"https:\/\/www.europesays.com\/fr\/wp-json\/wp\/v2\/types\/post"}],"author":[{"embeddable":true,"href":"https:\/\/www.europesays.com\/fr\/wp-json\/wp\/v2\/users\/2"}],"replies":[{"embeddable":true,"href":"https:\/\/www.europesays.com\/fr\/wp-json\/wp\/v2\/comments?post=637951"}],"version-history":[{"count":0,"href":"https:\/\/www.europesays.com\/fr\/wp-json\/wp\/v2\/posts\/637951\/revisions"}],"wp:featuredmedia":[{"embeddable":true,"href":"https:\/\/www.europesays.com\/fr\/wp-json\/wp\/v2\/media\/637952"}],"wp:attachment":[{"href":"https:\/\/www.europesays.com\/fr\/wp-json\/wp\/v2\/media?parent=637951"}],"wp:term":[{"taxonomy":"category","embeddable":true,"href":"https:\/\/www.europesays.com\/fr\/wp-json\/wp\/v2\/categories?post=637951"},{"taxonomy":"post_tag","embeddable":true,"href":"https:\/\/www.europesays.com\/fr\/wp-json\/wp\/v2\/tags?post=637951"}],"curies":[{"name":"wp","href":"https:\/\/api.w.org\/{rel}","templated":true}]}}