{"id":637955,"date":"2026-01-03T09:01:15","date_gmt":"2026-01-03T09:01:15","guid":{"rendered":"https:\/\/www.europesays.com\/fr\/637955\/"},"modified":"2026-01-03T09:01:15","modified_gmt":"2026-01-03T09:01:15","slug":"ligue-1-conflit-avec-les-supporters-nouveau-coach-nice-sens-dessus-dessous-avant-daffronter-le-racing-club-de-strasbourg","status":"publish","type":"post","link":"https:\/\/www.europesays.com\/fr\/637955\/","title":{"rendered":"Ligue 1. Conflit avec les supporters, nouveau coach&#8230; Nice sens dessus dessous avant d&rsquo;affronter le Racing Club de Strasbourg"},"content":{"rendered":"<p>La Ligue 1 mieux qu\u2019une s\u00e9rie HBO ou Netflix\u00a0? Il y a du Game of Thrones et du House of Cards dans la premi\u00e8re partie de saison de l\u2019OGC Nice. Du suspense, des intrigues, des rebondissements, des t\u00eates qui tombent, tous les ingr\u00e9dients \u00e9taient r\u00e9unis \u2013 sauf les r\u00e9sultats sportifs \u2013 pour faire de ce deuxi\u00e8me semestre 2025 un feuilleton addictif.<\/p>\n<p>L\u2019Europe a mis le feu aux poudres<\/p>\n<p>Si les supporters du Racing ont eu l\u2019impression de vivre des mois mouvement\u00e9s avec l\u2019histoire des banderoles, la r\u00e9ponse ferme du club, la gr\u00e8ve des ultras, quelques recadrages de <a href=\"https:\/\/www.dna.fr\/p\/liam-rosenior\" target=\"_blank\" rel=\"noopener\">Liam Rosenior<\/a> et les rumeurs de d\u00e9but d\u2019ann\u00e9e envoyant le coach alsacien sur le banc de Chelsea, ce ne sont finalement que des p\u00e9rip\u00e9ties par rapport \u00e0 ce qu\u2019ont v\u00e9cu les suiveurs des Aiglons.<\/p>\n<p>Tout s\u2019\u00e9tait pourtant bien fini au printemps dernier&#8230;<\/p>\n","protected":false},"excerpt":{"rendered":"La Ligue 1 mieux qu\u2019une s\u00e9rie HBO ou Netflix\u00a0? Il y a du Game of Thrones et du&hellip;\n","protected":false},"author":2,"featured_media":637956,"comment_status":"","ping_status":"","sticky":false,"template":"","format":"standard","meta":{"footnotes":""},"categories":[2820],"tags":[1111,11,1777,674,107,63,1011,27,775,12,41281,25,517,640],"class_list":{"0":"post-637955","1":"post","2":"type-post","3":"status-publish","4":"format-standard","5":"has-post-thumbnail","7":"category-strasbourg","8":"tag-actu","9":"tag-actualites","10":"tag-eu","11":"tag-europe","12":"tag-fil-info","13":"tag-football","14":"tag-fr","15":"tag-france","16":"tag-grand-est","17":"tag-news","18":"tag-racing-club-strasbourg-masculin","19":"tag-republique-francaise","20":"tag-sport","21":"tag-strasbourg"},"share_on_mastodon":{"url":"https:\/\/pubeurope.com\/@fr\/115830357024005885","error":""},"_links":{"self":[{"href":"https:\/\/www.europesays.com\/fr\/wp-json\/wp\/v2\/posts\/637955","targetHints":{"allow":["GET"]}}],"collection":[{"href":"https:\/\/www.europesays.com\/fr\/wp-json\/wp\/v2\/posts"}],"about":[{"href":"https:\/\/www.europesays.com\/fr\/wp-json\/wp\/v2\/types\/post"}],"author":[{"embeddable":true,"href":"https:\/\/www.europesays.com\/fr\/wp-json\/wp\/v2\/users\/2"}],"replies":[{"embeddable":true,"href":"https:\/\/www.europesays.com\/fr\/wp-json\/wp\/v2\/comments?post=637955"}],"version-history":[{"count":0,"href":"https:\/\/www.europesays.com\/fr\/wp-json\/wp\/v2\/posts\/637955\/revisions"}],"wp:featuredmedia":[{"embeddable":true,"href":"https:\/\/www.europesays.com\/fr\/wp-json\/wp\/v2\/media\/637956"}],"wp:attachment":[{"href":"https:\/\/www.europesays.com\/fr\/wp-json\/wp\/v2\/media?parent=637955"}],"wp:term":[{"taxonomy":"category","embeddable":true,"href":"https:\/\/www.europesays.com\/fr\/wp-json\/wp\/v2\/categories?post=637955"},{"taxonomy":"post_tag","embeddable":true,"href":"https:\/\/www.europesays.com\/fr\/wp-json\/wp\/v2\/tags?post=637955"}],"curies":[{"name":"wp","href":"https:\/\/api.w.org\/{rel}","templated":true}]}}