{"id":637957,"date":"2026-01-03T09:02:12","date_gmt":"2026-01-03T09:02:12","guid":{"rendered":"https:\/\/www.europesays.com\/fr\/637957\/"},"modified":"2026-01-03T09:02:12","modified_gmt":"2026-01-03T09:02:12","slug":"nice-un-feu-rouge-seme-la-zizanie-dans-ce-quartier-la-mairie-promet-dagir","status":"publish","type":"post","link":"https:\/\/www.europesays.com\/fr\/637957\/","title":{"rendered":"Nice. Un feu rouge s\u00e8me la zizanie dans ce quartier : la mairie promet d&rsquo;agir"},"content":{"rendered":"<p>                    Par<br \/>\n        <strong><br \/>\n            <a href=\"https:\/\/actu.fr\/auteur\/ugo-maillard\" title=\"Consulter tous les articles de Ugo Maillard\" target=\"_blank\" rel=\"noopener\">Ugo Maillard<\/a><br \/>\n                    <\/strong><\/p>\n<p>        Publi\u00e9 le<\/p>\n<p>            3 janv. 2026 \u00e0 8h06        <\/p>\n<p>C\u2019est un <strong>carrefour qui cristallise les tensions<\/strong>. Que ce soit le matin \u00e0 7h ou en d\u00e9but de soir\u00e9e, la circulation est particuli\u00e8rement difficile aux abords de la place Garibaldi de <a href=\"https:\/\/actu.fr\/nice\/\" target=\"_blank\" rel=\"noopener\">Nice<\/a> (<a href=\"https:\/\/actu.fr\/provence-alpes-cote-d-azur\/alpes-maritimes_06\" target=\"_blank\" rel=\"noopener\">Alpes-Maritimes<\/a>). Le croisement entre la rue Barla et le boulevard Risso semble illustrer cette probl\u00e9matique de congestion. Au c\u0153ur des critiques formul\u00e9es par les riverains, la r\u00e9gulation de la <strong>circulation<\/strong> par les feux rouges semble ne pas convenir.<\/p>\n<p class=\" wall-content\">En ce mardi midi, les probl\u00e9matiques apparaissent au grand jour. Des automobilistes, aux pi\u00e9tons, en passant par les commer\u00e7ants et habitants du quartier, les Ni\u00e7ois paraissent insatisfaits de la gestion actuelle.<\/p>\n<p>Quelles solutions apporter\u2009?<\/p>\n<p class=\" wall-content\">Aux abords de la <a href=\"https:\/\/actu.fr\/provence-alpes-cote-d-azur\/nice_06088\/nice-la-promenade-du-paillon-ouvre-enfin-tout-ce-que-l-on-sait-sur-cette-foret-urbaine_63307864.html\" target=\"_blank\" rel=\"noopener\">nouvelle promenade du Paillon<\/a>, les quelques passants pr\u00e9sents entre midi et deux partagent un avis quasiment unanime. \u00ab\u2009Pour les pi\u00e9tons, c\u2019est tr\u00e8s bien\u2009\u00bb. Force est de constater que les rev\u00eatements ainsi que les nombreux passages clout\u00e9s pr\u00e9sents sur le carrefour Risso-Barla sont suffisants pour assurer des d\u00e9placements pi\u00e9tons en toute tranquillit\u00e9.<\/p>\n<p>    <a href=\"https:\/\/www.google.com\/maps\/embed?pb=!1m16!1m12!1m3!1d721.0929734020974!2d7.280224777208693!3d43.702819931057746!2m3!1f0!2f0!3f0!3m2!1i1024!2i768!4f13.1!2m1!1srisso%20barla!5e0!3m2!1sfr!2sfr!4v1767098276599!5m2!1sfr!2sfr\" title=\"Ouvrie le lien\" target=\"_blank\" rel=\"noopener\">Cliquez ici pour visualiser le contenu<\/a><\/p>\n<p class=\" wall-content\">Pour un commer\u00e7ant pr\u00e9sent au croisement, les besoins d\u2019am\u00e9nagements sont r\u00e9els. \u00ab\u2009J\u2019ai bien conscience qu\u2019on est sur un point central de Nice, mais on a tout le temps des bouchons devant. C\u2019est p\u00e9nible pour nos clients\u2009\u00bb, souffle le restaurateur.<\/p>\n<p class=\" wall-content\">Pour Isabelle, habitante du quartier \u00ab\u2009depuis des ann\u00e9es\u2009\u00bb, l\u2019origine de ces embouteillages viendrait de la diff\u00e9rence de dur\u00e9e des feux rouges de Barla et de Risso. Un passage au vert qui serait tout simplement plus court lorsque l\u2019on vient du boulevard Risso. Dans une interview accord\u00e9e \u00e0 Nice-Matin, Ga\u00ebl Nofri confirme qu\u2019un d\u00e9lai plus important est accord\u00e9 dans ce sens.<\/p>\n<p>    <img   decoding=\"async\" loading=\"lazy\" src=\"https:\/\/www.europesays.com\/fr\/wp-content\/uploads\/2026\/01\/barla-risso-nice-960x640.png\" alt=\"Le secteur est source de tensions, notamment pour les automobilistes.\" width=\"960\" height=\"640\"\/><br \/>\n    Le secteur est source de tensions, notamment pour les automobilistes. (\u00a9Ugo Maillard \/ actu Nice)<\/p>\n<p>Votre r\u00e9gion, votre actu !<\/p>\n<p>Recevez chaque jour les infos qui comptent pour vous.<\/p>\n<p>\t<a href=\"https:\/\/actu.fr\/newsletter\" class=\"ac-btn ac-btn--corner ac-btn--medium ac-btn--blue800\" target=\"_blank\" rel=\"noopener\">S&rsquo;incrire<\/a><br \/>\nLe seul probl\u00e8me\u2009?<\/p>\n<p class=\" wall-content\">Les Ni\u00e7ois rencontr\u00e9s par la r\u00e9daction d\u2019actu Nice ce mardi ont, dans l\u2019immense majorit\u00e9, regrett\u00e9 les probl\u00e9matiques de circulation sur le carrefour qui \u00ab\u2009paralyse tout le secteur\u2009\u00bb, assure un jeune couple. Ils appellent de leurs v\u0153ux, \u00ab\u2009la cr\u00e9ation d\u2019une piste cyclable large pour r\u00e9duire le volume de trafic\u2009\u00bb. Un souhait port\u00e9 depuis des ann\u00e9es par l\u2019association Nice \u00e0 V\u00e9lo\u2009: \u00ab\u2009Pire encore, plusieurs am\u00e9nagements cyclables existants ont \u00e9t\u00e9 supprim\u00e9s pendant les travaux (NDLR\u2009: de la promenade du Paillon)\u2009: la piste cyclable unidirectionnelle du boulevard Risso a disparu et la bande cyclable de la traverse Barla a \u00e9t\u00e9 supprim\u00e9e\u2009\u00bb.<\/p>\n<p>    <img   decoding=\"async\" loading=\"lazy\" src=\"https:\/\/www.europesays.com\/fr\/wp-content\/uploads\/2026\/01\/promenade-paillon-lecteurs-960x640.png\" alt=\"Venu bouquiner, Christophe d\u00e9plore le bruit g\u00e9n\u00e9r\u00e9 par les axes routiers longeant la promenade du Paillon.\" width=\"960\" height=\"640\"\/><br \/>\n    Venu bouquiner, Christophe d\u00e9plore le bruit g\u00e9n\u00e9r\u00e9 par les axes routiers longeant la promenade du Paillon. (\u00a9Ugo Maillard \/ actu Nice)<\/p>\n<p class=\" wall-content\">Cette<a href=\"https:\/\/actu.fr\/provence-alpes-cote-d-azur\/nice_06088\/promenade-du-paillon-a-nice-ca-valait-le-coup-tous-ces-travaux-ce-que-pensent-les-nicois-de-l-extension_63337038.html\" target=\"_blank\" rel=\"noopener\"> critique sur le volume de v\u00e9hicules empruntant le boulevard Risso \u00e9tait d\u00e9j\u00e0 \u00e9mise<\/a> par des riverains pr\u00e9sents dans les all\u00e9es de la nouvelle promenade du Paillon. \u00ab\u2009C\u2019est tr\u00e8s bruyant avec les routes \u00e0 proximit\u00e9, je trouve \u00e7a dommage\u2009\u00bb, d\u00e9plorait en octobre\u00a02025, Christophe, un Ni\u00e7ois d\u2019une quarantaine d\u2019ann\u00e9es.<\/p>\n<p>La mairie compte r\u00e9gler le probl\u00e8me<\/p>\n<p class=\" wall-content\">En ce qui concerne la question du feu rouge, la mairie de Nice a souhait\u00e9 apporter une r\u00e9ponse par le biais de l\u2019adjoint au transport de Christian Estrosi.<\/p>\n<p class=\" wall-content\">\u00ab\u2009L\u2019axe Barla a toujours \u00e9t\u00e9 particuli\u00e8rement engorg\u00e9 et l\u2019arriv\u00e9e de la ligne 1 de tramway [au niveau de l\u2019avenue de la R\u00e9publique] l\u2019a assujetti au passage des rames. Juste quelques m\u00e8tres plus loin, on d\u00e9bouche sur l\u2019intersection avec Risso. La p\u00e9riode du chantier de r\u00e9novation du prolongement de la promenade du Paillon et de r\u00e9novation de la biblioth\u00e8que Louis-Nuc\u00e9ra ont eu un impact sur les feux\u2009\u00bb, explique Ga\u00ebl Nofri \u00e0 nos confr\u00e8res de <a href=\"https:\/\/www.nicematin.com\/societe\/urbanisme\/le-reglage-des-feux-va-etre-revu-la-metropole-va-revoir-le-fonctionnement-de-ce-carrefour-a-nice-10662483\" target=\"_blank\" rel=\"noopener\">Nice Matin<\/a>.<\/p>\n<p class=\" wall-content\">En raison de la fin des travaux, un <strong>nouveau calibrage<\/strong> des feux rouges va \u00eatre mis en place. La solution aux probl\u00e8mes de congestion du secteur\u2009? Verdict dans les prochaines semaines.<\/p>\n<p class=\" wall-content\">Personnalisez votre actualit\u00e9 en ajoutant vos villes et m\u00e9dias en favori avec <a href=\"https:\/\/moncompte.actu.fr\" title=\"D\u00e9couvez Mon Actu\" rel=\"nofollow noopener\" data-trk=\"{&quot;cta&quot;:{&quot;action&quot;:&quot;https:\\\/\\\/moncompte.actu.fr&quot;,&quot;category&quot;:&quot;mon compte&quot;,&quot;from&quot;:&quot;article footer&quot;,&quot;name&quot;:&quot;Mon actu&quot;,&quot;type&quot;:&quot;cta&quot;}}\" target=\"_blank\">Mon Actu<\/a>.<\/p>\n","protected":false},"excerpt":{"rendered":"Par Ugo Maillard Publi\u00e9 le 3 janv. 2026 \u00e0 8h06 C\u2019est un carrefour qui cristallise les tensions. Que&hellip;\n","protected":false},"author":2,"featured_media":637958,"comment_status":"","ping_status":"","sticky":false,"template":"","format":"standard","meta":{"footnotes":""},"categories":[2819],"tags":[1111,11,646,3542,1777,674,1011,27,12,2401,882,25,104],"class_list":{"0":"post-637957","1":"post","2":"type-post","3":"status-publish","4":"format-standard","5":"has-post-thumbnail","7":"category-nice","8":"tag-actu","9":"tag-actualites","10":"tag-automobile","11":"tag-circulation","12":"tag-eu","13":"tag-europe","14":"tag-fr","15":"tag-france","16":"tag-news","17":"tag-nice","18":"tag-provence-alpes-cote-dazur","19":"tag-republique-francaise","20":"tag-societe"},"share_on_mastodon":{"url":"https:\/\/pubeurope.com\/@fr\/115830361023964180","error":""},"_links":{"self":[{"href":"https:\/\/www.europesays.com\/fr\/wp-json\/wp\/v2\/posts\/637957","targetHints":{"allow":["GET"]}}],"collection":[{"href":"https:\/\/www.europesays.com\/fr\/wp-json\/wp\/v2\/posts"}],"about":[{"href":"https:\/\/www.europesays.com\/fr\/wp-json\/wp\/v2\/types\/post"}],"author":[{"embeddable":true,"href":"https:\/\/www.europesays.com\/fr\/wp-json\/wp\/v2\/users\/2"}],"replies":[{"embeddable":true,"href":"https:\/\/www.europesays.com\/fr\/wp-json\/wp\/v2\/comments?post=637957"}],"version-history":[{"count":0,"href":"https:\/\/www.europesays.com\/fr\/wp-json\/wp\/v2\/posts\/637957\/revisions"}],"wp:featuredmedia":[{"embeddable":true,"href":"https:\/\/www.europesays.com\/fr\/wp-json\/wp\/v2\/media\/637958"}],"wp:attachment":[{"href":"https:\/\/www.europesays.com\/fr\/wp-json\/wp\/v2\/media?parent=637957"}],"wp:term":[{"taxonomy":"category","embeddable":true,"href":"https:\/\/www.europesays.com\/fr\/wp-json\/wp\/v2\/categories?post=637957"},{"taxonomy":"post_tag","embeddable":true,"href":"https:\/\/www.europesays.com\/fr\/wp-json\/wp\/v2\/tags?post=637957"}],"curies":[{"name":"wp","href":"https:\/\/api.w.org\/{rel}","templated":true}]}}