{"id":637961,"date":"2026-01-03T09:05:18","date_gmt":"2026-01-03T09:05:18","guid":{"rendered":"https:\/\/www.europesays.com\/fr\/637961\/"},"modified":"2026-01-03T09:05:18","modified_gmt":"2026-01-03T09:05:18","slug":"fc-nantes-un-attaquant-va-partir","status":"publish","type":"post","link":"https:\/\/www.europesays.com\/fr\/637961\/","title":{"rendered":"FC Nantes : Un attaquant va partir"},"content":{"rendered":"<p>Yassine Benhattab pourrait quitter temporairement le FC Nantes lors du mercato hivernal.<\/p>\n<p>R\u00e9v\u00e9lation du National la saison pass\u00e9e avec Aubagne, l\u2019ailier de 23 ans a connu un d\u00e9but d\u2019exercice encourageant avant de voir son temps de jeu diminuer. Utilis\u00e9 \u00e0 dix reprises en Ligue 1, il suscite d\u00e9sormais l\u2019int\u00e9r\u00eat de Guingamp.<\/p>\n<p>Selon Foot Mercato, le club breton souhaite obtenir son pr\u00eat pour la seconde moiti\u00e9 de saison. Neuvi\u00e8me de Ligue 2, l\u2019En Avant Guingamp reste en course pour la mont\u00e9e et cherche \u00e0 renforcer son secteur offensif.<\/p>\n","protected":false},"excerpt":{"rendered":"Yassine Benhattab pourrait quitter temporairement le FC Nantes lors du mercato hivernal. R\u00e9v\u00e9lation du National la saison pass\u00e9e&hellip;\n","protected":false},"author":2,"featured_media":637962,"comment_status":"","ping_status":"","sticky":false,"template":"","format":"standard","meta":{"footnotes":""},"categories":[2818],"tags":[1111,11,1777,674,1011,27,766,12,2636,25],"class_list":{"0":"post-637961","1":"post","2":"type-post","3":"status-publish","4":"format-standard","5":"has-post-thumbnail","7":"category-nantes","8":"tag-actu","9":"tag-actualites","10":"tag-eu","11":"tag-europe","12":"tag-fr","13":"tag-france","14":"tag-nantes","15":"tag-news","16":"tag-pays-de-la-loire","17":"tag-republique-francaise"},"share_on_mastodon":{"url":"https:\/\/pubeurope.com\/@fr\/115830372654303480","error":""},"_links":{"self":[{"href":"https:\/\/www.europesays.com\/fr\/wp-json\/wp\/v2\/posts\/637961","targetHints":{"allow":["GET"]}}],"collection":[{"href":"https:\/\/www.europesays.com\/fr\/wp-json\/wp\/v2\/posts"}],"about":[{"href":"https:\/\/www.europesays.com\/fr\/wp-json\/wp\/v2\/types\/post"}],"author":[{"embeddable":true,"href":"https:\/\/www.europesays.com\/fr\/wp-json\/wp\/v2\/users\/2"}],"replies":[{"embeddable":true,"href":"https:\/\/www.europesays.com\/fr\/wp-json\/wp\/v2\/comments?post=637961"}],"version-history":[{"count":0,"href":"https:\/\/www.europesays.com\/fr\/wp-json\/wp\/v2\/posts\/637961\/revisions"}],"wp:featuredmedia":[{"embeddable":true,"href":"https:\/\/www.europesays.com\/fr\/wp-json\/wp\/v2\/media\/637962"}],"wp:attachment":[{"href":"https:\/\/www.europesays.com\/fr\/wp-json\/wp\/v2\/media?parent=637961"}],"wp:term":[{"taxonomy":"category","embeddable":true,"href":"https:\/\/www.europesays.com\/fr\/wp-json\/wp\/v2\/categories?post=637961"},{"taxonomy":"post_tag","embeddable":true,"href":"https:\/\/www.europesays.com\/fr\/wp-json\/wp\/v2\/tags?post=637961"}],"curies":[{"name":"wp","href":"https:\/\/api.w.org\/{rel}","templated":true}]}}