{"id":637965,"date":"2026-01-03T09:07:18","date_gmt":"2026-01-03T09:07:18","guid":{"rendered":"https:\/\/www.europesays.com\/fr\/637965\/"},"modified":"2026-01-03T09:07:18","modified_gmt":"2026-01-03T09:07:18","slug":"a-bordeaux-une-ia-orchestre-des-livraisons-plus-durables","status":"publish","type":"post","link":"https:\/\/www.europesays.com\/fr\/637965\/","title":{"rendered":"\u00c0 Bordeaux, une IA orchestre des livraisons plus durables"},"content":{"rendered":"<p>\t\tChiffres-cl\u00e9s<\/p>\n<ul>&#13;<\/p>\n<li><strong>37%<\/strong> <strong>des \u00e9missions de GES<\/strong>\u00a0des transports int\u00e9rieurs proviennent des poids lourds et v\u00e9hicules utilitaires l\u00e9gers. C\u2019est presque<strong> 4\u00a0fois plus que l\u2019a\u00e9rien.<\/strong> Source : <a href=\"https:\/\/www.lagazettedescommunes.com\/wp-content\/uploads\/2025\/12\/statistiques-sdes-datalab-143-bilan-transports-2024-novembre2025.pdf\" target=\"_blank\" rel=\"noopener\">Bilan annuel des\u00a0transports 2024, Sdes.<\/a><\/li>\n<p>&#13;\n<\/ul>\n<p>Recueillir des donn\u00e9es sur les aires de livraison et les arr\u00eat\u00e9s de circulation, puis les partager aux professionnels permet de mieux r\u00e9partir les flux logistiques. Les villes, les intercommunalit\u00e9s et les acteurs priv\u00e9s (transporteurs \u00e0 leur compte ou pour celui d\u2019autrui), peuvent ainsi travailler de concert. Plusieurs suites d\u2019outils num\u00e9riques sont d\u00e9velopp\u00e9es et test\u00e9es par des territoires pilotes, sous la houlette du Cerema, dans le cadre du programme CEE InTerLUD+.<\/p>\n<p>Qui n\u2019a jamais r\u00e2l\u00e9 contre une camionnette de livreur gar\u00e9e en double file ? L\u2019accroissement de la livraison de colis, engendr\u00e9e par la hausse du commerce en ligne, conjugu\u00e9e \u00e0 la pi\u00e9tonnisation des centres-villes conduit les collectivit\u00e9s \u00e0 repenser leur logistique urbaine sur un mod\u00e8le plus durable. Depuis plusieurs &#8230;<\/p>\n<p class=\"blocCut__title\">\n\t\t\t\t\t\t\t\t\t[90% reste \u00e0 lire]\n\t\t\t\t\t\t\t<\/p>\n<p class=\"blocCut__title--type2\">Article r\u00e9serv\u00e9 aux abonn\u00e9s<\/p>\n<p class=\"blocCut__title--type3\">Gazette des Communes, Club Techni.Cit\u00e9s<\/p>\n<p class=\"blocCut__title--type2\">VOUS N&rsquo;\u00eaTES PAS ABONN\u00e9 ?<\/p>\n<p class=\"blocCut__title--type4\">D\u00e9couvrez nos formules et acc\u00e9dez aux articles en illimit\u00e9<\/p>\n<p>\t\t\t\t\t\t\t\t<a href=\"https:\/\/www.abonnement.infopro-digital.com\/la-gazette-des-communes\/formule\/1111\/CTA-P\" target=\"_blank\" class=\"btn__full buttonTypeA buttonTypeA--1\" rel=\"noopener\">Je m\u2019abonne<\/a><\/p>\n<p>\t\tCet article est en relation avec les dossiers<\/p>\n","protected":false},"excerpt":{"rendered":"Chiffres-cl\u00e9s &#13; 37% des \u00e9missions de GES\u00a0des transports int\u00e9rieurs proviennent des poids lourds et v\u00e9hicules utilitaires l\u00e9gers. C\u2019est&hellip;\n","protected":false},"author":2,"featured_media":637966,"comment_status":"","ping_status":"","sticky":false,"template":"","format":"standard","meta":{"footnotes":""},"categories":[2817],"tags":[74514,1111,9247,9245,47,11,2349,1997,9244,74512,1777,674,1011,27,74513,16243,223,13341,12,2219,1306,25,9246],"class_list":{"0":"post-637965","1":"post","2":"type-post","3":"status-publish","4":"format-standard","5":"has-post-thumbnail","7":"category-bordeaux","8":"tag-abouchet","9":"tag-actu","10":"tag-actu-experts-technique","11":"tag-actu-technique","12":"tag-actualite","13":"tag-actualites","14":"tag-articles-reserves","15":"tag-bordeaux","16":"tag-club-technicites","17":"tag-dossiers-actualite","18":"tag-eu","19":"tag-europe","20":"tag-fr","21":"tag-france","22":"tag-innovation-recherche-et-developpement","23":"tag-innovations-et-territoires","24":"tag-intelligence-artificielle","25":"tag-mobilite-transports","26":"tag-news","27":"tag-nouvelle-aquitaine","28":"tag-regions","29":"tag-republique-francaise","30":"tag-toute-lactu-technique"},"share_on_mastodon":{"url":"https:\/\/pubeurope.com\/@fr\/115830380590333058","error":""},"_links":{"self":[{"href":"https:\/\/www.europesays.com\/fr\/wp-json\/wp\/v2\/posts\/637965","targetHints":{"allow":["GET"]}}],"collection":[{"href":"https:\/\/www.europesays.com\/fr\/wp-json\/wp\/v2\/posts"}],"about":[{"href":"https:\/\/www.europesays.com\/fr\/wp-json\/wp\/v2\/types\/post"}],"author":[{"embeddable":true,"href":"https:\/\/www.europesays.com\/fr\/wp-json\/wp\/v2\/users\/2"}],"replies":[{"embeddable":true,"href":"https:\/\/www.europesays.com\/fr\/wp-json\/wp\/v2\/comments?post=637965"}],"version-history":[{"count":0,"href":"https:\/\/www.europesays.com\/fr\/wp-json\/wp\/v2\/posts\/637965\/revisions"}],"wp:featuredmedia":[{"embeddable":true,"href":"https:\/\/www.europesays.com\/fr\/wp-json\/wp\/v2\/media\/637966"}],"wp:attachment":[{"href":"https:\/\/www.europesays.com\/fr\/wp-json\/wp\/v2\/media?parent=637965"}],"wp:term":[{"taxonomy":"category","embeddable":true,"href":"https:\/\/www.europesays.com\/fr\/wp-json\/wp\/v2\/categories?post=637965"},{"taxonomy":"post_tag","embeddable":true,"href":"https:\/\/www.europesays.com\/fr\/wp-json\/wp\/v2\/tags?post=637965"}],"curies":[{"name":"wp","href":"https:\/\/api.w.org\/{rel}","templated":true}]}}