{"id":637969,"date":"2026-01-03T09:09:17","date_gmt":"2026-01-03T09:09:17","guid":{"rendered":"https:\/\/www.europesays.com\/fr\/637969\/"},"modified":"2026-01-03T09:09:17","modified_gmt":"2026-01-03T09:09:17","slug":"direct-colere-des-agriculteurs-mobilisation-agricole-a-toulouse-ce-samedi-113-vaches-abattues-en-ariege","status":"publish","type":"post","link":"https:\/\/www.europesays.com\/fr\/637969\/","title":{"rendered":"DIRECT. Col\u00e8re des agriculteurs\u00a0: mobilisation agricole \u00e0 Toulouse ce samedi, 113 vaches abattues en Ari\u00e8ge"},"content":{"rendered":"<p>09h51.Les pr\u00e9fets du Tarn, du Tarn-et-Garonne et des Hautes-Pyr\u00e9n\u00e9es portent plainte<\/p>\n<p class=\"live-post__amorce\">Les pr\u00e9fets du Tarn, du Tarn-et-Garonne et des Hautes-Pyr\u00e9n\u00e9es vont d\u00e9poser plainte en raison de d\u00e9gradations occasionn\u00e9es par des agriculteurs mobilis\u00e9s contre la gestion de la crise de la dermatose nodulaire contagieuse (DNC). Des agriculteurs ont occup\u00e9 du 12 au 24 d\u00e9cembre la RN 88 \u00e0 Albi. A leur d\u00e9part, ils ont laiss\u00e9 sur les voies \u00ab\u00a0des volumes consid\u00e9rables de d\u00e9chets\u00a0\u00bb. Le pr\u00e9fet du Tarn-et-Garonne proteste contre les d\u00e9gradations \u00e0 l&rsquo;entr\u00e9e de Castelsarrasin. Dans les Hautes-Pyr\u00e9n\u00e9es, les services de l\u2019\u00c9tat ont d\u00e9pos\u00e9 plainte pour des d\u00e9gradations sur les grilles de la pr\u00e9fecture et pour entrave \u00e0 l\u2019acc\u00e8s des secours en cas d\u2019incendie.<\/p>\n<p>09h33.Nouveau cas de DNC en Ari\u00e8ge : 167 communes de l&rsquo;Aude int\u00e8grent une zone de protection<\/p>\n<p class=\"live-post__amorce\">Un nouveau cas de dermatose nodulaire a \u00e9t\u00e9 d\u00e9couvert \u00e0 L\u00e9ran en Ari\u00e8ge o\u00f9 l&rsquo;abattage d&rsquo;un troupeau de 113 vaches est en cours. Une nouvelle zone r\u00e9glement\u00e9e a \u00e9t\u00e9 mise en place par les autorit\u00e9s dans un rayon de 50 km autour du nouveau foyer. 167 communes int\u00e8grent la zone de protection, annonce la pr\u00e9fecture du d\u00e9partement voisin de l&rsquo;Aude. Les cons\u00e9quences sont la limitation des mouvements de bovins et la vaccination obligatoire et sans d\u00e9lai de tous les bovins. <\/p>\n<p>09h05.Le quotidien sous tension d&rsquo;une \u00e9leveuse<\/p>\n<p class=\"live-post__amorce\">Le contexte agricole est en pleine mutation. Christelle Grialou, agricultrice dans le Lot, s\u2019adapte en diversifiant ses activit\u00e9s. Elle se tourne vers la production de produits laitiers pour compenser la stagnation du prix du lait.  <a href=\"https:\/\/www.ladepeche.fr\/2026\/01\/03\/entre-prix-du-lait-en-berne-et-menace-de-la-dermatose-bovine-le-quotidien-sous-tension-dune-eleveuse-13141275.phphttps:\/\/www.ladepeche.fr\/2026\/01\/03\/entre-prix-du-lait-en-berne-et-menace-de-la-dermatose-bovine-le-quotidien-sous-tension-dune-eleveuse-13141275.php\" target=\"_blank\" rel=\"noopener noreferrer nofollow\" class=\"\">Cliquez ici<\/a>  pour lire notre reportage.<\/p>\n<p>08h52.Des annonces attendues dimanche du minist\u00e8re de l&rsquo;Agriculture\u00a0<\/p>\n<p class=\"live-post__amorce\">Depuis le d\u00e9but de l&rsquo;\u00e9pid\u00e9mie de DNC en Savoie cet \u00e9t\u00e9, l&rsquo;\u00c9tat tente de contenir la propagation du virus en se basant sur \u00ab\u00a0trois piliers\u00a0\u00bb : l&rsquo;abattage syst\u00e9matique, la vaccination &#8211; autour des foyers et g\u00e9n\u00e9ralis\u00e9e dans 10 d\u00e9partements du Sud-Ouest &#8211; et la restriction de mouvements au sein de zones r\u00e9glement\u00e9es. L&rsquo;entourage du Premier ministre S\u00e9bastien Lecornu indique que des mesures en faveur des agriculteurs seront prises en janvier. Les premi\u00e8res annonces du minist\u00e8re de l&rsquo;Agriculture interviendront dimanche.<\/p>\n<p>08h45.506 741 bovins vaccin\u00e9s<\/p>\n<p class=\"live-post__amorce\">Dans les dix d\u00e9partements du Sud-Ouest engag\u00e9s dans la campagne de vaccination, 506 741 bovins, soit 70,2 % du cheptel concern\u00e9, ont re\u00e7u une injection, selon un bilan du minist\u00e8re de l&rsquo;Agriculture, actualis\u00e9 au 2 janvier.<\/p>\n<p>08h38.Nouvelle mobilisation d&rsquo;agriculteurs en Haute-Garonne<\/p>\n<p class=\"live-post__amorce\">Une centaine d\u2019\u00e9leveurs de la Haute-Garonne se sont regroup\u00e9s vendredi au rond-point de la d\u00e9partementale 632 , \u00e0 l\u2019entr\u00e9e de Sainte-Foy-de-Peyroli\u00e8res. Foin, paille et bois ont \u00e9t\u00e9 d\u00e9vers\u00e9s sur la chauss\u00e9e et l&rsquo;axe est barr\u00e9 \u00e0 la circulation.  <a href=\"https:\/\/www.ladepeche.fr\/2026\/01\/02\/nous-sommes-en-colere-car-rien-ne-bouge-les-agriculteurs-sinstallent-a-un-rond-point-de-ce-village-pres-de-toulouse-13141170.php\" target=\"_blank\" rel=\"noopener noreferrer nofollow\" class=\"\">Cliquez ici<\/a>  pour lire notre article.<\/p>\n<p>        <img decoding=\"async\" class=\"std-img__img responsive-img\" src=\"https:\/\/www.europesays.com\/fr\/wp-content\/uploads\/2026\/01\/1767431357_610_image.png\" alt=\"Les agriculteurs sont mobilis\u00e9s \u00e0 Ste-Foy-de-Peyroli\u00e8res.\"\/><\/p>\n<p>                Les agriculteurs sont mobilis\u00e9s \u00e0 Ste-Foy-de-Peyroli\u00e8res.<br \/>\n                                    DDM<\/p>\n<p>08h35.Un troupeau de 113 vaches en cours d&rsquo;abattage en Ari\u00e8ge<\/p>\n<p class=\"live-post__amorce\">113 vaches sont en cours d&rsquo;abattage en Ari\u00e8ge o\u00f9 un nouveau cas de dermatose nodulaire contagieuse (DNC) a \u00e9t\u00e9 d\u00e9tect\u00e9. L&rsquo;abattage du troupeau a d\u00e9but\u00e9 vendredi sur la commune de L\u00e9ran. \u00ab\u00a0C&rsquo;est un troupeau qui \u00e9tait vaccin\u00e9 depuis une quinzaine de jours\u00a0\u00bb, indique Philippe Lacube, pr\u00e9sident de la chambre d&rsquo;agriculture de l&rsquo;Ari\u00e8ge. Le minis\u00e8re de l&rsquo;Agriculture pr\u00e9cise que ce troupeau \u00ab\u00a0avait \u00e9t\u00e9 vaccin\u00e9 le 18 d\u00e9cembre, et n&rsquo;avait donc pas encore atteint l&rsquo;immunit\u00e9 vaccinale\u00a0\u00bb, qui requiert 21 jours apr\u00e8s l&rsquo;injection. un premier foyer de DNC avait \u00e9t\u00e9 d\u00e9tect\u00e9 d\u00e9but d\u00e9cembre en Ari\u00e8ge.<\/p>\n<p>08h32.Que pr\u00e9voient les agriculteurs ce samedi \u00e0 Toulouse ?<\/p>\n<p class=\"live-post__amorce\">Des agriculteurs, qui d\u00e9noncent toujours la gestion de la dermatose nodulaire par le gouvernement, ont pr\u00e9vu de se mobiliser \u00e0 Toulouse, ce samedi 3 janvier. Ce d\u00e9fil\u00e9 pacifique va partir \u00e0 pied vers 10h du Palais de justice avec quelques tracteurs, direction la place du Capitole et la pr\u00e9fecture. Des croix symbolisant les animaux abattus seront brandies pendant la mobilisation. \u00ab\u00a0On veut aller au contact des Toulousains, expliquer ce que l\u2019on vit et pourquoi on se mobilise\u00a0\u00bb, r\u00e9sume Luc Mesbah, pr\u00e9sident de la FDSEA 31.<\/p>\n<p>08h30.Bienvenue dans notre direct<\/p>\n<p class=\"live-post__amorce\">Suivez la mobilisation des agriculteurs en direct sur  <a href=\"http:\/\/ladepeche.fr\" target=\"_blank\" rel=\"noopener noreferrer nofollow\" class=\"\">ladepeche.fr<\/a>  ce samedi 3 janvier 2026.<\/p>\n","protected":false},"excerpt":{"rendered":"09h51.Les pr\u00e9fets du Tarn, du Tarn-et-Garonne et des Hautes-Pyr\u00e9n\u00e9es portent plainte Les pr\u00e9fets du Tarn, du Tarn-et-Garonne et&hellip;\n","protected":false},"author":2,"featured_media":637970,"comment_status":"","ping_status":"","sticky":false,"template":"","format":"standard","meta":{"footnotes":""},"categories":[2816],"tags":[1111,11,327,70814,33,1777,674,1011,27,12,2680,25,2312],"class_list":{"0":"post-637969","1":"post","2":"type-post","3":"status-publish","4":"format-standard","5":"has-post-thumbnail","7":"category-toulouse","8":"tag-actu","9":"tag-actualites","10":"tag-agriculture","11":"tag-dermatose-nodulaire","12":"tag-economie","13":"tag-eu","14":"tag-europe","15":"tag-fr","16":"tag-france","17":"tag-news","18":"tag-occitanie","19":"tag-republique-francaise","20":"tag-toulouse"},"share_on_mastodon":{"url":"https:\/\/pubeurope.com\/@fr\/115830388393238597","error":""},"_links":{"self":[{"href":"https:\/\/www.europesays.com\/fr\/wp-json\/wp\/v2\/posts\/637969","targetHints":{"allow":["GET"]}}],"collection":[{"href":"https:\/\/www.europesays.com\/fr\/wp-json\/wp\/v2\/posts"}],"about":[{"href":"https:\/\/www.europesays.com\/fr\/wp-json\/wp\/v2\/types\/post"}],"author":[{"embeddable":true,"href":"https:\/\/www.europesays.com\/fr\/wp-json\/wp\/v2\/users\/2"}],"replies":[{"embeddable":true,"href":"https:\/\/www.europesays.com\/fr\/wp-json\/wp\/v2\/comments?post=637969"}],"version-history":[{"count":0,"href":"https:\/\/www.europesays.com\/fr\/wp-json\/wp\/v2\/posts\/637969\/revisions"}],"wp:featuredmedia":[{"embeddable":true,"href":"https:\/\/www.europesays.com\/fr\/wp-json\/wp\/v2\/media\/637970"}],"wp:attachment":[{"href":"https:\/\/www.europesays.com\/fr\/wp-json\/wp\/v2\/media?parent=637969"}],"wp:term":[{"taxonomy":"category","embeddable":true,"href":"https:\/\/www.europesays.com\/fr\/wp-json\/wp\/v2\/categories?post=637969"},{"taxonomy":"post_tag","embeddable":true,"href":"https:\/\/www.europesays.com\/fr\/wp-json\/wp\/v2\/tags?post=637969"}],"curies":[{"name":"wp","href":"https:\/\/api.w.org\/{rel}","templated":true}]}}