{"id":637971,"date":"2026-01-03T09:11:10","date_gmt":"2026-01-03T09:11:10","guid":{"rendered":"https:\/\/www.europesays.com\/fr\/637971\/"},"modified":"2026-01-03T09:11:10","modified_gmt":"2026-01-03T09:11:10","slug":"lille-previsions-meteo-du-samedi-03-janvier-2026","status":"publish","type":"post","link":"https:\/\/www.europesays.com\/fr\/637971\/","title":{"rendered":"Lille : pr\u00e9visions m\u00e9t\u00e9o du samedi 03 janvier 2026"},"content":{"rendered":"<p>\u00c0 Lille, la journ\u00e9e de samedi 3 janvier 2026 sera marqu\u00e9e par un temps froid avec alternance d\u2019\u00e9claircies et de nuages tr\u00e8s pr\u00e9sents. De faibles chutes de neige sont pr\u00e9vues en soir\u00e9e, accompagn\u00e9es d\u2019un vent soutenu.<\/p>\n<p>    Alerte en cours<\/p>\n<p>Le d\u00e9partement du Nord reste aujourd\u2019hui en <b>vigilance Jaune Neige \/ Verglas<\/b>. Le bulletin officiel signale des ph\u00e9nom\u00e8nes \u00ab habituellement observ\u00e9s mais localement dangereux \u00bb.<\/p>\n<p>Les conducteurs sont invit\u00e9s \u00e0 anticiper la pr\u00e9sence de chauss\u00e9es glissantes, en particulier en soir\u00e9e, lorsque la temp\u00e9rature redescendra autour de <b>1 \u00b0C<\/b> avec un ressenti de <b>\u20135 \u00b0C<\/b>.<\/p>\n<p>Suivez l\u2019\u00e9volution de la situation sur notre <a href=\"https:\/\/www.meteocity.com\/france\/alertes\" target=\"_blank\" rel=\"noopener\">page d\u00e9di\u00e9e aux alertes m\u00e9t\u00e9orologiques<\/a>.<\/p>\n<p>Matin : \u00e9claircies fra\u00eeches \u2013 lever \u00e0 08 h 48<\/p>\n<p>\u00c0 9 h, Lille se r\u00e9veille sous un ciel variable. Le thermom\u00e8tre affiche <b>1 \u00b0C<\/b>, mais le vent d\u2019ouest \u00e0 18 km\/h fait chuter le ressenti \u00e0 <b>\u20133 \u00b0C<\/b>.<\/p>\n<p>L\u2019humidit\u00e9 atteint 91 %, tandis que la pression, autour de 1006 hPa, traduit une atmosph\u00e8re l\u00e9g\u00e8rement instable.<\/p>\n<p>Bonne nouvelle : aucune pr\u00e9cipitation n\u2019est attendue ce matin. On peut donc profiter d\u2019une balade au Vieux-Lille sans craindre l\u2019averse.<\/p>\n<p>Apr\u00e8s-midi : grisaille tenace<\/p>\n<p>Vers 15 h, le ciel se couvre et devient tr\u00e8s nuageux. La temp\u00e9rature grimpe timidement \u00e0 <b>2 \u00b0C<\/b>, mais le ressenti reste fig\u00e9 \u00e0 <b>\u20133 \u00b0C<\/b> avec un vent d\u2019ouest-nord-ouest de 22 km\/h.<\/p>\n<p>Une br\u00e8ve ond\u00e9e de 0,2 mm pourrait survenir, m\u00eame si le risque reste faible (4 %). L\u2019humidit\u00e9 descend \u00e0 71 %, tandis que la pression remonte l\u00e9g\u00e8rement \u00e0 1008 hPa.<\/p>\n<p>Les rafales atteindront jusqu\u2019\u00e0 39 km\/h\u2009; elles restent mod\u00e9r\u00e9es, mais un bonnet sera utile pour prot\u00e9ger oreilles et visage.<\/p>\n<p>Soir : faibles flocons \u2013 coucher \u00e0 16 h 55<\/p>\n<p>\u00c0 21 h, de faibles chutes de neige sont attendues. On pr\u00e9voit 0,5 mm, suffisant pour blanchir les pelouses sans provoquer de v\u00e9ritable accumulation.<\/p>\n<p>Le mercure redescend \u00e0 <b>1 \u00b0C<\/b>, avec un ressenti glacial de <b>\u20135 \u00b0C<\/b>. Le vent d\u2019ouest souffle autour de 21 km\/h, et les rafales d\u00e9passent ponctuellement <b>40 km\/h<\/b>.<\/p>\n<p>La prudence s\u2019impose sur les trottoirs verglac\u00e9s en fin de soir\u00e9e, notamment lors des d\u00e9placements vers les gares et stations de m\u00e9tro.<\/p>\n<p>Tendance g\u00e9n\u00e9rale pour le lendemain<\/p>\n<p>La nuit suivante s\u2019annonce claire\u2009; la temp\u00e9rature atteindra <b>\u20131 \u00b0C<\/b> pour un ressenti de <b>\u20136 \u00b0C<\/b>. La pression gagnera quelques hectopascals (\u2248 1014), signe d\u2019un temps plus stable.<\/p>\n<p>Le 4 janvier, le soleil devrait dominer, avec une temp\u00e9rature maximale pr\u00e9vue de <b>2 \u00b0C<\/b>. Aucune pluie n\u2019est attendue, et le vent faiblira l\u00e9g\u00e8rement, restant sous la barre des 20 km\/h.<\/p>\n<p>\u00c0 la recherche d\u2019id\u00e9es de sorties au sec\u2009? Pour plus de d\u00e9tails, consultez <a href=\"https:\/\/www.meteocity.com\/france\/lille-v2998324\/tourisme\" target=\"_blank\" rel=\"noopener\">notre page tourisme<\/a>.<\/p>\n<ul>\n<li><b>Temp\u00e9rature mini : \u20131 \u00b0C<\/b> \u2013 ressentie \u20135 \u00b0C.<\/li>\n<li><b>Temp\u00e9rature maxi : 2 \u00b0C<\/b> \u2013 ressentie \u20133 \u00b0C.<\/li>\n<li>Pr\u00e9cipitations totales estim\u00e9es : 0,8 mm.<\/li>\n<li>Vent moyen : 22 km\/h d\u2019ouest, rafales jusqu\u2019\u00e0 41 km\/h.<\/li>\n<\/ul>\n<p>En r\u00e9sum\u00e9, une journ\u00e9e d\u2019hiver classique : grisaille, froid mordant, quelques flocons en soir\u00e9e. Restons vigilants sur la route et profitons des \u00e9claircies matinales avant le retour de conditions plus lumineuses demain.<\/p>\n","protected":false},"excerpt":{"rendered":"\u00c0 Lille, la journ\u00e9e de samedi 3 janvier 2026 sera marqu\u00e9e par un temps froid avec alternance d\u2019\u00e9claircies&hellip;\n","protected":false},"author":2,"featured_media":637972,"comment_status":"","ping_status":"","sticky":false,"template":"","format":"standard","meta":{"footnotes":""},"categories":[2815],"tags":[1111,11,1777,674,1011,27,811,1307,12,25],"class_list":{"0":"post-637971","1":"post","2":"type-post","3":"status-publish","4":"format-standard","5":"has-post-thumbnail","7":"category-lille","8":"tag-actu","9":"tag-actualites","10":"tag-eu","11":"tag-europe","12":"tag-fr","13":"tag-france","14":"tag-hauts-de-france","15":"tag-lille","16":"tag-news","17":"tag-republique-francaise"},"share_on_mastodon":{"url":"https:\/\/pubeurope.com\/@fr\/115830396279178461","error":""},"_links":{"self":[{"href":"https:\/\/www.europesays.com\/fr\/wp-json\/wp\/v2\/posts\/637971","targetHints":{"allow":["GET"]}}],"collection":[{"href":"https:\/\/www.europesays.com\/fr\/wp-json\/wp\/v2\/posts"}],"about":[{"href":"https:\/\/www.europesays.com\/fr\/wp-json\/wp\/v2\/types\/post"}],"author":[{"embeddable":true,"href":"https:\/\/www.europesays.com\/fr\/wp-json\/wp\/v2\/users\/2"}],"replies":[{"embeddable":true,"href":"https:\/\/www.europesays.com\/fr\/wp-json\/wp\/v2\/comments?post=637971"}],"version-history":[{"count":0,"href":"https:\/\/www.europesays.com\/fr\/wp-json\/wp\/v2\/posts\/637971\/revisions"}],"wp:featuredmedia":[{"embeddable":true,"href":"https:\/\/www.europesays.com\/fr\/wp-json\/wp\/v2\/media\/637972"}],"wp:attachment":[{"href":"https:\/\/www.europesays.com\/fr\/wp-json\/wp\/v2\/media?parent=637971"}],"wp:term":[{"taxonomy":"category","embeddable":true,"href":"https:\/\/www.europesays.com\/fr\/wp-json\/wp\/v2\/categories?post=637971"},{"taxonomy":"post_tag","embeddable":true,"href":"https:\/\/www.europesays.com\/fr\/wp-json\/wp\/v2\/tags?post=637971"}],"curies":[{"name":"wp","href":"https:\/\/api.w.org\/{rel}","templated":true}]}}