{"id":637973,"date":"2026-01-03T09:12:17","date_gmt":"2026-01-03T09:12:17","guid":{"rendered":"https:\/\/www.europesays.com\/fr\/637973\/"},"modified":"2026-01-03T09:12:17","modified_gmt":"2026-01-03T09:12:17","slug":"90-000-habitants-en-25-ans-ecart-creuse-avec-lyon-ce-que-disent-les-chiffres-de-linsee","status":"publish","type":"post","link":"https:\/\/www.europesays.com\/fr\/637973\/","title":{"rendered":"90 000 habitants en 25 ans, \u00e9cart creus\u00e9 avec Lyon&#8230; ce que disent les chiffres de l&rsquo;Insee"},"content":{"rendered":"<p>Marseille serait-elle repartie pour de bon en avant\u00a0? La derni\u00e8re livraison annuelle de l\u2019Insee sur les populations de r\u00e9f\u00e9rence au 1er janvier 2023 &#8211; les chiffres sont toujours certifi\u00e9s avec trois ans de d\u00e9calage &#8211; entrant en vigueur en ce d\u00e9but d\u2019ann\u00e9e 2026, laisse augurer d\u2019un dynamisme retrouv\u00e9. Car m\u00eame s\u2019il reste \u00e0 confirmer, le rythme d\u2019augmentation de la population de la deuxi\u00e8me ville de France s\u2019acc\u00e9l\u00e8re l\u00e9g\u00e8rement. Il \u00e9tait de <a href=\"https:\/\/www.laprovence.com\/article\/region\/2808691718848514\/avec-877-000-habitants-marseille-grossit-mais-tres-lentement-selon-les-chiffres-de-linsee\" target=\"_blank\" rel=\"noopener\">+\u00a00,28\u00a0% par an entre\u00a02016 et\u00a02022<\/a>. Il est d\u00e9sormais de +\u00a00,44\u00a0% par an sur la p\u00e9riode 2017-2023. Soit quasiment deux fois plus qu\u2019entre\u00a02012 et\u00a02017 (+\u00a00,25\u00a0% par an).<\/p>\n<p>Un solde migratoire enfin \u00e0 l\u2019\u00e9quilibre<\/p>\n<p>Comment expliquer ce changement de braquet\u00a0? Ces derni\u00e8res ann\u00e9es, la hausse de la population marseillaise \u00e9tait pouss\u00e9e par le solde naturel (la diff\u00e9rence entre les naissances et les d\u00e9c\u00e8s), \u00e9valu\u00e9e \u00e0 +\u00a00,5% par an, alors que <a href=\"https:\/\/www.laprovence.com\/article\/edition-marseille\/6615284\/le-lent-rebond-demographique.html\" target=\"_blank\" rel=\"noopener\">le solde migratoire, la diff\u00e9rence entre les arriv\u00e9es et les d\u00e9parts, \u00e9tait n\u00e9gatif<\/a>, \u00e0 &#8211; 0,2% par an. Marseille semble avoir r\u00e9ussi \u00e0 inverser la tendance. Les derni\u00e8res statistiques ne disent pas si la fuite de ses habitants a \u00e9t\u00e9 stopp\u00e9e ou bien si leur d\u00e9part est compens\u00e9 par de nouveaux arrivants. Mais le r\u00e9sultat es&#8230;<\/p>\n","protected":false},"excerpt":{"rendered":"Marseille serait-elle repartie pour de bon en avant\u00a0? La derni\u00e8re livraison annuelle de l\u2019Insee sur les populations de&hellip;\n","protected":false},"author":2,"featured_media":637974,"comment_status":"","ping_status":"","sticky":false,"template":"","format":"standard","meta":{"footnotes":""},"categories":[2814],"tags":[5734,1111,11,3396,6969,1777,674,1011,27,884,12,4072,316,940,882,74515,25,3711],"class_list":{"0":"post-637973","1":"post","2":"type-post","3":"status-publish","4":"format-standard","5":"has-post-thumbnail","7":"category-marseille","8":"tag-5734","9":"tag-actu","10":"tag-actualites","11":"tag-avec","12":"tag-demographie","13":"tag-eu","14":"tag-europe","15":"tag-fr","16":"tag-france","17":"tag-marseille","18":"tag-news","19":"tag-niveau","20":"tag-politique","21":"tag-population","22":"tag-provence-alpes-cote-dazur","23":"tag-renoue","24":"tag-republique-francaise","25":"tag-son"},"share_on_mastodon":{"url":"https:\/\/pubeurope.com\/@fr\/115830400251254485","error":""},"_links":{"self":[{"href":"https:\/\/www.europesays.com\/fr\/wp-json\/wp\/v2\/posts\/637973","targetHints":{"allow":["GET"]}}],"collection":[{"href":"https:\/\/www.europesays.com\/fr\/wp-json\/wp\/v2\/posts"}],"about":[{"href":"https:\/\/www.europesays.com\/fr\/wp-json\/wp\/v2\/types\/post"}],"author":[{"embeddable":true,"href":"https:\/\/www.europesays.com\/fr\/wp-json\/wp\/v2\/users\/2"}],"replies":[{"embeddable":true,"href":"https:\/\/www.europesays.com\/fr\/wp-json\/wp\/v2\/comments?post=637973"}],"version-history":[{"count":0,"href":"https:\/\/www.europesays.com\/fr\/wp-json\/wp\/v2\/posts\/637973\/revisions"}],"wp:featuredmedia":[{"embeddable":true,"href":"https:\/\/www.europesays.com\/fr\/wp-json\/wp\/v2\/media\/637974"}],"wp:attachment":[{"href":"https:\/\/www.europesays.com\/fr\/wp-json\/wp\/v2\/media?parent=637973"}],"wp:term":[{"taxonomy":"category","embeddable":true,"href":"https:\/\/www.europesays.com\/fr\/wp-json\/wp\/v2\/categories?post=637973"},{"taxonomy":"post_tag","embeddable":true,"href":"https:\/\/www.europesays.com\/fr\/wp-json\/wp\/v2\/tags?post=637973"}],"curies":[{"name":"wp","href":"https:\/\/api.w.org\/{rel}","templated":true}]}}