{"id":637975,"date":"2026-01-03T09:13:15","date_gmt":"2026-01-03T09:13:15","guid":{"rendered":"https:\/\/www.europesays.com\/fr\/637975\/"},"modified":"2026-01-03T09:13:15","modified_gmt":"2026-01-03T09:13:15","slug":"de-lhumour-proche-de-la-mer-a-marseille-ou-en-altitude-aux-pieds-des-pistes-a-risoul","status":"publish","type":"post","link":"https:\/\/www.europesays.com\/fr\/637975\/","title":{"rendered":"De l&rsquo;humour proche de la mer \u00e0 Marseille ou en altitude aux pieds des pistes \u00e0 Risoul"},"content":{"rendered":"<p>A Marseille, l&rsquo;Archange Th\u00e9\u00e2tre pr\u00e9sente sa nouvelle com\u00e9die \u00ab\u00a0Pourvu qu&rsquo;il soit heureux\u00a0\u00bb, pendant que Risoul accueille son festival Le Dr\u00f4le d&rsquo;Hiver. Les coups de coeur d&rsquo;Herv\u00e9 Godard.<\/p>\n<p> <img decoding=\"async\" src=\"https:\/\/www.europesays.com\/fr\/wp-content\/uploads\/2026\/01\/1767431591_291_1280.jpeg\" alt=\"illustration agrandir l'image\" style=\"--_image-preview:url('data:image\/jpeg;base64,\/9j\/2wBDACgcHiMeGSgjISMtKygwPGRBPDc3PHtYXUlkkYCZlo+AjIqgtObDoKrarYqMyP\/L2u71\/\/\/\/m8H\/\/\/\/6\/+b9\/\/j\/2wBDASstLTw1PHZBQXb4pYyl+Pj4+Pj4+Pj4+Pj4+Pj4+Pj4+Pj4+Pj4+Pj4+Pj4+Pj4+Pj4+Pj4+Pj4+Pj4+Pj4+Pj\/wAARCAAZACoDASIAAhEBAxEB\/8QAGAAAAwEBAAAAAAAAAAAAAAAAAAIDAQX\/xAAXEAEBAQEAAAAAAAAAAAAAAAAAAQIR\/8QAFgEBAQEAAAAAAAAAAAAAAAAAAQAC\/8QAFBEBAAAAAAAAAAAAAAAAAAAAAP\/aAAwDAQACEQMRAD8A5mVc1KKZrLS0repyt6E20otKilDQsNCDyt6WNSAADT\/\/2Q==');\" loading=\"lazy\" fetchpriority=\"low\" class=\"svelte-1cksh76 rounded\" onload=\"this.__e=event\" onerror=\"this.__e=event\"\/> L&rsquo;humoriste Antek \u00e0 l&rsquo;affiche le 8 janvier 2026 \u00a9 Aucun(e) &#8211; Festival Le Dr\u00f4le d&rsquo;Hiver  <\/p>\n<p><strong>LE DROLE D&rsquo;HIVER A RISOUL<\/strong><\/p>\n<p>L&rsquo;humour prend de l&rsquo;altitude avec le festival gratuit <strong>Le dr\u00f4le d&rsquo;Hiver<\/strong>, un \u00e9v\u00e9nement ICI Provence qui se d\u00e9roule \u00e0 la station de Risoul. Au programme\u00a0: pr\u00e8s de trente humoristes programm\u00e9s les mardis et jeudis jusqu&rsquo;au 26 mars 2026. Une proposition des <strong>Vacances L\u00e9o Lagrange<\/strong>.<\/p>\n<p>Parmi les prochains artistes invit\u00e9s\u00a0: l&rsquo;hypnotiseur de sc\u00e8ne\u00a0<strong>Xavier Clausse<\/strong>\u00a0(mardi 6),\u00a0<strong>Antek<\/strong>\u00a0dans\u00a0S\u00e9rotonine\u00a0(jeudi 8), l&rsquo;imitateur\u00a0<strong>Thierry Garcia<\/strong>\u00a0(mardi 13) et\u00a0<strong>Bouba<\/strong>\u00a0dans\u00a0Neuf moi(s)\u00a0(jeudi 15 janvier 2026).<\/p>\n<p> <img decoding=\"async\" src=\"https:\/\/www.europesays.com\/fr\/wp-content\/uploads\/2026\/01\/1767431592_73_1280.jpeg\" alt=\"illustration agrandir l'image\" style=\"--_image-preview:url('data:image\/jpeg;base64,\/9j\/2wBDACgcHiMeGSgjISMtKygwPGRBPDc3PHtYXUlkkYCZlo+AjIqgtObDoKrarYqMyP\/L2u71\/\/\/\/m8H\/\/\/\/6\/+b9\/\/j\/2wBDASstLTw1PHZBQXb4pYyl+Pj4+Pj4+Pj4+Pj4+Pj4+Pj4+Pj4+Pj4+Pj4+Pj4+Pj4+Pj4+Pj4+Pj4+Pj4+Pj4+Pj\/wAARCAASACoDASIAAhEBAxEB\/8QAFwABAQEBAAAAAAAAAAAAAAAAAAEDBP\/EABcQAQEBAQAAAAAAAAAAAAAAAAASAQL\/xAAWAQEBAQAAAAAAAAAAAAAAAAACAQD\/xAAVEQEBAAAAAAAAAAAAAAAAAAAAEf\/aAAwDAQACEQMRAD8Azgh07wkHRjnhYbwsNWjCCHRBC1I11AAzFBGUAkf\/2Q==');\" loading=\"lazy\" fetchpriority=\"low\" class=\"svelte-1cksh76 rounded\" onload=\"this.__e=event\" onerror=\"this.__e=event\"\/> L&rsquo;h\u00f4tel-club \u00ab\u00a0Le 1850\u00a0\u00bb \u00a9 Aucun(e) &#8211; Festival Le Dr\u00f4le d&rsquo;Hiver  <\/p>\n<p>\u201cL\u2019an dernier, on a cr\u00e9\u00e9 une parenth\u00e8se chaleureuse au coeur de la montagne avec des rires, des rencontres, des \u00e9motions simples et vraies. R\u00e9sultat\u00a0? Un public conquis, des artistes touch\u00e9s, et une certitude\u00a0: l\u2019hiver peut rassembler autant qu\u2019il \u00e9merveille. Alors on repart, plus ambitieux, plus g\u00e9n\u00e9reux. Deux spectacles par semaine, gratuits et ouverts \u00e0 tous. Des artistes qui ne se contentent pas de jouer. Ils vivent avec les vacanciers, partagent leur quotidien, s\u2019invitent dans l\u2019instant. Ici, la culture n\u2019est pas un d\u00e9cor. Elle se vit, elle se partage, elle r\u00e9chauffe. On casse les distances, on rit ensemble, on cr\u00e9e du lien et c\u2019est \u00e7a, notre vraie signature\u201d, explique Alexandre Thibault, directeur artistique aux Vacances L\u00e9o Lagrange.<\/p>\n<p><strong>Festival<\/strong>\u00a0<a target=\"_blank\" rel=\"nofollow noopener noreferrer\" class=\"IciLink ici-link IciArticleLink g-ici-body-regular-1 underline brand svelte-1chfe2s\" href=\"https:\/\/www.vacancesleolagrange.com\/actualites\/le-drole-dhiver-a-risoul-2025-2026\/\"><strong>Le Dr\u00f4le d&rsquo;Hiver<\/strong><\/a>\u00a0<strong>: les mardis et jeudis, jusqu&rsquo;au 26 mars 2026, \u00e0 l&rsquo;H\u00f4tel Club \u00ab\u00a0Le 1850\u00a0\u00bb dans la station de Risoul.\u00a0Entr\u00e9e libre sur r\u00e9servation \u00e0 l&rsquo;office de Tourisme de Risoul.<\/strong><\/p>\n<p>&#8212;&#8212;&#8212;&#8212;&#8212;&#8212;&#8212;&#8212;<\/p>\n<p><strong>UNE COMEDIE DE RUQUIER A L&rsquo;ARCHANGE THEATRE<\/strong><\/p>\n<p> <img decoding=\"async\" src=\"https:\/\/www.europesays.com\/fr\/wp-content\/uploads\/2026\/01\/1767431593_626_1280.jpeg\" alt=\"illustration agrandir l'image\" style=\"--_image-preview:url('data:image\/jpeg;base64,\/9j\/2wBDACgcHiMeGSgjISMtKygwPGRBPDc3PHtYXUlkkYCZlo+AjIqgtObDoKrarYqMyP\/L2u71\/\/\/\/m8H\/\/\/\/6\/+b9\/\/j\/2wBDASstLTw1PHZBQXb4pYyl+Pj4+Pj4+Pj4+Pj4+Pj4+Pj4+Pj4+Pj4+Pj4+Pj4+Pj4+Pj4+Pj4+Pj4+Pj4+Pj4+Pj\/wAARCAAqABcDASIAAhEBAxEB\/8QAFwAAAwEAAAAAAAAAAAAAAAAAAAECA\/\/EABgQAQADAQAAAAAAAAAAAAAAAAABAhES\/8QAFgEBAQEAAAAAAAAAAAAAAAAAAgAB\/8QAFhEBAQEAAAAAAAAAAAAAAAAAAAER\/9oADAMBAAIRAxEAPwBzCLVaamTBhaoXYCR9DplFj6bapFzIRoEsZnoJI9CQxr\/\/2Q==');\" loading=\"lazy\" fetchpriority=\"low\" class=\"svelte-1cksh76 rounded\" onload=\"this.__e=event\" onerror=\"this.__e=event\"\/> Une r\u00e9v\u00e9lation inattendue bouleverse l&rsquo;\u00e9quilibre d&rsquo;une famille \u00a9 Aucun(e) &#8211; AZrchange Th\u00e9\u00e2tre \u00e0 Marseille  <\/p>\n<p>De son c\u00f4t\u00e9, l&rsquo;Archange-Th\u00e9\u00e2tre, dans le quartier Saint-Giniez, \u00e0 deux pas des plages du Prado \u00e0 Marseille, pr\u00e9sente actuellement sa nouvelle com\u00e9die <strong>Pourvu qu&rsquo;il soit heureux<\/strong> de Laurent Ruquier. De quoi bien finir les vacances de No\u00ebl.<\/p>\n<p>\u00ab\u00a0Cette\u00a0com\u00e9die nous rassemble,\u00a0nous interroge , nous\u00a0\u00e9meut et nous fait rire. Elle\u00a0traite d\u2019un sujet encore sensible en France, l\u2019homosexualit\u00e9. Elle propose trois points de vue diff\u00e9rents\u00a0: ceux du p\u00e8re, de la m\u00e8re et du fils. Chaque spectateur peut s\u2019identifier \u00e0 l&rsquo;une des trois personnalit\u00e9s. Racont\u00e9e avec une r\u00e9elle l\u00e9g\u00e8ret\u00e9, c\u2019est une pi\u00e8ce qui fait \u00e0 la fois rire et r\u00e9fl\u00e9chir sur un sujet encore peu abord\u00e9 au th\u00e9\u00e2tre\u00a0\u00bb, explique\u00a0<strong>Christophe Pecoraro<\/strong>, directeur de l&rsquo;Archange Th\u00e9\u00e2tre qui joue le r\u00f4le du p\u00e8re.<\/p>\n<p><strong>Pourvu qu&rsquo;il soit heureux de Laurent Ruquier\u00a0: samedi 3 janvier \u00e0 19h, puis les samedi 10, 17, 24 et 31 janvier 2026 \u00e0 19h, \u00e0<\/strong>\u00a0<a target=\"_blank\" rel=\"nofollow noopener noreferrer\" class=\"IciLink ici-link IciArticleLink g-ici-body-regular-1 underline brand svelte-1chfe2s\" href=\"https:\/\/www.archangetheatre.com\"><strong>l&rsquo;Archange Th\u00e9\u00e2tre<\/strong><\/a>\u00a0<strong>\u00e0 Marseille.<\/strong><\/p>\n<p>\u00c0 lire aussi   <img decoding=\"async\" src=\"https:\/\/www.europesays.com\/fr\/wp-content\/uploads\/2026\/01\/1767431594_125_400x400.jpeg\" alt=\"\" style=\"--_image-preview:url('data:image\/jpeg;base64,\/9j\/2wBDACgcHiMeGSgjISMtKygwPGRBPDc3PHtYXUlkkYCZlo+AjIqgtObDoKrarYqMyP\/L2u71\/\/\/\/m8H\/\/\/\/6\/+b9\/\/j\/2wBDASstLTw1PHZBQXb4pYyl+Pj4+Pj4+Pj4+Pj4+Pj4+Pj4+Pj4+Pj4+Pj4+Pj4+Pj4+Pj4+Pj4+Pj4+Pj4+Pj4+Pj\/wAARCAAXACoDASIAAhEBAxEB\/8QAGAABAQEBAQAAAAAAAAAAAAAAAAIBAwX\/xAAWEAEBAQAAAAAAAAAAAAAAAAAAARH\/xAAVAQEBAAAAAAAAAAAAAAAAAAABAP\/EABQRAQAAAAAAAAAAAAAAAAAAAAD\/2gAMAwEAAhEDEQA\/APKisZFJIsTY6VFhSBWGILigRZWUCGYYBD\/\/2Q==');\" loading=\"lazy\" fetchpriority=\"low\" aria-hidden=\"true\" class=\"svelte-1cksh76 rounded\" onload=\"this.__e=event\" onerror=\"this.__e=event\"\/>\u00c0 lire aussi   <img decoding=\"async\" src=\"https:\/\/www.europesays.com\/fr\/wp-content\/uploads\/2026\/01\/1767431595_375_400x400.jpeg\" alt=\"\" style=\"--_image-preview:url('data:image\/jpeg;base64,\/9j\/2wBDACgcHiMeGSgjISMtKygwPGRBPDc3PHtYXUlkkYCZlo+AjIqgtObDoKrarYqMyP\/L2u71\/\/\/\/m8H\/\/\/\/6\/+b9\/\/j\/2wBDASstLTw1PHZBQXb4pYyl+Pj4+Pj4+Pj4+Pj4+Pj4+Pj4+Pj4+Pj4+Pj4+Pj4+Pj4+Pj4+Pj4+Pj4+Pj4+Pj4+Pj\/wAARCAAXACoDASIAAhEBAxEB\/8QAFwABAQEBAAAAAAAAAAAAAAAAAAIDAf\/EABgQAQADAQAAAAAAAAAAAAAAAAABERIC\/8QAFQEBAQAAAAAAAAAAAAAAAAAAAQL\/xAAUEQEAAAAAAAAAAAAAAAAAAAAA\/9oADAMBAAIRAxEAPwCtGmGzakttOT0y0aClzKU6LBYR0qOgUl2ywBLdsAX\/2Q==');\" loading=\"lazy\" fetchpriority=\"low\" aria-hidden=\"true\" class=\"svelte-1cksh76 rounded\" onload=\"this.__e=event\" onerror=\"this.__e=event\"\/><\/p>\n","protected":false},"excerpt":{"rendered":"A Marseille, l&rsquo;Archange Th\u00e9\u00e2tre pr\u00e9sente sa nouvelle com\u00e9die \u00ab\u00a0Pourvu qu&rsquo;il soit heureux\u00a0\u00bb, pendant que Risoul accueille son festival&hellip;\n","protected":false},"author":2,"featured_media":637976,"comment_status":"","ping_status":"","sticky":false,"template":"","format":"standard","meta":{"footnotes":""},"categories":[2814],"tags":[1111,11,1777,674,1011,27,884,12,882,25],"class_list":{"0":"post-637975","1":"post","2":"type-post","3":"status-publish","4":"format-standard","5":"has-post-thumbnail","7":"category-marseille","8":"tag-actu","9":"tag-actualites","10":"tag-eu","11":"tag-europe","12":"tag-fr","13":"tag-france","14":"tag-marseille","15":"tag-news","16":"tag-provence-alpes-cote-dazur","17":"tag-republique-francaise"},"share_on_mastodon":{"url":"https:\/\/pubeurope.com\/@fr\/115830404325678812","error":""},"_links":{"self":[{"href":"https:\/\/www.europesays.com\/fr\/wp-json\/wp\/v2\/posts\/637975","targetHints":{"allow":["GET"]}}],"collection":[{"href":"https:\/\/www.europesays.com\/fr\/wp-json\/wp\/v2\/posts"}],"about":[{"href":"https:\/\/www.europesays.com\/fr\/wp-json\/wp\/v2\/types\/post"}],"author":[{"embeddable":true,"href":"https:\/\/www.europesays.com\/fr\/wp-json\/wp\/v2\/users\/2"}],"replies":[{"embeddable":true,"href":"https:\/\/www.europesays.com\/fr\/wp-json\/wp\/v2\/comments?post=637975"}],"version-history":[{"count":0,"href":"https:\/\/www.europesays.com\/fr\/wp-json\/wp\/v2\/posts\/637975\/revisions"}],"wp:featuredmedia":[{"embeddable":true,"href":"https:\/\/www.europesays.com\/fr\/wp-json\/wp\/v2\/media\/637976"}],"wp:attachment":[{"href":"https:\/\/www.europesays.com\/fr\/wp-json\/wp\/v2\/media?parent=637975"}],"wp:term":[{"taxonomy":"category","embeddable":true,"href":"https:\/\/www.europesays.com\/fr\/wp-json\/wp\/v2\/categories?post=637975"},{"taxonomy":"post_tag","embeddable":true,"href":"https:\/\/www.europesays.com\/fr\/wp-json\/wp\/v2\/tags?post=637975"}],"curies":[{"name":"wp","href":"https:\/\/api.w.org\/{rel}","templated":true}]}}