{"id":637977,"date":"2026-01-03T09:14:09","date_gmt":"2026-01-03T09:14:09","guid":{"rendered":"https:\/\/www.europesays.com\/fr\/637977\/"},"modified":"2026-01-03T09:14:09","modified_gmt":"2026-01-03T09:14:09","slug":"blocage-du-peripherique-nord-de-lyon-lors-dun-mariage-six-condamnations","status":"publish","type":"post","link":"https:\/\/www.europesays.com\/fr\/637977\/","title":{"rendered":"Blocage du p\u00e9riph\u00e9rique nord de Lyon lors d\u2019un mariage : six condamnations"},"content":{"rendered":"<p itemprop=\"description\"><strong>L\u2019\u00e9pisode avait marqu\u00e9 les automobilistes.<\/strong><\/p>\n<p>Le 21 juin 2024, en soir\u00e9e, la circulation avait \u00e9t\u00e9 brutalement interrompue sur le boulevard p\u00e9riph\u00e9rique nord de Lyon (BPNL) \u00e0 la suite d\u2019un cort\u00e8ge de mariage devenu incontr\u00f4lable.\u00a0Pr\u00e8s d\u2019un an et demi apr\u00e8s les faits, le tribunal de Lyon a statu\u00e9, lors d\u2019une audience tenue le 10 d\u00e9cembre.<\/p>\n<p>Selon les \u00e9l\u00e9ments \u00e9voqu\u00e9s au cours de l\u2019enqu\u00eate, entre dix et quinze v\u00e9hicules, essentiellement des grosses cylindr\u00e9es, avaient circul\u00e9 de mani\u00e8re dangereuse sur cet axe strat\u00e9gique de l\u2019agglom\u00e9ration. Des man\u0153uvres brusques, des freinages r\u00e9p\u00e9t\u00e9s et des arr\u00eats soudains avaient \u00e9t\u00e9 observ\u00e9s, avant une immobilisation compl\u00e8te de plusieurs voitures dans les tunnels et sur les voies.<\/p>\n<p>\u00c0 l\u2019arr\u00eat, certains participants \u00e9taient descendus de leurs v\u00e9hicules, occupant la chauss\u00e9e pour danser et se filmer, au m\u00e9pris des r\u00e8gles de s\u00e9curit\u00e9 et de la fluidit\u00e9 du trafic. La sc\u00e8ne avait entra\u00een\u00e9 un blocage temporaire du p\u00e9riph\u00e9rique.<\/p>\n<p>Alert\u00e9e, la CRS autorouti\u00e8re Rh\u00f4ne-Alpes-Auvergne avait \u00e9t\u00e9 charg\u00e9e des investigations. Les enqu\u00eateurs sont parvenus \u00e0 identifier plusieurs membres du cort\u00e8ge, permettant la tenue de ce proc\u00e8s.<\/p>\n<p>Les six pr\u00e9venus poursuivis ont \u00e9t\u00e9 reconnus responsables des faits reproch\u00e9s. Ils ont tous \u00e9t\u00e9 condamn\u00e9s \u00e0 une amende de 1 500 euros chacun.<\/p>\n","protected":false},"excerpt":{"rendered":"L\u2019\u00e9pisode avait marqu\u00e9 les automobilistes. Le 21 juin 2024, en soir\u00e9e, la circulation avait \u00e9t\u00e9 brutalement interrompue sur&hellip;\n","protected":false},"author":2,"featured_media":637978,"comment_status":"","ping_status":"","sticky":false,"template":"","format":"standard","meta":{"footnotes":""},"categories":[1889],"tags":[1111,11,2813,2190,2430,1109,251,1112,2811,1777,674,118,1011,27,1922,1110,1114,2428,2810,12,241,316,25,2812,517,800],"class_list":{"0":"post-637977","1":"post","2":"type-post","3":"status-publish","4":"format-standard","5":"has-post-thumbnail","7":"category-lyon","8":"tag-actu","9":"tag-actualites","10":"tag-article","11":"tag-asvel","12":"tag-auvergne-rhone-alpes","13":"tag-breves","14":"tag-culture","15":"tag-depeches","16":"tag-economique","17":"tag-eu","18":"tag-europe","19":"tag-faits-divers","20":"tag-fr","21":"tag-france","22":"tag-info","23":"tag-informations","24":"tag-infos","25":"tag-lyon","26":"tag-lyonmag","27":"tag-news","28":"tag-ol","29":"tag-politique","30":"tag-republique-francaise","31":"tag-sociale","32":"tag-sport","33":"tag-transports"},"share_on_mastodon":{"url":"https:\/\/pubeurope.com\/@fr\/115830408026370448","error":""},"_links":{"self":[{"href":"https:\/\/www.europesays.com\/fr\/wp-json\/wp\/v2\/posts\/637977","targetHints":{"allow":["GET"]}}],"collection":[{"href":"https:\/\/www.europesays.com\/fr\/wp-json\/wp\/v2\/posts"}],"about":[{"href":"https:\/\/www.europesays.com\/fr\/wp-json\/wp\/v2\/types\/post"}],"author":[{"embeddable":true,"href":"https:\/\/www.europesays.com\/fr\/wp-json\/wp\/v2\/users\/2"}],"replies":[{"embeddable":true,"href":"https:\/\/www.europesays.com\/fr\/wp-json\/wp\/v2\/comments?post=637977"}],"version-history":[{"count":0,"href":"https:\/\/www.europesays.com\/fr\/wp-json\/wp\/v2\/posts\/637977\/revisions"}],"wp:featuredmedia":[{"embeddable":true,"href":"https:\/\/www.europesays.com\/fr\/wp-json\/wp\/v2\/media\/637978"}],"wp:attachment":[{"href":"https:\/\/www.europesays.com\/fr\/wp-json\/wp\/v2\/media?parent=637977"}],"wp:term":[{"taxonomy":"category","embeddable":true,"href":"https:\/\/www.europesays.com\/fr\/wp-json\/wp\/v2\/categories?post=637977"},{"taxonomy":"post_tag","embeddable":true,"href":"https:\/\/www.europesays.com\/fr\/wp-json\/wp\/v2\/tags?post=637977"}],"curies":[{"name":"wp","href":"https:\/\/api.w.org\/{rel}","templated":true}]}}