{"id":637979,"date":"2026-01-03T09:15:17","date_gmt":"2026-01-03T09:15:17","guid":{"rendered":"https:\/\/www.europesays.com\/fr\/637979\/"},"modified":"2026-01-03T09:15:17","modified_gmt":"2026-01-03T09:15:17","slug":"meteo-une-nouvelle-journee-lumineuse-mais-froide-ce-samedi-a-lyon","status":"publish","type":"post","link":"https:\/\/www.europesays.com\/fr\/637979\/","title":{"rendered":"M\u00e9t\u00e9o : une nouvelle journ\u00e9e lumineuse mais froide ce samedi \u00e0 Lyon"},"content":{"rendered":"<p class=\"content\" style=\"font-size:1.2em;font-weight:700\">C\u2019est une journ\u00e9e ensoleill\u00e9e qui attend les Lyonnais ce samedi 3 janvier, bien que le mercure reste encore faible avec seulement 2 degr\u00e9s dans l\u2019apr\u00e8s-midi.<\/p>\n<p>Le soleil se maintient \u00e0 Lyon et il fait encore tr\u00e8s froid ce samedi 3 janvier. Ce matin, le mercure est encore n\u00e9gatif avec -1 degr\u00e9 tandis que le brouillard domine dans le ciel.<\/p>\n<p>L\u2019apr\u00e8s-midi s\u2019annonce plus lumineuse, bien que quelques nuages persistent, mais toujours fra\u00eeche puisque que l\u2019on atteindra timidement les 2 degr\u00e9s au cours de la journ\u00e9e. Un vent d\u2019Ouest d\u2019environ 10 km\/h pourra \u00e9galement \u00eatre ressenti.<\/p>\n","protected":false},"excerpt":{"rendered":"C\u2019est une journ\u00e9e ensoleill\u00e9e qui attend les Lyonnais ce samedi 3 janvier, bien que le mercure reste encore&hellip;\n","protected":false},"author":2,"featured_media":126469,"comment_status":"","ping_status":"","sticky":false,"template":"","format":"standard","meta":{"footnotes":""},"categories":[1889],"tags":[1111,11,2430,1777,674,1011,27,2428,12,25],"class_list":{"0":"post-637979","1":"post","2":"type-post","3":"status-publish","4":"format-standard","5":"has-post-thumbnail","7":"category-lyon","8":"tag-actu","9":"tag-actualites","10":"tag-auvergne-rhone-alpes","11":"tag-eu","12":"tag-europe","13":"tag-fr","14":"tag-france","15":"tag-lyon","16":"tag-news","17":"tag-republique-francaise"},"share_on_mastodon":{"url":"https:\/\/pubeurope.com\/@fr\/115830411911296985","error":""},"_links":{"self":[{"href":"https:\/\/www.europesays.com\/fr\/wp-json\/wp\/v2\/posts\/637979","targetHints":{"allow":["GET"]}}],"collection":[{"href":"https:\/\/www.europesays.com\/fr\/wp-json\/wp\/v2\/posts"}],"about":[{"href":"https:\/\/www.europesays.com\/fr\/wp-json\/wp\/v2\/types\/post"}],"author":[{"embeddable":true,"href":"https:\/\/www.europesays.com\/fr\/wp-json\/wp\/v2\/users\/2"}],"replies":[{"embeddable":true,"href":"https:\/\/www.europesays.com\/fr\/wp-json\/wp\/v2\/comments?post=637979"}],"version-history":[{"count":0,"href":"https:\/\/www.europesays.com\/fr\/wp-json\/wp\/v2\/posts\/637979\/revisions"}],"wp:featuredmedia":[{"embeddable":true,"href":"https:\/\/www.europesays.com\/fr\/wp-json\/wp\/v2\/media\/126469"}],"wp:attachment":[{"href":"https:\/\/www.europesays.com\/fr\/wp-json\/wp\/v2\/media?parent=637979"}],"wp:term":[{"taxonomy":"category","embeddable":true,"href":"https:\/\/www.europesays.com\/fr\/wp-json\/wp\/v2\/categories?post=637979"},{"taxonomy":"post_tag","embeddable":true,"href":"https:\/\/www.europesays.com\/fr\/wp-json\/wp\/v2\/tags?post=637979"}],"curies":[{"name":"wp","href":"https:\/\/api.w.org\/{rel}","templated":true}]}}