{"id":637980,"date":"2026-01-03T09:17:09","date_gmt":"2026-01-03T09:17:09","guid":{"rendered":"https:\/\/www.europesays.com\/fr\/637980\/"},"modified":"2026-01-03T09:17:09","modified_gmt":"2026-01-03T09:17:09","slug":"ce-que-la-cour-des-comptes-recommande-pour-les-tarifs-des-transports-en-ile-de-france","status":"publish","type":"post","link":"https:\/\/www.europesays.com\/fr\/637980\/","title":{"rendered":"ce que la Cour des comptes recommande pour les tarifs des transports en \u00cele-de-France"},"content":{"rendered":"<p>                    Par<br \/>\n        <strong><br \/>\n            <a href=\"https:\/\/actu.fr\/auteur\/thomas-martin\" title=\"Consulter tous les articles de Thomas Martin\" target=\"_blank\" rel=\"noopener\">Thomas Martin<\/a><br \/>\n                    <\/strong><\/p>\n<p>        Publi\u00e9 le<\/p>\n<p>            3 janv. 2026 \u00e0 8h04        <\/p>\n<p>La <strong>Cour des comptes<\/strong> tire la sonnette d\u2019alarme. Dans un rapport publi\u00e9 courant d\u00e9cembre, quelques jours avant une <a href=\"https:\/\/actu.fr\/ile-de-france\/paris_75056\/transports-en-ile-de-france-le-forfait-navigo-mensuel-devrait-encore-augmenter-en-janvier_63500470.html\" target=\"_blank\" rel=\"noopener\">nouvelle augmentation du Pass Navigo<\/a>, les magistrats financiers de la rue Cambon (1er arrondissement de Paris) estiment que la politique tarifaire d\u2019<a href=\"https:\/\/actu.fr\/tag\/ile-de-france-mobilites\" target=\"_blank\" rel=\"noopener\">\u00cele-de-France Mobilit\u00e9s<\/a> (IDFM) manque de clart\u00e9, de coh\u00e9rence et d\u2019\u00e9valuation. Si les usagers paient plus cher qu\u2019hier leur trajet sur le r\u00e9seau <a href=\"https:\/\/actu.fr\/tag\/ratp\" target=\"_blank\" rel=\"noopener\">RATP<\/a> ou <a href=\"https:\/\/actu.fr\/tag\/sncf\" target=\"_blank\" rel=\"noopener\">SNCF<\/a>, ils financent pourtant une part de plus en plus faible du co\u00fbt r\u00e9el du service.<\/p>\n<p>La part support\u00e9e par les voyageurs en baisse<\/p>\n<p class=\" wall-content\">Contrairement \u00e0 une id\u00e9e r\u00e9pandue, en \u00cele-de-France, les voyageurs ne couvrent qu\u2019une part minoritaire du co\u00fbt des transports publics. En 2023, la Cour des comptes chiffre cette contribution \u00e0 25 % des d\u00e9penses de fonctionnement d\u2019\u00cele-de-France Mobilit\u00e9s. Cette proportion est en baisse structurelle depuis 2015, malgr\u00e9 la hausse des tarifs observ\u00e9e depuis la sortie de crise sanitaire. La raison ? Une fr\u00e9quentation encore inf\u00e9rieure de 6 % \u00e0 son pic de 2018 et le poids croissant du versement mobilit\u00e9, pay\u00e9 par les entreprises d\u00e9j\u00e0 tenues de rembourser 50 % des abonnements.\u00a0<\/p>\n<p class=\" wall-content\">M\u00eame si le prix facial du titre a augment\u00e9, la part r\u00e9ellement support\u00e9e par les voyageurs, elle, a diminu\u00e9 globalement.<\/p>\n<p class=\" wall-content\">Selon la Cour, IDFM ne s\u2019est pas dot\u00e9e d\u2019un cadre strat\u00e9gique clair pour ses tarifs. Les magistrats rel\u00e8vent que les grandes r\u00e9formes tarifaires r\u00e9centes ont \u00e9t\u00e9 d\u00e9cid\u00e9es sans \u00e9tude d\u2019impact pr\u00e9alable, ni \u00e9valuation a posteriori de leurs effets sur les comportements de d\u00e9placement.\u00a0<\/p>\n<p class=\" wall-content\">C\u2019est notamment le cas de <a href=\"https:\/\/actu.fr\/societe\/hausse-du-navigo-ticket-unique-crit-air-3-ce-qui-change-en-2025-dans-les-transports-en-ile-de-france_62060007.html\" target=\"_blank\" rel=\"noopener\">la r\u00e9forme de 2025<\/a>, qui a supprim\u00e9 la tarification li\u00e9e \u00e0 la distance et favoris\u00e9 les usagers de la grande couronne.\u00a0<\/p>\n<p class=\" wall-content\">Or, la Cour souligne qu\u2019aucune d\u00e9monstration chiffr\u00e9e ne prouve que la baisse relative des tarifs entra\u00eene effectivement un report massif de la voiture vers le train ou le m\u00e9tro.<\/p>\n<p>Votre r\u00e9gion, votre actu !<\/p>\n<p>Recevez chaque jour les infos qui comptent pour vous.<\/p>\n<p>\t<a href=\"https:\/\/actu.fr\/newsletter\" class=\"ac-btn ac-btn--corner ac-btn--medium ac-btn--blue800\" target=\"_blank\" rel=\"noopener\">S&rsquo;incrire<\/a><br \/>\nDes hausses de prix d\u00e9connect\u00e9es de l\u2019inflation\u2026 puis un rattrapage brutal<\/p>\n<p class=\" wall-content\">Autre constat : jusqu\u2019en 2023, les tarifs ont \u00e9volu\u00e9 moins vite que l\u2019inflation. R\u00e9sultat m\u00e9canique, le prix r\u00e9el pay\u00e9 par les usagers s\u2019est \u00e9rod\u00e9 sur longue p\u00e9riode. Depuis 2015, le prix moyen d\u2019un voyage a augment\u00e9 de 24 %, contre 14 % pour l\u2019inflation sur la m\u00eame p\u00e9riode.\u00a0<\/p>\n<p class=\" wall-content\">Pour la Cour, ces ajustements successifs donnent le sentiment d\u2019une politique \u00ab erratique \u00bb, difficilement lisible pour les voyageurs. L\u2019impression d\u2019augmentations soudaines tient moins \u00e0 une explosion des prix qu\u2019\u00e0 un rattrapage tardif, mal expliqu\u00e9 et peu anticip\u00e9.<\/p>\n<p>Tarification sociale : g\u00e9n\u00e9reuse mais in\u00e9quitable<\/p>\n<p class=\" wall-content\">La Cour des comptes se penche \u00e9galement sur la tarification sociale qui concerne pr\u00e8s de 4 millions de Franciliens. Elle pointe un syst\u00e8me complexe, avec de multiples dispositifs ; co\u00fbteux et surtout in\u00e9quitable \u00e0 ses yeux, car il ne respecte pas toujours le code des transports, qui garantit une r\u00e9duction minimale de 50 % aux usagers les plus modestes.\u00a0<\/p>\n<p class=\" wall-content\">Face \u00e0 ces constats, la Cour formule plusieurs recommandations :\u00a0<\/p>\n<ul class=\" wall-content\">\n<li>\u00c9tudier les effets des hausses ou baisses de tarifs avant de d\u00e9cider, puis en mesurer les r\u00e9sultats concrets sur la fr\u00e9quentation et les comportements de mobilit\u00e9.<\/li>\n<li>Int\u00e9grer le remboursement employeur dans le calcul de l\u2019effort demand\u00e9 aux usagers, afin de ne pas surestimer leur contribution r\u00e9elle.<\/li>\n<li>Mieux lutter contre la <a href=\"https:\/\/actu.fr\/ile-de-france\/paris_75056\/metro-rer-bus-quelles-sont-les-lignes-ou-l-on-fraude-le-plus-a-paris-et-en-ile-de-france_62249175.html\" target=\"_blank\" rel=\"noopener\">fraude<\/a>, dont le co\u00fbt est estim\u00e9 par IDFM \u00e0 700 millions d\u2019euros par an, soit l\u2019\u00e9quivalent de plusieurs points de hausse tarifaire<\/li>\n<\/ul>\n<p class=\" wall-content\">Personnalisez votre actualit\u00e9 en ajoutant vos villes et m\u00e9dias en favori avec <a href=\"https:\/\/moncompte.actu.fr\" title=\"D\u00e9couvez Mon Actu\" rel=\"nofollow noopener\" data-trk=\"{&quot;cta&quot;:{&quot;action&quot;:&quot;https:\\\/\\\/moncompte.actu.fr&quot;,&quot;category&quot;:&quot;mon compte&quot;,&quot;from&quot;:&quot;article footer&quot;,&quot;name&quot;:&quot;Mon actu&quot;,&quot;type&quot;:&quot;cta&quot;}}\" target=\"_blank\">Mon Actu<\/a>.<\/p>\n","protected":false},"excerpt":{"rendered":"Par Thomas Martin Publi\u00e9 le 3 janv. 2026 \u00e0 8h04 La Cour des comptes tire la sonnette d\u2019alarme.&hellip;\n","protected":false},"author":2,"featured_media":637981,"comment_status":"","ping_status":"","sticky":false,"template":"","format":"standard","meta":{"footnotes":""},"categories":[1592],"tags":[1111,11,1777,674,1011,27,662,10883,12,626,625,25,2215,104],"class_list":{"0":"post-637980","1":"post","2":"type-post","3":"status-publish","4":"format-standard","5":"has-post-thumbnail","7":"category-ile-de-france","8":"tag-actu","9":"tag-actualites","10":"tag-eu","11":"tag-europe","12":"tag-fr","13":"tag-france","14":"tag-ile-de-france","15":"tag-ile-de-france-mobilites","16":"tag-news","17":"tag-paris","18":"tag-ratp","19":"tag-republique-francaise","20":"tag-sncf","21":"tag-societe"},"share_on_mastodon":{"url":"https:\/\/pubeurope.com\/@fr\/115830419866232536","error":""},"_links":{"self":[{"href":"https:\/\/www.europesays.com\/fr\/wp-json\/wp\/v2\/posts\/637980","targetHints":{"allow":["GET"]}}],"collection":[{"href":"https:\/\/www.europesays.com\/fr\/wp-json\/wp\/v2\/posts"}],"about":[{"href":"https:\/\/www.europesays.com\/fr\/wp-json\/wp\/v2\/types\/post"}],"author":[{"embeddable":true,"href":"https:\/\/www.europesays.com\/fr\/wp-json\/wp\/v2\/users\/2"}],"replies":[{"embeddable":true,"href":"https:\/\/www.europesays.com\/fr\/wp-json\/wp\/v2\/comments?post=637980"}],"version-history":[{"count":0,"href":"https:\/\/www.europesays.com\/fr\/wp-json\/wp\/v2\/posts\/637980\/revisions"}],"wp:featuredmedia":[{"embeddable":true,"href":"https:\/\/www.europesays.com\/fr\/wp-json\/wp\/v2\/media\/637981"}],"wp:attachment":[{"href":"https:\/\/www.europesays.com\/fr\/wp-json\/wp\/v2\/media?parent=637980"}],"wp:term":[{"taxonomy":"category","embeddable":true,"href":"https:\/\/www.europesays.com\/fr\/wp-json\/wp\/v2\/categories?post=637980"},{"taxonomy":"post_tag","embeddable":true,"href":"https:\/\/www.europesays.com\/fr\/wp-json\/wp\/v2\/tags?post=637980"}],"curies":[{"name":"wp","href":"https:\/\/api.w.org\/{rel}","templated":true}]}}