{"id":637984,"date":"2026-01-03T09:19:10","date_gmt":"2026-01-03T09:19:10","guid":{"rendered":"https:\/\/www.europesays.com\/fr\/637984\/"},"modified":"2026-01-03T09:19:10","modified_gmt":"2026-01-03T09:19:10","slug":"manifestations-en-iran-un-membre-des-forces-de-securite-tue-par-balles","status":"publish","type":"post","link":"https:\/\/www.europesays.com\/fr\/637984\/","title":{"rendered":"Manifestations en Iran\u00a0: un membre des forces de s\u00e9curit\u00e9 \u00ab\u00a0tu\u00e9 par balles\u00a0\u00bb"},"content":{"rendered":"<p class=\"paragraph text_align_left lp-f-body-02\">Un membre des forces de s\u00e9curit\u00e9 a \u00e9t\u00e9 tu\u00e9 \u00ab\u00a0\u00e0 l\u2019arme blanche et par balles\u00a0\u00bb dans l\u2019ouest de l\u2019Iran, a rapport\u00e9 samedi l\u2019agence de presse Mehr, au septi\u00e8me jour d\u2019une <a href=\"https:\/\/www.leparisien.fr\/international\/manifestations-en-iran-les-oppositions-sont-incapables-de-sunir-02-01-2026-5IN2K4EPMNESBB54UV7S4HGWJU.php\" target=\"_blank\" rel=\"noreferrer noopener\">mobilisation initialement li\u00e9e \u00e0 la vie ch\u00e8re<\/a>, qui s\u2019est depuis \u00e9largie \u00e0 des revendications politiques.<\/p>\n<p class=\"\">\u00ab\u00a0Ali Azizi, membre du Bassidj, est tomb\u00e9 en martyr apr\u00e8s avoir \u00e9t\u00e9 poignard\u00e9 \u00e0 l\u2019arme blanche et par balles dans la ville de Harsin, lors d\u2019un rassemblement d\u2019\u00e9meutiers arm\u00e9s\u00a0\u00bb vendredi, a indiqu\u00e9 Mehr, citant un communiqu\u00e9 des <a href=\"https:\/\/www.leparisien.fr\/international\/israel\/chefs-des-gardiens-de-la-revolution-chercheurs-nucleaires-qui-sont-les-iraniens-tues-par-les-forces-israeliennes-16-06-2025-B2WBQMFBZZCZRPHWPNNJUJWZG4.php\" target=\"_blank\" rel=\"noreferrer noopener\">Gardiens de la R\u00e9volution<\/a>, l\u2019arm\u00e9e id\u00e9ologique de la R\u00e9publique islamique.<\/p>\n<p class=\"\">La contestation en Iran touche ou a touch\u00e9, \u00e0 des degr\u00e9s divers, au moins 25 villes diff\u00e9rentes, essentiellement de taille moyenne et situ\u00e9es dans l\u2019ouest et le sud-ouest du pays o\u00f9 des affrontements ont \u00e9t\u00e9 rapport\u00e9s, selon un comptage de l\u2019AFP bas\u00e9 sur les annonces officielles et des m\u00e9dias.<\/p>\n<p>Un mouvement pour protester contre l\u2019hyperinflation<\/p>\n<p class=\"\">Le mouvement de contestation est parti de <a href=\"https:\/\/www.leparisien.fr\/international\/iran\/manifestations-en-iran-la-justice-fera-preuve-de-fermete-en-cas-de-destabilisation-31-12-2025-E7HFMXBWJJDYFNS5N6UMH5SFZ4.php\" target=\"_blank\" rel=\"noreferrer noopener\">T\u00e9h\u00e9ran<\/a>, o\u00f9 des commer\u00e7ants ont ferm\u00e9 boutique pour protester contre l\u2019hyperinflation et le marasme \u00e9conomique, avant de gagner des universit\u00e9s et de s\u2019\u00e9tendre \u00e0 une partie du pays.<\/p>\n<p class=\"\">Le pr\u00e9sident <a href=\"https:\/\/www.leparisien.fr\/international\/etats-unis\/donald-trump\/\" target=\"_blank\" rel=\"noreferrer noopener\">Donald Trump<\/a> avait menac\u00e9 vendredi d\u2019une intervention am\u00e9ricaine en Iran si des manifestants y \u00e9taient tu\u00e9s dans le cadre de la mobilisation en cours, les autorit\u00e9s iraniennes pr\u00e9venant qu\u2019elles riposteraient si cette \u00ab\u00a0ligne rouge\u00a0\u00bb \u00e9tait franchie.<\/p>\n<p class=\"title-embed-dailymotion lp-color-text lp-f-subtitle-04\">Vid\u00e9oIran : des manifestants attaquent un b\u00e2timent officiel dans le sud du pays<\/p>\n<p class=\"\">Des affrontements localis\u00e9s entre manifestants et forces de l\u2019ordre ont fait six morts jeudi dans l\u2019ouest de l\u2019Iran, selon des m\u00e9dias locaux.<\/p>\n","protected":false},"excerpt":{"rendered":"Un membre des forces de s\u00e9curit\u00e9 a \u00e9t\u00e9 tu\u00e9 \u00ab\u00a0\u00e0 l\u2019arme blanche et par balles\u00a0\u00bb dans l\u2019ouest de&hellip;\n","protected":false},"author":2,"featured_media":637985,"comment_status":"","ping_status":"","sticky":false,"template":"","format":"standard","meta":{"footnotes":""},"categories":[1888],"tags":[1111,1928,11,1927,1777,674,1011,27,14,3019,12,1926,626,1925,25],"class_list":{"0":"post-637984","1":"post","2":"type-post","3":"status-publish","4":"format-standard","5":"has-post-thumbnail","7":"category-paris","8":"tag-actu","9":"tag-actu-paris","10":"tag-actualites","11":"tag-actualites-paris","12":"tag-eu","13":"tag-europe","14":"tag-fr","15":"tag-france","16":"tag-international","17":"tag-iran","18":"tag-news","19":"tag-news-paris","20":"tag-paris","21":"tag-paris-news","22":"tag-republique-francaise"},"share_on_mastodon":{"url":"https:\/\/pubeurope.com\/@fr\/115830427831967104","error":""},"_links":{"self":[{"href":"https:\/\/www.europesays.com\/fr\/wp-json\/wp\/v2\/posts\/637984","targetHints":{"allow":["GET"]}}],"collection":[{"href":"https:\/\/www.europesays.com\/fr\/wp-json\/wp\/v2\/posts"}],"about":[{"href":"https:\/\/www.europesays.com\/fr\/wp-json\/wp\/v2\/types\/post"}],"author":[{"embeddable":true,"href":"https:\/\/www.europesays.com\/fr\/wp-json\/wp\/v2\/users\/2"}],"replies":[{"embeddable":true,"href":"https:\/\/www.europesays.com\/fr\/wp-json\/wp\/v2\/comments?post=637984"}],"version-history":[{"count":0,"href":"https:\/\/www.europesays.com\/fr\/wp-json\/wp\/v2\/posts\/637984\/revisions"}],"wp:featuredmedia":[{"embeddable":true,"href":"https:\/\/www.europesays.com\/fr\/wp-json\/wp\/v2\/media\/637985"}],"wp:attachment":[{"href":"https:\/\/www.europesays.com\/fr\/wp-json\/wp\/v2\/media?parent=637984"}],"wp:term":[{"taxonomy":"category","embeddable":true,"href":"https:\/\/www.europesays.com\/fr\/wp-json\/wp\/v2\/categories?post=637984"},{"taxonomy":"post_tag","embeddable":true,"href":"https:\/\/www.europesays.com\/fr\/wp-json\/wp\/v2\/tags?post=637984"}],"curies":[{"name":"wp","href":"https:\/\/api.w.org\/{rel}","templated":true}]}}