{"id":637988,"date":"2026-01-03T09:21:09","date_gmt":"2026-01-03T09:21:09","guid":{"rendered":"https:\/\/www.europesays.com\/fr\/637988\/"},"modified":"2026-01-03T09:21:09","modified_gmt":"2026-01-03T09:21:09","slug":"emmanuel-et-brigitte-macron-commencent-2026-par-deux-visites-discretes-a-paris-loin-des-cameras","status":"publish","type":"post","link":"https:\/\/www.europesays.com\/fr\/637988\/","title":{"rendered":"Emmanuel et Brigitte Macron commencent 2026 par deux visites discr\u00e8tes \u00e0 Paris loin des cam\u00e9ras"},"content":{"rendered":"<p>                    Par<br \/>\n        <strong><br \/>\n            <a href=\"https:\/\/actu.fr\/auteur\/thomas-martin\" title=\"Consulter tous les articles de Thomas Martin\" target=\"_blank\" rel=\"noopener\">Thomas Martin<\/a><br \/>\n                    <\/strong><\/p>\n<p>        Publi\u00e9 le<\/p>\n<p>            3 janv. 2026 \u00e0 9h07        <\/p>\n<p>Pas d\u2019annonce, pas de micros, pas de cam\u00e9ras.\u00a0 Pour ses premiers pas en 2026, <a href=\"https:\/\/actu.fr\/tag\/emmanuel-macron\" target=\"_blank\" rel=\"noopener\">Emmanuel Macron<\/a> a choisi la discr\u00e9tion. Ce vendredi 2 janvier, le pr\u00e9sident de la R\u00e9publique a encha\u00een\u00e9 deux d\u00e9placements non inscrits \u00e0 son agenda officiel, loin des projecteurs, dont l\u2019un au c\u00f4t\u00e9 de Brigitte Macron.<\/p>\n<p>Une halte aux Invalides<\/p>\n<p class=\" wall-content\">Apr\u00e8s quelques jours pass\u00e9s au <a href=\"https:\/\/actu.fr\/loisirs-culture\/evasion\/pourquoi-le-fort-de-bregancon-est-il-devenu-la-maison-de-vacances-des-presidents_44025692.html\" target=\"_blank\" rel=\"noopener\">Fort de Br\u00e9gan\u00e7on<\/a>, dans le Var, le couple pr\u00e9sidentiel avait regagn\u00e9 Paris pour le Nouvel An. D\u00e8s le lendemain, le chef de l\u2019\u00c9tat a donn\u00e9 le ton d\u2019un d\u00e9but d\u2019ann\u00e9e plac\u00e9 sous le signe de la solidarit\u00e9.<\/p>\n<p class=\" wall-content\">Premi\u00e8re halte : l\u2019Institution nationale des <a href=\"https:\/\/actu.fr\/tag\/invalides\" target=\"_blank\" rel=\"noopener\">Invalides<\/a>, o\u00f9 Emmanuel Macron est all\u00e9 \u00e0 la rencontre des pensionnaires. La visite a \u00e9t\u00e9 r\u00e9v\u00e9l\u00e9e par l\u2019\u00e9tablissement lui-m\u00eame sur Instagram. \u00ab Un temps de partage s\u2019est tenu avec les pensionnaires : visites en chambres, puis d\u00e9jeuner \u00bb, d\u00e9taille l\u2019INI en l\u00e9gende de plusieurs clich\u00e9s. La publication pr\u00e9cise que le pr\u00e9sident \u00e9tait accompagn\u00e9 du g\u00e9n\u00e9ral de corps d\u2019arm\u00e9e Christophe de Saint Chamas, gouverneur des Invalides, et du m\u00e9decin g\u00e9n\u00e9ral inspecteur Sylvain Ausset.<\/p>\n<p class=\" wall-content\"><a href=\"https:\/\/www.instagram.com\/p\/DTAyWcvDEJQ\/embed\" title=\"Ouvrir le lien sur Instagram\" target=\"_blank\" rel=\"noopener\">Visualiser le contenu sur Instagram<\/a><\/p>\n<p>Emmanuel et Brigitte Macron \u00e0 l\u2019Institut Gustave Roussy<\/p>\n<p class=\" wall-content\">En fin de journ\u00e9e, changement de d\u00e9cor. Emmanuel Macron retrouve Brigitte Macron pour une seconde visite, cette fois \u00e0 l\u2019<a href=\"https:\/\/actu.fr\/ile-de-france\/villejuif_94076\/a-villejuif-gustave-roussy-engage-des-investissements-colossaux-pour-lutter-contre-le-cancer_62211566.html\" target=\"_blank\" rel=\"noopener\">Institut Gustave Roussy<\/a>, \u00e0 Villejuif, premier centre de lutte contre le cancer en Europe. Le couple pr\u00e9sidentiel y rencontre des enfants hospitalis\u00e9s en p\u00e9diatrie, leurs familles et les \u00e9quipes m\u00e9dicales.<\/p>\n<p class=\" wall-content\">Dans un communiqu\u00e9 publi\u00e9 sur le r\u00e9seau social X, l\u2019\u00e9tablissement salue cette venue :<br \/>\u00ab Monsieur le Pr\u00e9sident de la R\u00e9publique et son \u00e9pouse se sont rendus aujourd\u2019hui \u00e0 Gustave Roussy pour la nouvelle ann\u00e9e et adresser aux \u00e9quipes et aux jeunes patients du service de p\u00e9diatrie un message de soutien. \u00bb<\/p>\n<p class=\" wall-content\">La direction insiste \u00e9galement sur \u00ab l\u2019engagement quotidien des professionnels mobilis\u00e9s au service de l\u2019excellence des soins, de la recherche et de l\u2019accompagnement des enfants et de leurs familles \u00bb. La visite s\u2019est d\u00e9roul\u00e9e en pr\u00e9sence du professeur Fabrice Barlesi, directeur g\u00e9n\u00e9ral de l\u2019institut, et de Christelle Dufour, cheffe du d\u00e9partement de l\u2019enfant et de l\u2019adolescent.<\/p>\n<p class=\" wall-content\">\n<p class=\" wall-content\">Pour Brigitte Macron, ce d\u00e9placement n\u2019a rien d\u2019exceptionnel. Depuis 2018, la Premi\u00e8re dame se rend chaque ann\u00e9e \u00e0 Gustave Roussy, notamment \u00e0 l\u2019automne, dans le cadre d\u2019actions de sensibilisation aux cancers p\u00e9diatriques. Le couple pr\u00e9sidentiel s\u2019y est d\u00e9j\u00e0 d\u00e9plac\u00e9 ensemble \u00e0 plusieurs reprises, dont une visite en f\u00e9vrier 2025.<\/p>\n<p>Votre r\u00e9gion, votre actu !<\/p>\n<p>Recevez chaque jour les infos qui comptent pour vous.<\/p>\n<p>\t<a href=\"https:\/\/actu.fr\/newsletter\" class=\"ac-btn ac-btn--corner ac-btn--medium ac-btn--blue800\" target=\"_blank\" rel=\"noopener\">S&rsquo;incrire<\/a><\/p>\n<p class=\" wall-content\">Si ces premiers jours de 2026 se d\u00e9roulent \u00e0 bas bruit, le calme ne devrait pas durer. D\u00e8s le mardi 6 janvier, Emmanuel Macron r\u00e9unira \u00e0 Paris les alli\u00e9s de Kiev dans le cadre de la \u00ab coalition des volontaires \u00bb. Un rendez-vous cl\u00e9, au cours duquel, comme il l\u2019a rappel\u00e9 dans ses v\u0153ux du 31 d\u00e9cembre, les participants devront \u00ab prendre des engagements concrets pour prot\u00e9ger l\u2019Ukraine et assurer une paix juste et durable sur notre continent \u00bb.<\/p>\n<p class=\" wall-content\">Personnalisez votre actualit\u00e9 en ajoutant vos villes et m\u00e9dias en favori avec <a href=\"https:\/\/moncompte.actu.fr\" title=\"D\u00e9couvez Mon Actu\" rel=\"nofollow noopener\" data-trk=\"{&quot;cta&quot;:{&quot;action&quot;:&quot;https:\\\/\\\/moncompte.actu.fr&quot;,&quot;category&quot;:&quot;mon compte&quot;,&quot;from&quot;:&quot;article footer&quot;,&quot;name&quot;:&quot;Mon actu&quot;,&quot;type&quot;:&quot;cta&quot;}}\" target=\"_blank\">Mon Actu<\/a>.<\/p>\n<p>                    <script async src=\"\/\/www.instagram.com\/embed.js\"><\/script><\/p>\n","protected":false},"excerpt":{"rendered":"Par Thomas Martin Publi\u00e9 le 3 janv. 2026 \u00e0 9h07 Pas d\u2019annonce, pas de micros, pas de cam\u00e9ras.\u00a0&hellip;\n","protected":false},"author":2,"featured_media":637989,"comment_status":"","ping_status":"","sticky":false,"template":"","format":"standard","meta":{"footnotes":""},"categories":[1888],"tags":[11,1073,1777,674,1011,27,74516,41409,12,626,316,25],"class_list":{"0":"post-637988","1":"post","2":"type-post","3":"status-publish","4":"format-standard","5":"has-post-thumbnail","7":"category-paris","8":"tag-actualites","9":"tag-emmanuel-macron","10":"tag-eu","11":"tag-europe","12":"tag-fr","13":"tag-france","14":"tag-institut-gustave-roussy","15":"tag-invalides","16":"tag-news","17":"tag-paris","18":"tag-politique","19":"tag-republique-francaise"},"share_on_mastodon":{"url":"https:\/\/pubeurope.com\/@fr\/115830435709613491","error":""},"_links":{"self":[{"href":"https:\/\/www.europesays.com\/fr\/wp-json\/wp\/v2\/posts\/637988","targetHints":{"allow":["GET"]}}],"collection":[{"href":"https:\/\/www.europesays.com\/fr\/wp-json\/wp\/v2\/posts"}],"about":[{"href":"https:\/\/www.europesays.com\/fr\/wp-json\/wp\/v2\/types\/post"}],"author":[{"embeddable":true,"href":"https:\/\/www.europesays.com\/fr\/wp-json\/wp\/v2\/users\/2"}],"replies":[{"embeddable":true,"href":"https:\/\/www.europesays.com\/fr\/wp-json\/wp\/v2\/comments?post=637988"}],"version-history":[{"count":0,"href":"https:\/\/www.europesays.com\/fr\/wp-json\/wp\/v2\/posts\/637988\/revisions"}],"wp:featuredmedia":[{"embeddable":true,"href":"https:\/\/www.europesays.com\/fr\/wp-json\/wp\/v2\/media\/637989"}],"wp:attachment":[{"href":"https:\/\/www.europesays.com\/fr\/wp-json\/wp\/v2\/media?parent=637988"}],"wp:term":[{"taxonomy":"category","embeddable":true,"href":"https:\/\/www.europesays.com\/fr\/wp-json\/wp\/v2\/categories?post=637988"},{"taxonomy":"post_tag","embeddable":true,"href":"https:\/\/www.europesays.com\/fr\/wp-json\/wp\/v2\/tags?post=637988"}],"curies":[{"name":"wp","href":"https:\/\/api.w.org\/{rel}","templated":true}]}}