{"id":637990,"date":"2026-01-03T09:22:12","date_gmt":"2026-01-03T09:22:12","guid":{"rendered":"https:\/\/www.europesays.com\/fr\/637990\/"},"modified":"2026-01-03T09:22:12","modified_gmt":"2026-01-03T09:22:12","slug":"la-russie-peut-elle-frapper-la-belgique-pourquoi-la-peur-dune-guerre-pourrait-grimper-en-2026","status":"publish","type":"post","link":"https:\/\/www.europesays.com\/fr\/637990\/","title":{"rendered":"La Russie peut-elle frapper la Belgique ? Pourquoi la peur d\u2019une guerre pourrait grimper en 2026"},"content":{"rendered":"<p class=\"ap-StoryElement ap-StoryElement--mb ap-StoryText\">Depuis le d\u00e9but de la <a href=\"https:\/\/www.moustique.be\/notre-epoque\/les-infos\/2025\/10\/20\/a-quel-point-la-belgique-et-leurope-sont-dependantes-militairement-des-autres-nations-a-lheure-ou-le-conflit-avec-la-russie-pourrait-sintensifier-P7JMLCAWFZBLNM6XSCJ67QFOFM\/\" target=\"_blank\" rel=\"noreferrer noopener\">guerre en Ukraine<\/a>, le ton employ\u00e9 par de nombreux responsables politiques et militaires europ\u00e9ens s\u2019est durci. Entre appels \u00e0 un \u00ab service volontaire \u00bb, diffusion de \u00ab\u00a0kits de survie\u00a0\u00bb et d\u00e9clarations sur la n\u00e9cessit\u00e9 d\u2019\u00a0\u00bbaccepter de perdre ses enfants\u00a0\u00bb, le vocabulaire martial s\u2019est install\u00e9 dans le d\u00e9bat public. \u00c0 tel point que la question n\u2019est parfois plus de savoir si la <a href=\"https:\/\/www.moustique.be\/notre-epoque\/nos-explications\/2025\/10\/01\/les-russes-nenvahiront-pas-un-pays-europeen-ils-nont-pas-encore-larmee-pour-ca-mais-quels-sont-alors-les-veritables-objectifs-du-kremlin-VHCDL3ZY4BC5RCZAXRQI2ICWUE\/\" target=\"_blank\" rel=\"noreferrer noopener\">Russie pourrait nous menace<\/a>r, mais quand.<\/p>\n<p class=\"ap-StoryElement ap-StoryElement--mb ap-StoryText\">Cette inqui\u00e9tude repose moins sur la perspective d\u2019une invasion classique que sur des signaux diffus. Survols de drones au-dessus de sites sensibles, cyberattaques contre des infrastructures, campagnes de d\u00e9sinformation : autant d\u2019actions que des sp\u00e9cialistes qualifient de menaces hybrides. Une conflictualit\u00e9 \u00e0 bas bruit, permanente, qui fragilise sans d\u00e9clencher l\u2019article 5 de l\u2019Otan.<\/p>\n<p>Pour acc\u00e9der \u00e0 cet article, veuillez vous connecter au r\u00e9seau internet.<\/p>\n","protected":false},"excerpt":{"rendered":"Depuis le d\u00e9but de la guerre en Ukraine, le ton employ\u00e9 par de nombreux responsables politiques et militaires&hellip;\n","protected":false},"author":2,"featured_media":637991,"comment_status":"","ping_status":"","sticky":false,"template":"","format":"standard","meta":{"footnotes":""},"categories":[1591],"tags":[74517,11,16212,74518,74519,74520,9108,8089,74521,536,1215,6973,1057,74522,1887,23456,19579,74523,5701,74524,19480,54536,74525,74526,74527,26280,74528,74529,12,22894,74530,40359,74531,1885,1886,132,931,4540,74532,74533,74534,55405,74535,74536,16033,44,61879,74099,74537,74538,74539,10030,74540,27612,3990,74541],"class_list":{"0":"post-637990","1":"post","2":"type-post","3":"status-publish","4":"format-standard","5":"has-post-thumbnail","7":"category-russie","8":"tag-accessibility","9":"tag-actualites","10":"tag-ai","11":"tag-aiapp","12":"tag-arabic","13":"tag-assistant","14":"tag-audio","15":"tag-chatbot","16":"tag-chinese","17":"tag-communication","18":"tag-device","19":"tag-digital","20":"tag-education","21":"tag-english","22":"tag-federation-de-russie","23":"tag-french","24":"tag-german","25":"tag-global","26":"tag-innovation","27":"tag-input","28":"tag-interaction","29":"tag-interface","30":"tag-japanese","31":"tag-korean","32":"tag-language","33":"tag-mobile","34":"tag-mobileapp","35":"tag-multilingual","36":"tag-news","37":"tag-online","38":"tag-portuguese","39":"tag-realtime","40":"tag-recognition","41":"tag-russia","42":"tag-russian-federation","43":"tag-russie","44":"tag-signal","45":"tag-smart","46":"tag-smartassistant","47":"tag-spanish","48":"tag-speak","49":"tag-speech","50":"tag-speechrecognition","51":"tag-stt","52":"tag-tech","53":"tag-technology","54":"tag-thai","55":"tag-tool","56":"tag-translate","57":"tag-translateapp","58":"tag-translator","59":"tag-travel","60":"tag-tts","61":"tag-user","62":"tag-voice","63":"tag-voicebot"},"share_on_mastodon":{"url":"","error":"Validation failed: Text character limit of 500 exceeded"},"_links":{"self":[{"href":"https:\/\/www.europesays.com\/fr\/wp-json\/wp\/v2\/posts\/637990","targetHints":{"allow":["GET"]}}],"collection":[{"href":"https:\/\/www.europesays.com\/fr\/wp-json\/wp\/v2\/posts"}],"about":[{"href":"https:\/\/www.europesays.com\/fr\/wp-json\/wp\/v2\/types\/post"}],"author":[{"embeddable":true,"href":"https:\/\/www.europesays.com\/fr\/wp-json\/wp\/v2\/users\/2"}],"replies":[{"embeddable":true,"href":"https:\/\/www.europesays.com\/fr\/wp-json\/wp\/v2\/comments?post=637990"}],"version-history":[{"count":0,"href":"https:\/\/www.europesays.com\/fr\/wp-json\/wp\/v2\/posts\/637990\/revisions"}],"wp:featuredmedia":[{"embeddable":true,"href":"https:\/\/www.europesays.com\/fr\/wp-json\/wp\/v2\/media\/637991"}],"wp:attachment":[{"href":"https:\/\/www.europesays.com\/fr\/wp-json\/wp\/v2\/media?parent=637990"}],"wp:term":[{"taxonomy":"category","embeddable":true,"href":"https:\/\/www.europesays.com\/fr\/wp-json\/wp\/v2\/categories?post=637990"},{"taxonomy":"post_tag","embeddable":true,"href":"https:\/\/www.europesays.com\/fr\/wp-json\/wp\/v2\/tags?post=637990"}],"curies":[{"name":"wp","href":"https:\/\/api.w.org\/{rel}","templated":true}]}}