{"id":637992,"date":"2026-01-03T09:23:11","date_gmt":"2026-01-03T09:23:11","guid":{"rendered":"https:\/\/www.europesays.com\/fr\/637992\/"},"modified":"2026-01-03T09:23:11","modified_gmt":"2026-01-03T09:23:11","slug":"ukraine-bombardements-meurtriers-sur-kharkiv","status":"publish","type":"post","link":"https:\/\/www.europesays.com\/fr\/637992\/","title":{"rendered":"Ukraine : bombardements meurtriers sur Kharkiv"},"content":{"rendered":"<p>\n         Publi\u00e9 le<br \/>\n            03\/01\/2026 &#8211; 8:46 UTC+1\n            <\/p>\n<p>Au moins deux personnes ont \u00e9t\u00e9 tu\u00e9es et des dizaines d&rsquo;autres bless\u00e9es apr\u00e8s qu&rsquo;une frappe russe a d\u00e9truit un immeuble d&rsquo;habitation de cinq \u00e9tages dans la ville ukrainienne de Kharkiv vendredi.<\/p>\n<p>Les autorit\u00e9s ont d\u00e9clar\u00e9 que le corps d&rsquo;un gar\u00e7on de trois ans avait \u00e9t\u00e9 retrouv\u00e9 dans les d\u00e9combres de l&rsquo;immeuble d\u00e9truit apr\u00e8s l&rsquo;attaque. Le corps d&rsquo;une femme a \u00e9galement \u00e9t\u00e9 retrouv\u00e9 plus tard, selon le gouverneur de Kharkiv, Oleh Syniehubov.<\/p>\n<p>L&rsquo;attaque a \u00e9galement d\u00e9truit d&rsquo;autres infrastructures civiles, un centre commercial et des voitures, selon les autorit\u00e9s locales.<\/p>\n<p>Au moins 19 personnes ont \u00e9t\u00e9 bless\u00e9es, dont un b\u00e9b\u00e9 de six mois, ont ajout\u00e9 les autorit\u00e9s. 16 personnes ont \u00e9t\u00e9 transport\u00e9es dans des h\u00f4pitaux pour y \u00eatre soign\u00e9es.<\/p>\n<p>\u00ab\u00a0Selon nos informations, d&rsquo;autres personnes pourraient se trouver sous les d\u00e9combres. L&rsquo;\u00e9limination des cons\u00e9quences est en cours\u00a0\u00bb, a d\u00e9clar\u00e9 M. Syniehubov apr\u00e8s l&rsquo;attaque. \u00ab\u00a0Tout le monde travaille sur le terrain. Pour l&rsquo;instant, l&rsquo;essentiel est de sauver le plus grand nombre de personnes possible\u00a0\u00bb.<\/p>\n<p>Le pr\u00e9sident ukrainien, Volodymyr Zelensky, a qualifi\u00e9 l&rsquo;attaque d'\u00a0\u00bbodieuse\u00a0\u00bb dans un message post\u00e9 sur X. \u00ab\u00a0Malheureusement, c&rsquo;est ainsi que les Russes traitent la vie et les gens &#8211; ils continuent de tuer, malgr\u00e9 tous les efforts d\u00e9ploy\u00e9s par le monde, et en particulier par les \u00c9tats-Unis, dans le cadre du processus diplomatique\u00a0\u00bb, a-t-il ajout\u00e9.<\/p>\n<p>Dans le m\u00eame temps, le minist\u00e8re russe de la d\u00e9fense a ni\u00e9 que l&rsquo;attaque ait eu lieu, accusant plut\u00f4t une explosion sur le site caus\u00e9e par des munitions ukrainiennes dans un message sur Telegram.<\/p>\n<p>Plus t\u00f4t dans la journ\u00e9e de vendredi, la Russie a men\u00e9 ce que les autorit\u00e9s locales ont appel\u00e9 \u00ab\u00a0l&rsquo;une des attaques de drones les plus massives\u00a0\u00bb \u00e0 Zaporizhzhia. Au moins neuf drones ont frapp\u00e9 la ville, endommageant des dizaines de b\u00e2timents r\u00e9sidentiels et d&rsquo;autres infrastructures civiles, mais sans faire de victimes, selon Ivan Fedorov, chef de l&rsquo;administration r\u00e9gionale.<\/p>\n<p>Sources additionnelles<strong> \u2022 AP<\/strong><\/p>\n","protected":false},"excerpt":{"rendered":"Publi\u00e9 le 03\/01\/2026 &#8211; 8:46 UTC+1 Au moins deux personnes ont \u00e9t\u00e9 tu\u00e9es et des dizaines d&rsquo;autres bless\u00e9es&hellip;\n","protected":false},"author":2,"featured_media":637993,"comment_status":"","ping_status":"","sticky":false,"template":"","format":"standard","meta":{"footnotes":""},"categories":[1590],"tags":[11,1777,674,2025,1911,12,220,134],"class_list":{"0":"post-637992","1":"post","2":"type-post","3":"status-publish","4":"format-standard","5":"has-post-thumbnail","7":"category-ukraine","8":"tag-actualites","9":"tag-eu","10":"tag-europe","11":"tag-invasion-de-la-russie-en-ukraine","12":"tag-kharkiv","13":"tag-news","14":"tag-ukraine","15":"tag-volodymyr-zelensky"},"share_on_mastodon":{"url":"https:\/\/pubeurope.com\/@fr\/115830443503601642","error":""},"_links":{"self":[{"href":"https:\/\/www.europesays.com\/fr\/wp-json\/wp\/v2\/posts\/637992","targetHints":{"allow":["GET"]}}],"collection":[{"href":"https:\/\/www.europesays.com\/fr\/wp-json\/wp\/v2\/posts"}],"about":[{"href":"https:\/\/www.europesays.com\/fr\/wp-json\/wp\/v2\/types\/post"}],"author":[{"embeddable":true,"href":"https:\/\/www.europesays.com\/fr\/wp-json\/wp\/v2\/users\/2"}],"replies":[{"embeddable":true,"href":"https:\/\/www.europesays.com\/fr\/wp-json\/wp\/v2\/comments?post=637992"}],"version-history":[{"count":0,"href":"https:\/\/www.europesays.com\/fr\/wp-json\/wp\/v2\/posts\/637992\/revisions"}],"wp:featuredmedia":[{"embeddable":true,"href":"https:\/\/www.europesays.com\/fr\/wp-json\/wp\/v2\/media\/637993"}],"wp:attachment":[{"href":"https:\/\/www.europesays.com\/fr\/wp-json\/wp\/v2\/media?parent=637992"}],"wp:term":[{"taxonomy":"category","embeddable":true,"href":"https:\/\/www.europesays.com\/fr\/wp-json\/wp\/v2\/categories?post=637992"},{"taxonomy":"post_tag","embeddable":true,"href":"https:\/\/www.europesays.com\/fr\/wp-json\/wp\/v2\/tags?post=637992"}],"curies":[{"name":"wp","href":"https:\/\/api.w.org\/{rel}","templated":true}]}}