{"id":637994,"date":"2026-01-03T09:24:15","date_gmt":"2026-01-03T09:24:15","guid":{"rendered":"https:\/\/www.europesays.com\/fr\/637994\/"},"modified":"2026-01-03T09:24:15","modified_gmt":"2026-01-03T09:24:15","slug":"de-fortes-explosions-entendues-a-caracas-le-gouvernement-denonce-une-tres-grave-agression-militaire-des-etats-unis","status":"publish","type":"post","link":"https:\/\/www.europesays.com\/fr\/637994\/","title":{"rendered":"de fortes explosions entendues \u00e0 Caracas, le gouvernement \u00abd\u00e9nonce une tr\u00e8s grave agression militaire\u00bb des \u00c9tats-Unis"},"content":{"rendered":"<p>\n    Le Venezuela a d\u00e9nonc\u00e9 samedi une \u00abtr\u00e8s grave agression militaire\u00bb apr\u00e8s les explosions qui ont secou\u00e9 la capitale dans la nuit.<\/p>\n<p class=\"fig-paragraph\">Le Venezuela a d\u00e9nonc\u00e9 samedi une \u00abtr\u00e8s grave agression militaire\u00bb apr\u00e8s les explosions qui ont secou\u00e9 la capitale dans la nuit. Le\u00a0<a href=\"http:\/\/www.lefigaro.fr\/international\/venezuela-nicolas-maduro-evite-de-confirmer-l-attaque-americaine-evoquee-par-donald-trump-et-se-dit-pret-a-negocier-20260102\" data-fig-type=\"NewsFlash\" data-gtm-custom-categorie=\"navigation\" data-gtm-custom-action=\"crossclick\" data-gtm-custom-label=\"Contextuel\" data-gtm-event=\"customEventSPE\" data-fig-domain=\"LEFIGARO\" target=\"_blank\" rel=\"noopener\">pr\u00e9sident Nicol\u00e1s Maduro<\/a>\u00a0a quant \u00e0 lui d\u00e9cr\u00e9t\u00e9 l\u2019\u00e9tat d\u2019exception.<\/p>\n<p class=\"fig-paragraph\">\u00abLe Venezuela rejette, r\u00e9pudie et d\u00e9nonce (&#8230;) la tr\u00e8s grave agression militaire perp\u00e9tr\u00e9e par (&#8230;) les \u00c9tats-Unis contre le territoire et la population v\u00e9n\u00e9zu\u00e9liens, dans les localit\u00e9s civiles et militaires de Caracas et les \u00c9tats de Miranda, Aragua et La Guaira autour de Caracas\u00bb, selon un communiqu\u00e9 du gouvernement. Le pr\u00e9sident Nicol\u00e1s Maduro a d\u00e9cr\u00e9t\u00e9 l\u2019\u00e9tat d\u2019exception et appel\u00e9 \u00abtoutes les forces sociales et politiques du pays \u00e0 activer les plans de mobilisation\u00bb, selon le communiqu\u00e9.<\/p>\n<p>                                            <a class=\"fig-a11y-skip\" href=\"#fig-a11y-skip-main-inarticle\" data-module=\"a11y-skip\" data-context=\"was @visible\"><br \/>\n    Passer la publicit\u00e9<br \/>\n<\/a>            <\/p>\n<p class=\"fig-paragraph\">De fortes explosions avec des bruits ressemblant \u00e0 des survols d&rsquo;avions ont eu lieu vers 2 heures du matin (6H00 GMT) le 3 janvier 2026 \u00e0 Caracas, a constat\u00e9 un journaliste de l&rsquo;AFP. Sur les r\u00e9seaux sociaux, des images de grands incendies avec des d\u00e9gagements de fum\u00e9e sont visibles sans qu\u2019il soit possible de localiser pr\u00e9cis\u00e9ment le lieu de ces explosions qui semblent avoir eu lieu dans le sud et l\u2019est de la capitale v\u00e9n\u00e9zu\u00e9lienne.<\/p>\n<p>                                            \u00abSes jours sont compt\u00e9s\u00bb<\/p>\n<p class=\"fig-paragraph\">Des bruits d\u2019explosion continuaient \u00e0 \u00eatre entendus vers 2heures 15 (06H15 GMT). Ces d\u00e9flagrations surviennent alors que le pr\u00e9sident am\u00e9ricain,\u00a0<a href=\"http:\/\/www.lefigaro.fr\/international\/venezuela-nicolas-maduro-evite-de-confirmer-l-attaque-americaine-evoquee-par-donald-trump-et-se-dit-pret-a-negocier-20260102\" data-fig-type=\"NewsFlash\" data-gtm-custom-categorie=\"navigation\" data-gtm-custom-action=\"crossclick\" data-gtm-custom-label=\"Contextuel\" data-gtm-event=\"customEventSPE\" data-fig-domain=\"LEFIGARO\" target=\"_blank\" rel=\"noopener\">Donald Trump<\/a>, qui a fait d\u00e9ployer une flottille de guerre dans les Cara\u00efbes, a \u00e9voqu\u00e9 la possibilit\u00e9 de frappes terrestres contre le Venezuela et affirm\u00e9 que les jours du pr\u00e9sident v\u00e9n\u00e9zu\u00e9lien, Nicolas Maduro, \u00e9taient \u00abcompt\u00e9s\u00bb. Il avait d\u00e9clar\u00e9 lundi que les \u00c9tats-Unis avaient d\u00e9truit une zone de mise \u00e0 quai utilis\u00e9e par des bateaux accus\u00e9s de participer au narcotrafic au Venezuela, ce qui serait la premi\u00e8re attaque terrestre am\u00e9ricaine sur le sol v\u00e9n\u00e9zu\u00e9lien.<\/p>\n<p class=\"fig-paragraph\">Le\u00a0pr\u00e9sident Maduro\u00a0s\u2019\u00e9tait lui montr\u00e9 confiant lors d\u2019une interview diffus\u00e9e jeudi affirmant\u00a0: \u00abLe syst\u00e8me de d\u00e9fense nationale a garanti et garantit l\u2019int\u00e9grit\u00e9 territoriale, la paix du pays et l\u2019usage et la jouissance de tous nos territoires\u00bb. Donald Trump accuse le pr\u00e9sident Maduro d\u2019\u00eatre \u00e0 la t\u00eate d\u2019un vaste r\u00e9seau de narcotrafic que l\u2019int\u00e9ress\u00e9 d\u00e9ment, reprochant aux \u00c9tats-Unis de vouloir le renverser pour s\u2019emparer des r\u00e9serves de p\u00e9trole du pays, les plus grandes de la plan\u00e8te.<\/p>\n","protected":false},"excerpt":{"rendered":"Le Venezuela a d\u00e9nonc\u00e9 samedi une \u00abtr\u00e8s grave agression militaire\u00bb apr\u00e8s les explosions qui ont secou\u00e9 la capitale&hellip;\n","protected":false},"author":2,"featured_media":637995,"comment_status":"","ping_status":"","sticky":false,"template":"","format":"standard","meta":{"footnotes":""},"categories":[1589],"tags":[11,73,1866,12,338,1864,1865,1863,308,337],"class_list":{"0":"post-637994","1":"post","2":"type-post","3":"status-publish","4":"format-standard","5":"has-post-thumbnail","7":"category-etats-unis","8":"tag-actualites","9":"tag-etats-unis","10":"tag-etats-unis-damerique","11":"tag-news","12":"tag-nicolas-maduro","13":"tag-united-states","14":"tag-united-states-of-america","15":"tag-us","16":"tag-usa","17":"tag-venezuela"},"share_on_mastodon":{"url":"https:\/\/pubeurope.com\/@fr\/115830448285044228","error":""},"_links":{"self":[{"href":"https:\/\/www.europesays.com\/fr\/wp-json\/wp\/v2\/posts\/637994","targetHints":{"allow":["GET"]}}],"collection":[{"href":"https:\/\/www.europesays.com\/fr\/wp-json\/wp\/v2\/posts"}],"about":[{"href":"https:\/\/www.europesays.com\/fr\/wp-json\/wp\/v2\/types\/post"}],"author":[{"embeddable":true,"href":"https:\/\/www.europesays.com\/fr\/wp-json\/wp\/v2\/users\/2"}],"replies":[{"embeddable":true,"href":"https:\/\/www.europesays.com\/fr\/wp-json\/wp\/v2\/comments?post=637994"}],"version-history":[{"count":0,"href":"https:\/\/www.europesays.com\/fr\/wp-json\/wp\/v2\/posts\/637994\/revisions"}],"wp:featuredmedia":[{"embeddable":true,"href":"https:\/\/www.europesays.com\/fr\/wp-json\/wp\/v2\/media\/637995"}],"wp:attachment":[{"href":"https:\/\/www.europesays.com\/fr\/wp-json\/wp\/v2\/media?parent=637994"}],"wp:term":[{"taxonomy":"category","embeddable":true,"href":"https:\/\/www.europesays.com\/fr\/wp-json\/wp\/v2\/categories?post=637994"},{"taxonomy":"post_tag","embeddable":true,"href":"https:\/\/www.europesays.com\/fr\/wp-json\/wp\/v2\/tags?post=637994"}],"curies":[{"name":"wp","href":"https:\/\/api.w.org\/{rel}","templated":true}]}}