{"id":637998,"date":"2026-01-03T09:26:11","date_gmt":"2026-01-03T09:26:11","guid":{"rendered":"https:\/\/www.europesays.com\/fr\/637998\/"},"modified":"2026-01-03T09:26:11","modified_gmt":"2026-01-03T09:26:11","slug":"lallemagne-est-elle-en-train-de-tuer-le-futur-avion-de-combat-europeen-scaf","status":"publish","type":"post","link":"https:\/\/www.europesays.com\/fr\/637998\/","title":{"rendered":"L&rsquo;allemagne est-elle en train de tuer le futur avion de combat europ\u00e9en (SCAF)\u00a0?"},"content":{"rendered":"<p>\t\t\tAfficher le sommaire Masquer le sommaire <\/p>\n<p>Berlin fait durer le suspense. Le gouvernement allemand a repouss\u00e9 une nouvelle fois sa d\u00e9cision sur la poursuite du programme SCAF (Syst\u00e8me de combat a\u00e9rien du futur), men\u00e9 avec la France et l\u2019Espagne. Un report de plus, dans un projet devenu embl\u00e9matique\u2026 mais de plus en plus bancal.<\/p>\n<p>Le SCAF est cens\u00e9 incarner l\u2019Europe de la d\u00e9fense. Lanc\u00e9 en 2017, le programme devait remplacer les Rafale fran\u00e7ais et les Eurofighter allemands et espagnols \u00e0 l\u2019horizon 2040. L\u2019id\u00e9e : b\u00e2tir un avion de combat de nouvelle g\u00e9n\u00e9ration, au c\u0153ur d\u2019un syst\u00e8me int\u00e9gr\u00e9 avec drones, cloud de combat et capteurs interconnect\u00e9s. Sur le papier, un pas de g\u00e9ant pour l\u2019autonomie strat\u00e9gique europ\u00e9enne. Dans les faits, le projet s\u2019enlise.<\/p>\n<p><strong>A LIRE AUSSI<\/strong><br \/><strong><a href=\"https:\/\/lessentieldeleco.fr\/5017-le-futur-avion-de-combat-europeen-au-bord-du-crash\/\" target=\"_blank\" rel=\"noopener\">Le futur avion de combat europ\u00e9en au bord du crash<\/a><\/strong><\/p>\n<p>Tensions persistantes entre industriels<\/p>\n<p>En cause, des tensions industrielles jamais vraiment r\u00e9solues. Dassault Aviation, ma\u00eetre d\u2019\u0153uvre d\u00e9sign\u00e9, r\u00e9clame un contr\u00f4le total sur la conception de l\u2019avion de chasse. De l\u2019autre c\u00f4t\u00e9, Airbus (Allemagne et Espagne) veut peser davantage. R\u00e9sultat : blocages en cha\u00eene, jalons repouss\u00e9s, coop\u00e9ration gripp\u00e9e. Et une frustration croissante \u00e0 Berlin, o\u00f9 certains responsables ne cachent plus leur agacement.<\/p>\n<p>Le climat g\u00e9opolitique, lui, ne pousse pourtant pas \u00e0 la temporisation. L\u2019invasion de l\u2019Ukraine a relanc\u00e9 l\u2019urgence de renforcer les capacit\u00e9s militaires europ\u00e9ennes. Emmanuel Macron et le chancelier Friedrich Merz affichaient encore fin 2023 leur volont\u00e9 d\u2019avancer. Le pr\u00e9sident fran\u00e7ais parlait d\u2019\u00ab obligation de r\u00e9sultat \u00bb, Berlin promettait une d\u00e9cision avant la fin de l\u2019ann\u00e9e. Promesse non tenue.<\/p>\n<p>Le GCAP, porte de sortie pour Berlin ?<\/p>\n<p>Depuis, les signaux faibles s\u2019accumulent. Le quotidien Handelsblatt \u00e9voque un int\u00e9r\u00eat croissant des autorit\u00e9s allemandes pour le GCAP (Global Combat Air Programme), men\u00e9 par le Royaume-Uni, l\u2019Italie et le Japon. Un projet concurrent, plus fluide, plus rapide. Et surtout sans les tensions franco-allemandes.<\/p>\n<p>Un d\u00e9put\u00e9 allemand a r\u00e9cemment sugg\u00e9r\u00e9 de d\u00e9velopper deux avions de chasse s\u00e9par\u00e9s dans le cadre du SCAF. Une hypoth\u00e8se qui ferait exploser le co\u00fbt du programme \u2013 d\u00e9j\u00e0 estim\u00e9 \u00e0 <strong>100 milliards d\u2019euros<\/strong> \u2013 et qui revient \u00e0 dire que l\u2019Allemagne ne croit plus vraiment \u00e0 la version actuelle.<\/p>\n<p>Le calendrier initial pr\u00e9voyait une d\u00e9cision ferme en 2025. Mais l\u2019ind\u00e9cision de Berlin, sur fond de d\u00e9saccords industriels persistants, jette un doute de plus en plus lourd sur la volont\u00e9 r\u00e9elle de l\u2019Allemagne de rester dans le jeu.<\/p>\n","protected":false},"excerpt":{"rendered":"Afficher le sommaire Masquer le sommaire Berlin fait durer le suspense. Le gouvernement allemand a repouss\u00e9 une nouvelle&hellip;\n","protected":false},"author":2,"featured_media":637999,"comment_status":"","ping_status":"","sticky":false,"template":"","format":"standard","meta":{"footnotes":""},"categories":[1587],"tags":[11,672,1804,1805,1803,1777,674,1801,12,1802],"class_list":{"0":"post-637998","1":"post","2":"type-post","3":"status-publish","4":"format-standard","5":"has-post-thumbnail","7":"category-allemagne","8":"tag-actualites","9":"tag-allemagne","10":"tag-bundesrepublik-deutschland","11":"tag-de","12":"tag-deutschland","13":"tag-eu","14":"tag-europe","15":"tag-germany","16":"tag-news","17":"tag-republique-federale-dallemagne"},"share_on_mastodon":{"url":"","error":""},"_links":{"self":[{"href":"https:\/\/www.europesays.com\/fr\/wp-json\/wp\/v2\/posts\/637998","targetHints":{"allow":["GET"]}}],"collection":[{"href":"https:\/\/www.europesays.com\/fr\/wp-json\/wp\/v2\/posts"}],"about":[{"href":"https:\/\/www.europesays.com\/fr\/wp-json\/wp\/v2\/types\/post"}],"author":[{"embeddable":true,"href":"https:\/\/www.europesays.com\/fr\/wp-json\/wp\/v2\/users\/2"}],"replies":[{"embeddable":true,"href":"https:\/\/www.europesays.com\/fr\/wp-json\/wp\/v2\/comments?post=637998"}],"version-history":[{"count":0,"href":"https:\/\/www.europesays.com\/fr\/wp-json\/wp\/v2\/posts\/637998\/revisions"}],"wp:featuredmedia":[{"embeddable":true,"href":"https:\/\/www.europesays.com\/fr\/wp-json\/wp\/v2\/media\/637999"}],"wp:attachment":[{"href":"https:\/\/www.europesays.com\/fr\/wp-json\/wp\/v2\/media?parent=637998"}],"wp:term":[{"taxonomy":"category","embeddable":true,"href":"https:\/\/www.europesays.com\/fr\/wp-json\/wp\/v2\/categories?post=637998"},{"taxonomy":"post_tag","embeddable":true,"href":"https:\/\/www.europesays.com\/fr\/wp-json\/wp\/v2\/tags?post=637998"}],"curies":[{"name":"wp","href":"https:\/\/api.w.org\/{rel}","templated":true}]}}