{"id":638011,"date":"2026-01-03T09:33:10","date_gmt":"2026-01-03T09:33:10","guid":{"rendered":"https:\/\/www.europesays.com\/fr\/638011\/"},"modified":"2026-01-03T09:33:10","modified_gmt":"2026-01-03T09:33:10","slug":"armin-afshin-far-et-lalterna-stade-poitevin-se-separent","status":"publish","type":"post","link":"https:\/\/www.europesays.com\/fr\/638011\/","title":{"rendered":"Armin Afshin Far et l\u2019Alterna Stade Poitevin se s\u00e9parent"},"content":{"rendered":"<p>Armin Afshin Far ne portera plus le maillot de l\u2019Alterna Stade Poitevin. M\u00eame si cela ne faisait gu\u00e8re de doute, l\u2019officialisation de son d\u00e9part est tomb\u00e9e ce vendredi 2\u00a0janvier 2026 par le biais d\u2019un communiqu\u00e9\u00a0: \u00ab\u00a0Arriv\u00e9 au sein du collectif pour la saison 2025\u20132026, le r\u00e9ceptionneur-attaquant iranien Armin Afshin Far quitte le club en ce d\u00e9but janvier. Arriv\u00e9 avec une g\u00eane \u00e0 l\u2019\u00e9paule, il n\u2019a malheureusement pas pu retrouver l\u2019int\u00e9gralit\u00e9 de ses moyens physiques malgr\u00e9 l\u2019accompagnement m\u00e9dical mis en place. Dans ce contexte, le club et le joueur ont convenu, d\u2019un commun accord, de mettre un terme anticip\u00e9 \u00e0 leur engagement. Le club remercie Armin pour son professionnalisme et lui souhaite le meilleur pour la suite de son parcours.\u00a0\u00bb<\/p>\n<p>Seulement 20 points inscrits<\/p>\n<p>Arriv\u00e9 en provenance du club turc d\u2019Istanbul Gen\u00e7lik Spor Kul\u00fcb\u00fc \u00e0 l\u2019intersaison, le r\u00e9ceptionneur-attaquant iranien n\u2019aura jamais vraiment pu montrer de quoi il est capable. Plomb\u00e9 par ses soucis physiques, il aura malheureusement d\u00fb se contenter de quelques apparitions sur le terrain, avec trois titularisations \u00e0 la cl\u00e9, \u00e0 Cannes (11 points), \u00e0 Tours (2 points) et contre le Plessis-Robinson (1 point), lors des 3e, 4e\u00a0et 5e\u00a0journ\u00e9es de MSL.<\/p>\n<p>Armin Afshin Far quitte donc le championnat de France apr\u00e8s avoir particip\u00e9 \u00e0 neuf rencontres et inscrit 20 points (16 attaques gagnantes \u00e0 39\u00a0% d\u2019efficacit\u00e9, 3 blocks, 1 ace). Le club stadiste s\u2019est mis en qu\u00eate d\u2019un rempla\u00e7ant lors de ce mercato hivernal qui se refermera le 31\u00a0janvier.<\/p>\n<p>\u00a0<\/p>\n","protected":false},"excerpt":{"rendered":"Armin Afshin Far ne portera plus le maillot de l\u2019Alterna Stade Poitevin. M\u00eame si cela ne faisait gu\u00e8re&hellip;\n","protected":false},"author":2,"featured_media":638012,"comment_status":"","ping_status":"","sticky":false,"template":"","format":"standard","meta":{"footnotes":""},"categories":[1417],"tags":[1654,1011,27,1655,1653,60,1584,1470,1469],"class_list":{"0":"post-638011","1":"post","2":"type-post","3":"status-publish","4":"format-standard","5":"has-post-thumbnail","7":"category-volley","8":"tag-alterna-stade-poitevin-volley-ball","9":"tag-fr","10":"tag-france","11":"tag-ligue-a","12":"tag-poitiers","13":"tag-sports","14":"tag-vienne","15":"tag-volley","16":"tag-volleyball"},"share_on_mastodon":{"url":"https:\/\/pubeurope.com\/@fr\/115830483812861511","error":""},"_links":{"self":[{"href":"https:\/\/www.europesays.com\/fr\/wp-json\/wp\/v2\/posts\/638011","targetHints":{"allow":["GET"]}}],"collection":[{"href":"https:\/\/www.europesays.com\/fr\/wp-json\/wp\/v2\/posts"}],"about":[{"href":"https:\/\/www.europesays.com\/fr\/wp-json\/wp\/v2\/types\/post"}],"author":[{"embeddable":true,"href":"https:\/\/www.europesays.com\/fr\/wp-json\/wp\/v2\/users\/2"}],"replies":[{"embeddable":true,"href":"https:\/\/www.europesays.com\/fr\/wp-json\/wp\/v2\/comments?post=638011"}],"version-history":[{"count":0,"href":"https:\/\/www.europesays.com\/fr\/wp-json\/wp\/v2\/posts\/638011\/revisions"}],"wp:featuredmedia":[{"embeddable":true,"href":"https:\/\/www.europesays.com\/fr\/wp-json\/wp\/v2\/media\/638012"}],"wp:attachment":[{"href":"https:\/\/www.europesays.com\/fr\/wp-json\/wp\/v2\/media?parent=638011"}],"wp:term":[{"taxonomy":"category","embeddable":true,"href":"https:\/\/www.europesays.com\/fr\/wp-json\/wp\/v2\/categories?post=638011"},{"taxonomy":"post_tag","embeddable":true,"href":"https:\/\/www.europesays.com\/fr\/wp-json\/wp\/v2\/tags?post=638011"}],"curies":[{"name":"wp","href":"https:\/\/api.w.org\/{rel}","templated":true}]}}