{"id":638023,"date":"2026-01-03T09:42:10","date_gmt":"2026-01-03T09:42:10","guid":{"rendered":"https:\/\/www.europesays.com\/fr\/638023\/"},"modified":"2026-01-03T09:42:10","modified_gmt":"2026-01-03T09:42:10","slug":"cette-couleur-insoupconnee-que-les-designers-imposent-pour-un-look-vintage-superpose","status":"publish","type":"post","link":"https:\/\/www.europesays.com\/fr\/638023\/","title":{"rendered":"cette couleur insoup\u00e7onn\u00e9e que les designers imposent pour un look vintage superpos\u00e9"},"content":{"rendered":"<p>Dans les int\u00e9rieurs qui comptent en 2026, les ensembles<br \/>\ncanap\u00e9-table basse assortis et les palettes gris-beige trop sages<br \/>\npassent au second plan. Les d\u00e9corateurs recherchent des pi\u00e8ces qui<br \/>\nsemblent avoir \u00e9t\u00e9 patiemment construites au fil des ann\u00e9es, o\u00f9<br \/>\nchaque meuble raconte une histoire de chine, de voyage ou<br \/>\nd\u2019h\u00e9ritage familial.<\/p>\n<p>C\u2019est ce que beaucoup appellent le <strong>look vintage<br \/>\nsuperpos\u00e9<\/strong> : un style chaleureux, riche en objets et en<br \/>\ntextures, mais sans impression de surcharge. Pour recr\u00e9er cette<br \/>\nambiance tr\u00e8s travaill\u00e9e, les designers convergent vers une m\u00eame<br \/>\ncouleur cl\u00e9, mise en avant par le rapport de tendances 1stDibs<br \/>\n2026, o\u00f9 33 % d\u2019entre eux la placent en teinte num\u00e9ro un, un<br \/>\nchiffre presque doubl\u00e9 depuis 2022. Cette nuance, \u00e0 la fois r\u00e9tro<br \/>\net actuelle, c\u2019est le <strong>marron chocolat<\/strong>.<\/p>\n<p>Pourquoi le marron chocolat s\u00e9duit les designers pour un look<br \/>\nvintage superpos\u00e9<\/p>\n<p>Le triomphe du marron chocolat tient \u00e0 sa capacit\u00e9 \u00e0 rendre une<br \/>\npi\u00e8ce accueillante sans la figer dans une mode passag\u00e8re. Les tons<br \/>\nterreux reviennent en force, des bruns profonds aux bordeaux et<br \/>\nverts sombres, mais ce brun-l\u00e0 agit comme une base ultra<br \/>\npolyvalente pour superposer les \u00e9poques et les styles.<\/p>\n<p>Pour Sophie Salata, directrice de la marque Vinterior, cette<br \/>\ncouleur a un r\u00f4le presque architectural : \u00ab\u00a0Le marron fonctionne<br \/>\nparce qu\u00a0\u00bbil ancre une pi\u00e8ce. Il apporte une profondeur imm\u00e9diate<br \/>\nsans r\u00e9clamer l&rsquo;attention, comme peuvent le faire parfois les<br \/>\nteintes plus audacieuses\u00a0\u00bb, explique Sophie Salata, cit\u00e9e par Homes<br \/>\net Gardens. D\u2019o\u00f9 son succ\u00e8s aupr\u00e8s des amateurs de meubles vintage,<br \/>\nqui y voient une fa\u00e7on simple d\u2019unifier un m\u00e9lange de trouvailles<br \/>\ndisparates.<\/p>\n<p>Comment utiliser le marron chocolat pour une d\u00e9co vintage<br \/>\nsuperpos\u00e9e chez soi<\/p>\n<p>Concr\u00e8tement, tout se joue dans les combinaisons. Un salon peut<br \/>\nmarier un canap\u00e9 en cuir tabac, une table basse en noyer, un tapis<br \/>\n\u00e9pais brun moyen et quelques pi\u00e8ces en verre ambr\u00e9 pour la touche<br \/>\nr\u00e9tro. Ce brun profond fait alors le lien entre un luminaire<br \/>\ncontemporain, un buffet chin\u00e9 des ann\u00e9es 70 et un tapis plus<br \/>\nancien, sans que rien ne paraisse forc\u00e9.<\/p>\n<p>Le designer Jacu Strauss, directeur artistique du Lore Group,<br \/>\nd\u00e9fend un retour d\u2019un glamour seventies plus sophistiqu\u00e9, avec des<br \/>\ntissus expressifs, du mobilier miroir, une palette de bruns, rouges<br \/>\nprofonds, oranges et accents dor\u00e9s, compl\u00e9t\u00e9s par des tapis \u00e9pais<br \/>\net des \u00e9clairages sculpturaux. Le <strong>marron chocolat<\/strong><br \/>\nsert ici de fil conducteur : il temp\u00e8re les \u00e9l\u00e9ments brillants,<br \/>\ndonne du poids visuel et \u00e9vite de basculer dans le kitsch.<\/p>\n<p>Marron chocolat : les bons r\u00e9flexes<br \/>\npour \u00e9viter l\u2019effet trop sombre<\/p>\n<p>Pour garder une pi\u00e8ce vivante, les designers recommandent de<br \/>\nmultiplier les nuances de brun plut\u00f4t que d\u2019utiliser exactement le<br \/>\nm\u00eame ton partout. Associer des bruns chocolat, expresso, caramel et<br \/>\nnoyer cr\u00e9e du relief, surtout si l\u2019on varie les mati\u00e8res : bois<br \/>\nmat, cuir patin\u00e9, velours brun, verre fum\u00e9 ou ambr\u00e9. Ces mat\u00e9riaux<br \/>\ngagnent en caract\u00e8re en vieillissant, ce qui renforce l\u2019effet de<br \/>\nd\u00e9co construite dans le temps.<\/p>\n<p>Le contraste reste la cl\u00e9. Des murs ou des meubles en marron<br \/>\nprofond fonctionnent tr\u00e8s bien avec des tissus \u00e9crus, une pierre<br \/>\nclaire, des miroirs ou du m\u00e9tal dor\u00e9 qui accrochent la lumi\u00e8re.<br \/>\n\u00ab\u00a0Les gens ont envie de maisons qui donnent l&rsquo;impression d&rsquo;\u00eatre<br \/>\nhabit\u00e9es et superpos\u00e9es, et le marron, dans toutes ses variations,<br \/>\naide exactement \u00e0 obtenir cela. C&rsquo;est la couleur qui laisse tout le<br \/>\nreste respirer, donc si vous cherchez une seule nuance vintage qui<br \/>\nne se d\u00e9modera pas, c&rsquo;est celle-ci\u00a0\u00bb, conclut Sophie Salata.<br \/>\nQuelques coussins chocolat, une lampe en verre ambr\u00e9 ou un petit<br \/>\nmeuble en bois fonc\u00e9 suffisent d\u00e9j\u00e0 \u00e0 amorcer cette ambiance chez<br \/>\nsoi.<\/p>\n","protected":false},"excerpt":{"rendered":"Dans les int\u00e9rieurs qui comptent en 2026, les ensembles canap\u00e9-table basse assortis et les palettes gris-beige trop sages&hellip;\n","protected":false},"author":2,"featured_media":638024,"comment_status":"","ping_status":"","sticky":false,"template":"","format":"standard","meta":{"footnotes":""},"categories":[1358],"tags":[930,5734,1348,1384,1385,68338,3477,27576,1386,58358,58,3026,59,74542,1011,27,71293,72610,74543,151,16751,471,746,74544,9066,16831],"class_list":{"0":"post-638023","1":"post","2":"type-post","3":"status-publish","4":"format-standard","5":"has-post-thumbnail","7":"category-arts-et-design","8":"tag-le","9":"tag-5734","10":"tag-arts","11":"tag-arts-and-design","12":"tag-arts-et-design","13":"tag-beige","14":"tag-cette","15":"tag-couleur","16":"tag-design","17":"tag-designers","18":"tag-divertissement","19":"tag-en","20":"tag-entertainment","21":"tag-exit","22":"tag-fr","23":"tag-france","24":"tag-gris","25":"tag-imposent","26":"tag-insoupconnee","27":"tag-les","28":"tag-look","29":"tag-pour","30":"tag-que","31":"tag-superpose","32":"tag-un","33":"tag-vintage"},"share_on_mastodon":{"url":"https:\/\/pubeurope.com\/@fr\/115830518113036364","error":""},"_links":{"self":[{"href":"https:\/\/www.europesays.com\/fr\/wp-json\/wp\/v2\/posts\/638023","targetHints":{"allow":["GET"]}}],"collection":[{"href":"https:\/\/www.europesays.com\/fr\/wp-json\/wp\/v2\/posts"}],"about":[{"href":"https:\/\/www.europesays.com\/fr\/wp-json\/wp\/v2\/types\/post"}],"author":[{"embeddable":true,"href":"https:\/\/www.europesays.com\/fr\/wp-json\/wp\/v2\/users\/2"}],"replies":[{"embeddable":true,"href":"https:\/\/www.europesays.com\/fr\/wp-json\/wp\/v2\/comments?post=638023"}],"version-history":[{"count":0,"href":"https:\/\/www.europesays.com\/fr\/wp-json\/wp\/v2\/posts\/638023\/revisions"}],"wp:featuredmedia":[{"embeddable":true,"href":"https:\/\/www.europesays.com\/fr\/wp-json\/wp\/v2\/media\/638024"}],"wp:attachment":[{"href":"https:\/\/www.europesays.com\/fr\/wp-json\/wp\/v2\/media?parent=638023"}],"wp:term":[{"taxonomy":"category","embeddable":true,"href":"https:\/\/www.europesays.com\/fr\/wp-json\/wp\/v2\/categories?post=638023"},{"taxonomy":"post_tag","embeddable":true,"href":"https:\/\/www.europesays.com\/fr\/wp-json\/wp\/v2\/tags?post=638023"}],"curies":[{"name":"wp","href":"https:\/\/api.w.org\/{rel}","templated":true}]}}