{"id":638025,"date":"2026-01-03T09:44:12","date_gmt":"2026-01-03T09:44:12","guid":{"rendered":"https:\/\/www.europesays.com\/fr\/638025\/"},"modified":"2026-01-03T09:44:12","modified_gmt":"2026-01-03T09:44:12","slug":"theodora-la-nouvelle-big-boss-de-la-musique-francaise","status":"publish","type":"post","link":"https:\/\/www.europesays.com\/fr\/638025\/","title":{"rendered":"Theodora, la nouvelle \u00ab\u00a0big boss\u00a0\u00bb de la musique fran\u00e7aise"},"content":{"rendered":"<p class=\"c-chapo \">\n  Theodora est l&rsquo;artiste f\u00e9minine francophone la plus \u00e9cout\u00e9e en France en 2025, d&rsquo;apr\u00e8s le magazine \u00ab\u00a0Billboard\u00a0\u00bb. Cela semble presque naturel pour la Franco-Congolaise de seulement 22 ans, dont le surnom est \u00ab\u00a0Big Boss Lady\u00a0\u00bb.\n<\/p>\n<p>      lire plus tard<\/p>\n<p id=\"dialog__title\" class=\"dialog__title\">Pour sauvegarder cet article, connectez-vous ou cr\u00e9ez un compte franceinfo<\/p>\n<p class=\"dialog__description\">Sans paiement. Sans abonnement.<\/p>\n<p>        Fermer la fen\u00eatre d\u2019activation des notifications France Info<\/p>\n<p>      cr\u00e9er votre compte<\/p>\n<p>      se connecter<\/p>\n<p>      :<\/p>\n<p>        Fermer la fen\u00eatre de pr\u00e9sentation<\/p>\n<p>    <img decoding=\"async\" class=\"signature__image\" width=\"44\" height=\"44\"  alt=\"\" src=\"https:\/\/www.franceinfo.fr\/assets\/common\/images\/galaxie-icons\/avatar-e7320e16.svg\" fetchpriority=\"high\"\/><\/p>\n<p>    Publi\u00e9 le 03\/01\/2026 08:42<\/p>\n<p>        Temps de lecture : 4min<\/p>\n<p>    <img decoding=\"async\"  alt=\"Theodora sur la sc\u00e8ne du festival rap Golden Coast, pr\u00e8s de Dijon, le 6 septembre 2025 (ARNAUD FINISTRE \/ AFP)\" width=\"432\" height=\"243\" src=\"https:\/\/www.europesays.com\/fr\/wp-content\/uploads\/2026\/01\/theod-6957fcff18163489675210.jpg\" fetchpriority=\"high\"\/><\/p>\n<p>      Theodora sur la sc\u00e8ne du festival rap Golden Coast, pr\u00e8s de Dijon, le 6 septembre 2025 (ARNAUD FINISTRE \/ AFP)<\/p>\n<p>C&rsquo;\u00e9tait il y a pr\u00e8s de 20 ans, mais Theodora se souvient comme si c&rsquo;\u00e9tait hier de sa d\u00e9couverte de Rihanna \u00e0 la t\u00e9l\u00e9vision. \u00c0 l&rsquo;\u00e9poque elle n&rsquo;a que 3 ans et demi, mais elle visualise encore le salon, le papier peint rose. Nous sommes en 2007, c&rsquo;est son premier souvenir de clip et cela la marque comme un coup de foudre. Elle explique pourquoi au journaliste David Blot sur Radio Nova\u00a0: \u00ab\u00a0C&rsquo;\u00e9tait l&rsquo;artiste que je voyais \u00e0 la t\u00e9l\u00e9 qui me marquait le plus. Et comme ce n&rsquo;\u00e9tait pas une femme blanche, \u00e7a me faisait une repr\u00e9sentation noire.\u00a0\u00bb<\/p>\n<p>Theodora, n\u00e9e en Suisse, habite alors en Gr\u00e8ce. Pour des raisons politiques, ses parents ont fui la R\u00e9publique D\u00e9mocratique du Congo et n&rsquo;arr\u00eatent pas de bouger. Apr\u00e8s la Gr\u00e8ce, ils font escale en RDC, puis sur l&rsquo;\u00eele de La R\u00e9union. En m\u00e9tropole, ils atterrissent dans le Val d&rsquo;Oise, puis pr\u00e8s de La Rochelle, de Bordeaux, en Bretagne\u2026 Et partout o\u00f9 elle passe, Theodora la m\u00e9lomane et l&rsquo;enfant de la t\u00e9l\u00e9 enregistre tout, y compris les musiques de pub \u00e0 Kinshasa. Sa m\u00e8re \u00e9coute en boucle le Congolais Koffi Olomid\u00e9. \u00c0 la maison il y a aussi un DVD de \u00ab\u00a0la m\u00e8re de la nation\u00a0\u00bb Tshala Muana.<\/p>\n<p>D\u00e8s l&rsquo;\u00e2ge de dix ans, Theodora, trop contente, ach\u00e8te ses premiers albums\u00a0: Stromae, Ma\u00eetre Gims\u2026 Et pour son premier concert, au m\u00eame \u00e2ge, c&rsquo;est Indila qu&rsquo;elle court applaudir. Sur sa playlist d&rsquo;\u00e9clectique, du rap \u00e9galement comme PSO Thug, qu&rsquo;elle \u00e9coute gr\u00e2ce \u00e0 son grand fr\u00e8re. Ils sont fusionnels. Ados, ils se mettent \u00e0 fabriquer des morceaux. Quand ils sortent le premier, Theodora a 16 ans. \u00c0 l&rsquo;\u00e9poque elle se voit bien changer le monde, faire du droit ou de la politique. En Bretagne, elle devient membre du Conseil r\u00e9gional des jeunes, en pr\u00e9side la commission Culture. Elle entre en pr\u00e9pa pour faire l&rsquo;hyper prestigieuse Ecole Normale Sup\u00e9rieure, mais changement de cap au bout de six mois\u00a0: ce qu&rsquo;elle veut, c&rsquo;est faire de la musique. Elle se pose en Seine-Saint-Denis, pr\u00e8s de Paris, en coloc avec son fr\u00e8re, qui est aussi son producteur et manager.<\/p>\n<p>\u00c0 ce moment-l\u00e0, le p\u00e8re de Theodora, pourtant m\u00e9lomane lui aussi, ne la soutient pas. Elle revient l\u00e0-dessus dans Couch, le podcast de Lena Situations\u00a0: \u00ab\u00a0Mon p\u00e8re m&rsquo;a dit : si tu veux faire \u00e7a, je ne te calcule plus, tu te d\u00e9brouilles toute seule. Je lui ai r\u00e9pondu je sais ce que je fais, si tu ne me calcules pas je m&rsquo;en fous. Tu verras dans un an et demi. Et un an et demi plus tard pile poil, il y a Kongolese qui tombe\u00a0!\u00a0\u00bb<\/p>\n<p>Quand elle dit \u00ab\u00a0Kongolese\u00a0\u00bb c&rsquo;est son morceau Kongolese sous BBL. C&rsquo;est le titre qui la fait exploser, en 2024 apr\u00e8s de longs mois de gal\u00e8re. BBL\u00a0: l&rsquo;acronyme la suit partout. Il signifie, entre autres, \u00ab\u00a0Big Boss Lady\u00a0\u00bb. Car Theodora est une patronne, ultra-d\u00e9termin\u00e9e\u00a0\u2014\u00a0inspir\u00e9e par son p\u00e8re d&rsquo;ailleurs, devenu m\u00e9decin vers 43 ans\u00a0\u2014 et ultra-libre. Sur sa premi\u00e8re mixtape, format moins formel qu&rsquo;un album, tellement de styles\u00a0: du bouyon antillais, de l&rsquo;amapiano sud-africain mais aussi du rock ou de la pop.<\/p>\n<p>L&rsquo;industrie musicale n&rsquo;attend pas une femme noire dans cette case, et Theodora ne demande pas la permission. Elle fait ce qu&rsquo;elle veut, porte aussi ce qu&rsquo;elle veut. Elle lit sur les r\u00e9seaux qu&rsquo;elle a grossi\u00a0? Cela lui donne envie de porter des choses encore plus courtes, encore plus serr\u00e9es, comme un message. L&rsquo;an dernier aux Flammes, c\u00e9r\u00e9monie qui c\u00e9l\u00e8bre les cultures populaires, elle est sacr\u00e9e R\u00e9v\u00e9lation F\u00e9minine de l&rsquo;ann\u00e9e. \u00ab\u00a0C&rsquo;est pour toutes les filles noires un peu bizarres, dit-elle sur sc\u00e8ne en brandissant son troph\u00e9e. Cette Flamme, elle est pour nous\u00a0!\u00a0\u00bb<\/p>\n<p>Et quand r\u00e9cemment, dans une vid\u00e9o, Jordan Bardella, le pr\u00e9sident du Rassemblement national, utilise un de ses morceaux, elle bondit\u00a0: \u00ab\u00a0Je ne partagerai jamais vos id\u00e9es\u00a0\u00bb, r\u00e9agit-elle. Plus jeune, Theodora a abandonn\u00e9 l&rsquo;id\u00e9e de la politique pour la musique, mais c&rsquo;est finalement les deux qu&rsquo;elle fait aujourd&rsquo;hui.<\/p>\n","protected":false},"excerpt":{"rendered":"Theodora est l&rsquo;artiste f\u00e9minine francophone la plus \u00e9cout\u00e9e en France en 2025, d&rsquo;apr\u00e8s le magazine \u00ab\u00a0Billboard\u00a0\u00bb. Cela semble&hellip;\n","protected":false},"author":2,"featured_media":638026,"comment_status":"","ping_status":"","sticky":false,"template":"","format":"standard","meta":{"footnotes":""},"categories":[1356],"tags":[58,59,1011,27,252,1364],"class_list":{"0":"post-638025","1":"post","2":"type-post","3":"status-publish","4":"format-standard","5":"has-post-thumbnail","7":"category-television","8":"tag-divertissement","9":"tag-entertainment","10":"tag-fr","11":"tag-france","12":"tag-television","13":"tag-tv"},"share_on_mastodon":{"url":"https:\/\/pubeurope.com\/@fr\/115830526186757353","error":""},"_links":{"self":[{"href":"https:\/\/www.europesays.com\/fr\/wp-json\/wp\/v2\/posts\/638025","targetHints":{"allow":["GET"]}}],"collection":[{"href":"https:\/\/www.europesays.com\/fr\/wp-json\/wp\/v2\/posts"}],"about":[{"href":"https:\/\/www.europesays.com\/fr\/wp-json\/wp\/v2\/types\/post"}],"author":[{"embeddable":true,"href":"https:\/\/www.europesays.com\/fr\/wp-json\/wp\/v2\/users\/2"}],"replies":[{"embeddable":true,"href":"https:\/\/www.europesays.com\/fr\/wp-json\/wp\/v2\/comments?post=638025"}],"version-history":[{"count":0,"href":"https:\/\/www.europesays.com\/fr\/wp-json\/wp\/v2\/posts\/638025\/revisions"}],"wp:featuredmedia":[{"embeddable":true,"href":"https:\/\/www.europesays.com\/fr\/wp-json\/wp\/v2\/media\/638026"}],"wp:attachment":[{"href":"https:\/\/www.europesays.com\/fr\/wp-json\/wp\/v2\/media?parent=638025"}],"wp:term":[{"taxonomy":"category","embeddable":true,"href":"https:\/\/www.europesays.com\/fr\/wp-json\/wp\/v2\/categories?post=638025"},{"taxonomy":"post_tag","embeddable":true,"href":"https:\/\/www.europesays.com\/fr\/wp-json\/wp\/v2\/tags?post=638025"}],"curies":[{"name":"wp","href":"https:\/\/api.w.org\/{rel}","templated":true}]}}