{"id":638033,"date":"2026-01-03T09:50:10","date_gmt":"2026-01-03T09:50:10","guid":{"rendered":"https:\/\/www.europesays.com\/fr\/638033\/"},"modified":"2026-01-03T09:50:10","modified_gmt":"2026-01-03T09:50:10","slug":"sa-maison-splendide-en-arizona","status":"publish","type":"post","link":"https:\/\/www.europesays.com\/fr\/638033\/","title":{"rendered":"sa maison splendide en Arizona"},"content":{"rendered":"<p>Depuis les ann\u00e9es 80, Jeanne Mas a bien chang\u00e9. Celle qui<br \/>\nchantait En rouge et noir vit aujourd\u00a0\u00bbhui loin des studios<br \/>\nd&rsquo;enregistrement parisiens. Elle habite d\u00e9sormais de l&rsquo;autre c\u00f4t\u00e9<br \/>\nde l&rsquo;Atlantique, aux \u00c9tats-Unis, profitant d&rsquo;une grande<br \/>\ntranquillit\u00e9.<\/p>\n<p>La maison tranquille de Jeanne Mas aux \u00c9tats-Unis<\/p>\n<p>Jeanne Mas <strong>s&rsquo;est install\u00e9e en Arizona<\/strong>. Elle y a<br \/>\nacquis un loft qu&rsquo;elle a transform\u00e9 au fil des ann\u00e9es, devenant<br \/>\nbien plus lumineux. Ici, chaque objet a \u00e9t\u00e9 choisi avec soin, mais<br \/>\nimpossible d&rsquo;y trouver <a href=\"https:\/\/www.lejournaldelamaison.fr\/le-journal-de-la-maison\/piece-par-piece\/salon\/si-vous-pouvez-pas-cacher-television-dans-salon-faites-ceci-a-la-place-511620.html\" target=\"_blank\" rel=\"noopener\"><br \/>\nla moindre t\u00e9l\u00e9vision<\/a>, ni t\u00e9l\u00e9phone. C&rsquo;est donc une vie bien<br \/>\nplus simple que m\u00e8ne la chanteuse aux \u00c9tats-Unis, <strong>en<br \/>\ncompagnie de ses deux lapins<\/strong>. Les quelques meubles qu&rsquo;elle<br \/>\nposs\u00e8de servent \u00e0 habiller un int\u00e9rieur au style minimaliste.<\/p>\n<p><a href=\"https:\/\/www.lejournaldelamaison.fr\/le-journal-de-la-maison\/decoration-par-style\/cosy\/matieres-naturelles-a-choisir-interieur-cosy-355850.html\" target=\"_blank\" rel=\"noopener\"><br \/>\nLes mati\u00e8res naturelles<\/a>, les tons pastel et les rideaux en<br \/>\nvelours <strong>mettent en valeur la d\u00e9co de cette maison<\/strong>.<br \/>\nJeanne Mas a aussi install\u00e9 de nombreuses plantes d&rsquo;int\u00e9rieur, dont<br \/>\nelle s&rsquo;occupe soigneusement. Pour elle, ces v\u00e9g\u00e9taux ne sont pas de<br \/>\nsimples d\u00e9corations, <strong>mais des \u00eatres vivants \u00e0 part<br \/>\nenti\u00e8re<\/strong>.<\/p>\n<p>Une petite station baln\u00e9aire<\/p>\n<p>L&rsquo;artiste profite de son jardin pour laisser libre cours<br \/>\n<strong>\u00e0 sa cr\u00e9ativit\u00e9 et \u00e0 son imagination<\/strong>. \u00ab\u00a0Mon<br \/>\njardin ressemblait \u00e0 <a href=\"https:\/\/www.lejournaldelamaison.fr\/maison\/ces-5-stations-en-bord-de-mer-pres-de-bordeaux-a-viser-avant-que-les-prix-ne-repartent-a-la-hausse-530603.html\" target=\"_blank\" rel=\"noopener\"><br \/>\nune station baln\u00e9aire<\/a>, chaque plante disposait de son<br \/>\nparasol\u00a0\u00bb, confiait-elle lors d&rsquo;un entretien accord\u00e9 au<br \/>\nPoint. Malgr\u00e9 les tr\u00e8s fortes chaleurs de l&rsquo;Arizona et des<br \/>\nvilles tr\u00e8s b\u00e9tonn\u00e9es, Jeanne Mas est parvenue \u00e0 <strong>cr\u00e9er un<br \/>\npetit coin de fra\u00eecheur<\/strong>.<\/p>\n<p>\u00ab\u00a0Phoenix, ce sont aussi des paysages <strong>qui n&rsquo;existent<br \/>\nnulle part ailleurs<\/strong>. <a href=\"https:\/\/www.lejournaldelamaison.fr\/le-journal-de-la-maison\/nouveautes\/tendances\/cactus-idees-adopter-dans-sa-deco-313099.html\" target=\"_blank\" rel=\"noopener\"><br \/>\nLes d\u00e9serts de cactus<\/a>, j&rsquo;en ai la chair de poule au coucher du<br \/>\nsoleil\u00a0\u00bb, ajoutait-elle. Sa passion pour la nature se ressent<br \/>\ndans tous les recoins de sa maison. Les pots y sont align\u00e9s et<br \/>\ndispos\u00e9s <strong>de fa\u00e7on \u00e0 accueillir la lumi\u00e8re<\/strong>.<\/p>\n<blockquote class=\"instagram-media\" style=\"background: #ffffff;border: 0;margin: 1px;width: 100%;padding: 0;max-width: 500px;\" data-instgrm-permalink=\"https:\/\/www.instagram.com\/p\/DH1ZDpmy3tt\/?utm_source=ig_embed\" data-instgrm-version=\"14\"\/><p>\nUn int\u00e9rieur qui refl\u00e8te la<br \/>\npersonnalit\u00e9 de Jeanne Mas<\/p>\n<p>L&rsquo;exil de la chanteuse loin de la France lui a permis <strong>de<br \/>\nse r\u00e9inventer totalement<\/strong>. Aux \u00c9tats-Unis, elle est une<br \/>\nparfaite inconnue et cela lui convient tr\u00e8s bien. Elle s&rsquo;est<br \/>\nreconvertie, fondant sa soci\u00e9t\u00e9 de production de courts-m\u00e9trages.<br \/>\nLoin des m\u00e9dias, elle a su se cr\u00e9er son cocon et s&rsquo;entourer<br \/>\nd&rsquo;objets <strong>qu&rsquo;elle appr\u00e9cie tout particuli\u00e8rement<\/strong> :<br \/>\n<a href=\"https:\/\/www.lejournaldelamaison.fr\/le-journal-de-la-maison\/reportages-maisons\/maisons-campagne\/bouddhas-christ-dore-sculptures-danimaux-limmense-maison-fondateur-gifi-roi-discount-philippe-ginestet-vaut-detour-capable-racheter-chateau-medieval-510092.html\" target=\"_blank\" rel=\"noopener\"><br \/>\ndes bouddhas<\/a>, des photos et des souvenirs de sa carri\u00e8re.<\/p>\n<p><a href=\"https:\/\/www.lejournaldelamaison.fr\/le-journal-de-la-maison\/reportages-maisons\/appartements\/jeanne-mas-hormis-table-nuit-petit-meuble-absolument-rien-dautre-television-telephone-loft-arizona-immense-terrasse-partage-avec-deux-512710.html\" target=\"_blank\" rel=\"noopener\"><br \/>\nL&rsquo;int\u00e9rieur de Jeanne Mas<\/a> <strong>refl\u00e8te pleinement sa<br \/>\npersonnalit\u00e9 atypique<\/strong>, ainsi que son go\u00fbt pour la po\u00e9sie.<br \/>\nEn Arizona, elle a trouv\u00e9 le parfait \u00e9quilibre entre une grande<br \/>\ntranquillit\u00e9 et l&rsquo;envie de cr\u00e9er. Un choix de vie qui correspond<br \/>\ntout \u00e0 fait <strong>\u00e0 l&rsquo;interpr\u00e8te de Johnny<br \/>\njohnny<\/strong>.<\/p>\n<p><script async src=\"\/\/www.instagram.com\/embed.js\"><\/script><\/p>\n","protected":false},"excerpt":{"rendered":"Depuis les ann\u00e9es 80, Jeanne Mas a bien chang\u00e9. Celle qui chantait En rouge et noir vit aujourd\u00a0\u00bbhui&hellip;\n","protected":false},"author":2,"featured_media":638034,"comment_status":"","ping_status":"","sticky":false,"template":"","format":"standard","meta":{"footnotes":""},"categories":[8],"tags":[13041,38500,50495,32672,1805,74548,58,3170,3026,59,1011,27,3354,5568,49697,2142,11078,74550,10650,74549,22212,70431,10649,4561,3711,71642,3758,319,252,96,8994],"class_list":{"0":"post-638033","1":"post","2":"type-post","3":"status-publish","4":"format-standard","5":"has-post-thumbnail","7":"category-divertissement","8":"tag-a","9":"tag-arizona","10":"tag-balneaire","11":"tag-chaque","12":"tag-de","13":"tag-dispose","14":"tag-divertissement","15":"tag-elle","16":"tag-en","17":"tag-entertainment","18":"tag-fr","19":"tag-france","20":"tag-jardin","21":"tag-jeanne","22":"tag-mas","23":"tag-maison","24":"tag-mon","25":"tag-ni","26":"tag-ou","27":"tag-parasol","28":"tag-plante","29":"tag-ressemble","30":"tag-sa","31":"tag-sans","32":"tag-son","33":"tag-splendide","34":"tag-station","35":"tag-telephone","36":"tag-television","37":"tag-une","38":"tag-vit"},"share_on_mastodon":{"url":"https:\/\/pubeurope.com\/@fr\/115830549638062864","error":""},"_links":{"self":[{"href":"https:\/\/www.europesays.com\/fr\/wp-json\/wp\/v2\/posts\/638033","targetHints":{"allow":["GET"]}}],"collection":[{"href":"https:\/\/www.europesays.com\/fr\/wp-json\/wp\/v2\/posts"}],"about":[{"href":"https:\/\/www.europesays.com\/fr\/wp-json\/wp\/v2\/types\/post"}],"author":[{"embeddable":true,"href":"https:\/\/www.europesays.com\/fr\/wp-json\/wp\/v2\/users\/2"}],"replies":[{"embeddable":true,"href":"https:\/\/www.europesays.com\/fr\/wp-json\/wp\/v2\/comments?post=638033"}],"version-history":[{"count":0,"href":"https:\/\/www.europesays.com\/fr\/wp-json\/wp\/v2\/posts\/638033\/revisions"}],"wp:featuredmedia":[{"embeddable":true,"href":"https:\/\/www.europesays.com\/fr\/wp-json\/wp\/v2\/media\/638034"}],"wp:attachment":[{"href":"https:\/\/www.europesays.com\/fr\/wp-json\/wp\/v2\/media?parent=638033"}],"wp:term":[{"taxonomy":"category","embeddable":true,"href":"https:\/\/www.europesays.com\/fr\/wp-json\/wp\/v2\/categories?post=638033"},{"taxonomy":"post_tag","embeddable":true,"href":"https:\/\/www.europesays.com\/fr\/wp-json\/wp\/v2\/tags?post=638033"}],"curies":[{"name":"wp","href":"https:\/\/api.w.org\/{rel}","templated":true}]}}