{"id":638039,"date":"2026-01-03T09:53:21","date_gmt":"2026-01-03T09:53:21","guid":{"rendered":"https:\/\/www.europesays.com\/fr\/638039\/"},"modified":"2026-01-03T09:53:21","modified_gmt":"2026-01-03T09:53:21","slug":"mamadi-doumbouya-un-ancien-legionnaire-a-la-tete-de-la-guinee","status":"publish","type":"post","link":"https:\/\/www.europesays.com\/fr\/638039\/","title":{"rendered":"Mamadi Doumbouya, un ancien l\u00e9gionnaire \u00e0 la t\u00eate de la Guin\u00e9e"},"content":{"rendered":"<p>\n    <strong>D\u00c9CRYPTAGE<\/strong> &#8211; Auteur d\u2019un putsch en 2021, il a remport\u00e9 sans mal une pr\u00e9sidentielle dans un pays tenu d\u2019une main de fer.<\/p>\n<p class=\"fig-paragraph\">Les promesses n\u2019engagent que ceux qui les croient.\u00a0Mamadi Doumbouya, ce putschiste qui s\u2019\u00e9tait engag\u00e9 \u00e0 rendre le pouvoir aux civils,\u00a0<a href=\"http:\/\/www.lefigaro.fr\/international\/guinee-sacre-sans-surprise-du-putschiste-mamadi-doumbouya-elu-president-du-pays-20251231\" data-fig-type=\"NewsFlash\" data-gtm-custom-categorie=\"navigation\" data-gtm-custom-action=\"crossclick\" data-gtm-custom-label=\"Contextuel\" data-gtm-event=\"customEventSPE\" data-fig-domain=\"LEFIGARO\" target=\"_blank\" rel=\"noopener\">a remport\u00e9 dimanche l\u2019\u00e9lection pr\u00e9sidentielle<\/a>\u00a0en Guin\u00e9e. La victoire en elle-m\u00eame n\u2019a pas vraiment surpris. Le d\u00e9sormais chef de l\u2019\u00c9tat \u00e9lu et son entourage avaient fait en sorte de r\u00e9duire au maximum les\u00a0<a href=\"http:\/\/www.lefigaro.fr\/international\/guinee-un-groupe-arme-neutralise-a-quelques-heures-de-la-presidentielle-20251228\" data-fig-type=\"NewsFlash\" data-gtm-custom-categorie=\"navigation\" data-gtm-custom-action=\"crossclick\" data-gtm-custom-label=\"Contextuel\" data-gtm-event=\"customEventSPE\" data-fig-domain=\"LEFIGARO\" target=\"_blank\" rel=\"noopener\">risques d\u2019al\u00e9as \u00e9lectoraux<\/a>. Les principaux opposants, contraints \u00e0 l\u2019exil et appelant en vain au boycott, avaient \u00e9t\u00e9 \u00e9cart\u00e9s de la course tandis que les<a href=\"http:\/\/www.lefigaro.fr\/international\/presidentielle-en-guinee-9-candidats-retenus-dont-mamadi-doumbouya-20251109\" data-fig-type=\"NewsFlash\" data-gtm-custom-categorie=\"navigation\" data-gtm-custom-action=\"crossclick\" data-gtm-custom-label=\"Contextuel\" data-gtm-event=\"customEventSPE\" data-fig-domain=\"LEFIGARO\" target=\"_blank\" rel=\"noopener\">\u00a0rares challengers<\/a>\u00a0avaient mis en sourdine leurs critiques dans un pays tenu de main de fer. Les r\u00e9sultats sont l\u00e0, mis en doute par l\u2019opposition, mais sans appel\u00a0: un score de 86,72\u00a0% des voix et une participation de 80,95\u00a0%, selon des r\u00e9sultats provisoires. Pour ce triomphe qui entend l\u00e9gitimer son coup d\u2019\u00c9tat de septembre 2021, Mamadi Doumbouya, taiseux et discret, n\u2019a pas forc\u00e9 sa nature.<\/p>\n<p class=\"fig-paragraph\">Sa campagne s\u2019est r\u00e9duite \u00e0 un simple clip vid\u00e9o, o\u00f9 ce colosse de 41 ans joue de son charisme physique, et \u00e0\u2026<\/p>\n<p class=\"fig-premium-paywall__infos\">\n        Cet article est r\u00e9serv\u00e9 aux abonn\u00e9s.        Il vous reste 83% \u00e0 d\u00e9couvrir.\n    <\/p>\n<p>                <img  data- alt=\"Le Figaro\" class=\"fig-img--complete fig-img\"\/><\/p>\n<p class=\"fig-premium-paywall__title\">Vous avez envie de lire la suite ?<\/p>\n<p class=\"fig-premium-paywall__subtitle\">D\u00e9bloquez tous les articles imm\u00e9diatement.<\/p>\n<p class=\"fig-premium-paywall__connect\">\n                D\u00e9j\u00e0 abonn\u00e9\u00a0?                <a class=\"fig-premium-paywall__connect-link\" href=\"https:\/\/connect.lefigaro.fr\/login?client=horizon_web&amp;type=main&amp;redirect_uri=https%3A%2F%2Fwww.lefigaro.fr%2Finternational%2Fmamadi-doumbouya-un-ancien-legionnaire-a-la-tete-de-la-guinee-20260102\" data-js-gtm=\"{&quot;customCategorie&quot;: &quot;conversion&quot;, &quot;customAction&quot;: &quot;before_Landing_Connexion_paywall_auto&quot;, &quot;customLabel&quot;: &quot;bGVmaWdhcm8uZnJfXzFmMGU3YzMyLTE4YjQtNjYyNC1iNzc4LTNmMGQ1N2Y3NjVlYl9fQXJ0aWNsZQ==_Mamadi Doumbouya, un ancien l\u00e9gionnaire \u00e0 la t\u00eate de la Guin\u00e9e_108&quot;, &quot;customIDSPE&quot;: &quot;bGVmaWdhcm8uZnJfXzFmMGU3YzMyLTE4YjQtNjYyNC1iNzc4LTNmMGQ1N2Y3NjVlYl9fQXJ0aWNsZQ==&quot;, &quot;event&quot;: &quot;customEventSPE&quot;}\" target=\"_blank\" rel=\"noopener\"><br \/>\n                    Connectez-vous<br \/>\n                <\/a>\n            <\/p>\n","protected":false},"excerpt":{"rendered":"D\u00c9CRYPTAGE &#8211; Auteur d\u2019un putsch en 2021, il a remport\u00e9 sans mal une pr\u00e9sidentielle dans un pays tenu&hellip;\n","protected":false},"author":2,"featured_media":638040,"comment_status":"","ping_status":"","sticky":false,"template":"","format":"standard","meta":{"footnotes":""},"categories":[5],"tags":[11,1011,27,15627,14,12,28],"class_list":{"0":"post-638039","1":"post","2":"type-post","3":"status-publish","4":"format-standard","5":"has-post-thumbnail","7":"category-international","8":"tag-actualites","9":"tag-fr","10":"tag-france","11":"tag-guinee","12":"tag-international","13":"tag-news","14":"tag-world"},"share_on_mastodon":{"url":"https:\/\/pubeurope.com\/@fr\/115830561453822484","error":""},"_links":{"self":[{"href":"https:\/\/www.europesays.com\/fr\/wp-json\/wp\/v2\/posts\/638039","targetHints":{"allow":["GET"]}}],"collection":[{"href":"https:\/\/www.europesays.com\/fr\/wp-json\/wp\/v2\/posts"}],"about":[{"href":"https:\/\/www.europesays.com\/fr\/wp-json\/wp\/v2\/types\/post"}],"author":[{"embeddable":true,"href":"https:\/\/www.europesays.com\/fr\/wp-json\/wp\/v2\/users\/2"}],"replies":[{"embeddable":true,"href":"https:\/\/www.europesays.com\/fr\/wp-json\/wp\/v2\/comments?post=638039"}],"version-history":[{"count":0,"href":"https:\/\/www.europesays.com\/fr\/wp-json\/wp\/v2\/posts\/638039\/revisions"}],"wp:featuredmedia":[{"embeddable":true,"href":"https:\/\/www.europesays.com\/fr\/wp-json\/wp\/v2\/media\/638040"}],"wp:attachment":[{"href":"https:\/\/www.europesays.com\/fr\/wp-json\/wp\/v2\/media?parent=638039"}],"wp:term":[{"taxonomy":"category","embeddable":true,"href":"https:\/\/www.europesays.com\/fr\/wp-json\/wp\/v2\/categories?post=638039"},{"taxonomy":"post_tag","embeddable":true,"href":"https:\/\/www.europesays.com\/fr\/wp-json\/wp\/v2\/tags?post=638039"}],"curies":[{"name":"wp","href":"https:\/\/api.w.org\/{rel}","templated":true}]}}