{"id":638054,"date":"2026-01-03T10:07:14","date_gmt":"2026-01-03T10:07:14","guid":{"rendered":"https:\/\/www.europesays.com\/fr\/638054\/"},"modified":"2026-01-03T10:07:14","modified_gmt":"2026-01-03T10:07:14","slug":"mercato-un-attaquant-du-fc-rouen-vers-valenciennes","status":"publish","type":"post","link":"https:\/\/www.europesays.com\/fr\/638054\/","title":{"rendered":"Mercato. Un attaquant du FC Rouen vers Valenciennes ?"},"content":{"rendered":"<p><img loading=\"lazy\" decoding=\"async\" width=\"696\" height=\"464\" class=\"lazyload entry-thumb\" src=\"https:\/\/www.europesays.com\/fr\/wp-content\/uploads\/2026\/01\/FCRLBC-305-696x464.jpg\" alt=\"National Rouen - Ch\u00e2teauroux (Fabrice Four\u00e8s)\" title=\"National Rouen - Ch\u00e2teauroux (Fabrice Four\u00e8s)\"\/>National Rouen &#8211; Ch\u00e2teauroux (Fabrice Four\u00e8s)<\/p>\n<p style=\"font-size:20px\"><strong>D\u2019apr\u00e8s les informations du Parisien, Charles Abi pourrait quitter le FC Rouen, pourtant leader du National, pour rejoindre le Valenciennes FC, en grande difficult\u00e9 dans le championnat.<\/strong><\/p>\n<p>Le mouvement surprise de cet hiver en National ? Rouen, <a href=\"https:\/\/footamateur.ouest-france.fr\/national-la-course-a-la-montee-directe-en-ligue-2-deja-pliee\/\" target=\"_blank\" rel=\"noreferrer noopener\">en course pour l\u2019accession en Ligue 2 <\/a>apr\u00e8s son excellente premi\u00e8re partie de saison, pourrait en effet perdre un de ses attaquants, Charles Abie, d\u2019apr\u00e8s les informations du Parisien.<\/p>\n<p>Le joueur de 25 ans \u00e9tait arriv\u00e9 il y a un an en Normandie. S\u2019il a manqu\u00e9 quelques rencontres cette saison pour cause de blessure ou de suspension, il \u00e9tait n\u00e9anmoins par exemple titulaire lors des quatre derni\u00e8res journ\u00e9es avant la tr\u00eave et il a inscrit, au total depuis son arriv\u00e9e, 10 buts en 22 apparitions en National.<\/p>\n<p>Le VAFC, qui n\u2019a inscrit que 15 buts depuis le coup d\u2019envoi de la saison de N1, pourrait r\u00e9cup\u00e9rer un joueur qui connait le niveau. Pour l\u2019anecdote, Abi, form\u00e9 \u00e0 l\u2019AS Saint-Etienne, avait <a href=\"https:\/\/letalkshowstephanois.fr\/mercato-abi-sur-le-point-detre-prete\/\" target=\"_blank\" rel=\"noopener\">refus\u00e9 de rejoindre Valenciennes en pr\u00eat il y a quelques saisons<\/a>.<\/p>\n<p><a href=\"https:\/\/footamateur.ouest-france.fr\/author\/fred\/\" class=\"url\" title=\"Fr\u00e9d\u00e9ric Sougey\" target=\"_blank\" rel=\"noopener\"> <img decoding=\"async\" src=\"https:\/\/www.europesays.com\/fr\/wp-content\/uploads\/2025\/04\/gnlpcfya_400x400.jpg\" class=\"lazyload photo\" width=\"250\" alt=\"Fr\u00e9d\u00e9ric Sougey\"\/><\/a><\/p>\n<p>Journaliste chez Sports M\u00e9dia<\/p>\n<p>Elev\u00e9 au c\u0153ur des Alpes, Fred quitte (temporairement) son Grenoble ador\u00e9 pour pr\u00eater sa plume et son regard au monde amateur et plus particuli\u00e8rement au Championnat National dont il est un assidu observateur. Fan de tartiflette, de Karim Mokeddem et de Mulholland Drive. Les bonnes choses de la vie, en somme.<\/p>\n<p><a href=\"https:\/\/footamateur.ouest-france.fr\/author\/fred\/\" class=\"url\" title=\"Fr\u00e9d\u00e9ric Sougey\" target=\"_blank\" rel=\"noopener\"><img decoding=\"async\" src=\"https:\/\/www.europesays.com\/fr\/wp-content\/uploads\/2025\/04\/gnlpcfya_400x400.jpg\" class=\"lazyload photo\" width=\"250\" alt=\"Fr\u00e9d\u00e9ric Sougey\"\/><\/a>Les derniers articles par Fr\u00e9d\u00e9ric Sougey (<a href=\"https:\/\/footamateur.ouest-france.fr\/author\/fred\/\" target=\"_blank\" rel=\"noopener\">tout voir<\/a>)<\/p>\n","protected":false},"excerpt":{"rendered":"National Rouen &#8211; Ch\u00e2teauroux (Fabrice Four\u00e8s) D\u2019apr\u00e8s les informations du Parisien, Charles Abi pourrait quitter le FC Rouen,&hellip;\n","protected":false},"author":2,"featured_media":638055,"comment_status":"","ping_status":"","sticky":false,"template":"","format":"standard","meta":{"footnotes":""},"categories":[9587],"tags":[1111,11,1777,674,12003,1011,27,12,5161,25,9590,31459],"class_list":{"0":"post-638054","1":"post","2":"type-post","3":"status-publish","4":"format-standard","5":"has-post-thumbnail","7":"category-rouen","8":"tag-actu","9":"tag-actualites","10":"tag-eu","11":"tag-europe","12":"tag-fc-rouen","13":"tag-fr","14":"tag-france","15":"tag-news","16":"tag-normandie","17":"tag-republique-francaise","18":"tag-rouen","19":"tag-valenciennes-fc"},"share_on_mastodon":{"url":"https:\/\/pubeurope.com\/@fr\/115830616537804735","error":""},"_links":{"self":[{"href":"https:\/\/www.europesays.com\/fr\/wp-json\/wp\/v2\/posts\/638054","targetHints":{"allow":["GET"]}}],"collection":[{"href":"https:\/\/www.europesays.com\/fr\/wp-json\/wp\/v2\/posts"}],"about":[{"href":"https:\/\/www.europesays.com\/fr\/wp-json\/wp\/v2\/types\/post"}],"author":[{"embeddable":true,"href":"https:\/\/www.europesays.com\/fr\/wp-json\/wp\/v2\/users\/2"}],"replies":[{"embeddable":true,"href":"https:\/\/www.europesays.com\/fr\/wp-json\/wp\/v2\/comments?post=638054"}],"version-history":[{"count":0,"href":"https:\/\/www.europesays.com\/fr\/wp-json\/wp\/v2\/posts\/638054\/revisions"}],"wp:featuredmedia":[{"embeddable":true,"href":"https:\/\/www.europesays.com\/fr\/wp-json\/wp\/v2\/media\/638055"}],"wp:attachment":[{"href":"https:\/\/www.europesays.com\/fr\/wp-json\/wp\/v2\/media?parent=638054"}],"wp:term":[{"taxonomy":"category","embeddable":true,"href":"https:\/\/www.europesays.com\/fr\/wp-json\/wp\/v2\/categories?post=638054"},{"taxonomy":"post_tag","embeddable":true,"href":"https:\/\/www.europesays.com\/fr\/wp-json\/wp\/v2\/tags?post=638054"}],"curies":[{"name":"wp","href":"https:\/\/api.w.org\/{rel}","templated":true}]}}