{"id":638056,"date":"2026-01-03T10:09:13","date_gmt":"2026-01-03T10:09:13","guid":{"rendered":"https:\/\/www.europesays.com\/fr\/638056\/"},"modified":"2026-01-03T10:09:13","modified_gmt":"2026-01-03T10:09:13","slug":"grenoble-ecole-de-management-confrontee-a-une-fuite-de-donnees-personnelles-limitee","status":"publish","type":"post","link":"https:\/\/www.europesays.com\/fr\/638056\/","title":{"rendered":"Grenoble \u00c9cole de Management confront\u00e9e \u00e0 une fuite de donn\u00e9es personnelles limit\u00e9e"},"content":{"rendered":"<p itemprop=\"description\"><strong>Dans un contexte de campagnes de cyberattaques de grande ampleur touchant de nombreuses organisations, Grenoble \u00c9cole de Management fait partie des structures concern\u00e9es.<\/strong><\/p>\n<p>L\u2019\u00e9tablissement grenoblois indique avoir \u00e9t\u00e9 inform\u00e9 de la circulation de donn\u00e9es qui lui sont attribu\u00e9es, malgr\u00e9 des dispositifs de s\u00e9curit\u00e9 renforc\u00e9s d\u00e9ploy\u00e9s ces derniers mois.<\/p>\n<p>Dans son communiqu\u00e9, GEM pr\u00e9cise que \u00ab\u00a0des analyses ont \u00e9t\u00e9 engag\u00e9es afin d\u2019en \u00e9valuer la nature et la port\u00e9e\u00a0\u00bb d\u00e8s l\u2019identification de la situation. \u00c0 ce stade, les \u00e9l\u00e9ments examin\u00e9s portent sur \u00ab\u00a0des donn\u00e9es personnelles limit\u00e9es de nos communaut\u00e9s\u00a0\u00bb, comprenant principalement des informations d\u2019identification et de contact.<\/p>\n<p>L\u2019\u00e9cole se veut toutefois rassurante, affirmant qu\u2019\u00a0\u00bbaucune information sensible, de type mot de passe ou donn\u00e9e bancaire, n\u2019a \u00e9t\u00e9 compromise\u00a0\u00bb.<\/p>\n<p>Conform\u00e9ment \u00e0 la r\u00e9glementation en vigueur, Grenoble \u00c9cole de Management a engag\u00e9 les d\u00e9marches n\u00e9cessaires aupr\u00e8s des autorit\u00e9s comp\u00e9tentes, \u00e0 savoir la CNIL et l\u2019ANSSI. L\u2019\u00e9tablissement indique par ailleurs que les personnes concern\u00e9es sont inform\u00e9es directement, avec un rappel des mesures de vigilance \u00e0 adopter.<\/p>\n<p>Par mesure de pr\u00e9caution, GEM appelle l\u2019ensemble de ses parties prenantes \u00e0 la plus grande attention face aux risques de fraude. Le communiqu\u00e9 \u00e9voque notamment \u00ab\u00a0des e-mails, SMS ou appels inattendus se pr\u00e9sentant comme \u00e9manant de l\u2019\u00c9cole ou de partenaires\u00a0\u00bb, ainsi que des messages \u00ab\u00a0invitant \u00e0 cliquer sur un lien, t\u00e9l\u00e9charger un document ou fournir des informations personnelles\u00a0\u00bb.<\/p>\n","protected":false},"excerpt":{"rendered":"Dans un contexte de campagnes de cyberattaques de grande ampleur touchant de nombreuses organisations, Grenoble \u00c9cole de Management&hellip;\n","protected":false},"author":2,"featured_media":638057,"comment_status":"","ping_status":"","sticky":false,"template":"","format":"standard","meta":{"footnotes":""},"categories":[9566],"tags":[1111,11,2813,2430,1109,251,1112,2811,1777,674,118,1011,27,21780,2731,14004,1922,1110,1114,108,12,316,25,2812,517,800],"class_list":{"0":"post-638056","1":"post","2":"type-post","3":"status-publish","4":"format-standard","5":"has-post-thumbnail","7":"category-grenoble","8":"tag-actu","9":"tag-actualites","10":"tag-article","11":"tag-auvergne-rhone-alpes","12":"tag-breves","13":"tag-culture","14":"tag-depeches","15":"tag-economique","16":"tag-eu","17":"tag-europe","18":"tag-faits-divers","19":"tag-fr","20":"tag-france","21":"tag-gf38","22":"tag-grenoble","23":"tag-grenoblemag","24":"tag-info","25":"tag-informations","26":"tag-infos","27":"tag-isere","28":"tag-news","29":"tag-politique","30":"tag-republique-francaise","31":"tag-sociale","32":"tag-sport","33":"tag-transports"},"share_on_mastodon":{"url":"https:\/\/pubeurope.com\/@fr\/115830624280712476","error":""},"_links":{"self":[{"href":"https:\/\/www.europesays.com\/fr\/wp-json\/wp\/v2\/posts\/638056","targetHints":{"allow":["GET"]}}],"collection":[{"href":"https:\/\/www.europesays.com\/fr\/wp-json\/wp\/v2\/posts"}],"about":[{"href":"https:\/\/www.europesays.com\/fr\/wp-json\/wp\/v2\/types\/post"}],"author":[{"embeddable":true,"href":"https:\/\/www.europesays.com\/fr\/wp-json\/wp\/v2\/users\/2"}],"replies":[{"embeddable":true,"href":"https:\/\/www.europesays.com\/fr\/wp-json\/wp\/v2\/comments?post=638056"}],"version-history":[{"count":0,"href":"https:\/\/www.europesays.com\/fr\/wp-json\/wp\/v2\/posts\/638056\/revisions"}],"wp:featuredmedia":[{"embeddable":true,"href":"https:\/\/www.europesays.com\/fr\/wp-json\/wp\/v2\/media\/638057"}],"wp:attachment":[{"href":"https:\/\/www.europesays.com\/fr\/wp-json\/wp\/v2\/media?parent=638056"}],"wp:term":[{"taxonomy":"category","embeddable":true,"href":"https:\/\/www.europesays.com\/fr\/wp-json\/wp\/v2\/categories?post=638056"},{"taxonomy":"post_tag","embeddable":true,"href":"https:\/\/www.europesays.com\/fr\/wp-json\/wp\/v2\/tags?post=638056"}],"curies":[{"name":"wp","href":"https:\/\/api.w.org\/{rel}","templated":true}]}}