{"id":63806,"date":"2025-04-30T07:29:08","date_gmt":"2025-04-30T07:29:08","guid":{"rendered":"https:\/\/www.europesays.com\/fr\/63806\/"},"modified":"2025-04-30T07:29:08","modified_gmt":"2025-04-30T07:29:08","slug":"pro-d2-le-vrdr-sur-un-joueur-experimente-doyonnax","status":"publish","type":"post","link":"https:\/\/www.europesays.com\/fr\/63806\/","title":{"rendered":"Pro D2. Le VRDR sur un joueur exp\u00e9riment\u00e9 d&rsquo;Oyonnax ?"},"content":{"rendered":"<p>D\u00e9j\u00e0 assur\u00e9 d\u2019\u00eatre maintenu en Pro D2 gr\u00e2ce \u00e0 son <a href=\"https:\/\/www.ledauphine.com\/sport\/2025\/04\/25\/succes-fou-avec-10-essais-valence-romans-valide-son-maintien-en-pro-d2\" target=\"_blank\" rel=\"noopener\">succ\u00e8s brillant<\/a> face \u00e0 Nevers (69-21) au stade Georges Pompidou, le VRDR peut d\u00e9sormais regarder vers la saison prochaine. Notamment du c\u00f4t\u00e9 des arriv\u00e9es, dans lesquelles un deuxi\u00e8me ligne est cibl\u00e9.<\/p>\n<p><strong>&gt;&gt;\u00a0<\/strong><a href=\"https:\/\/www.ledauphine.com\/sport\/calendrier-resultats\/rugby\/national-pro-d2-saison-reguliere\" target=\"_blank\" rel=\"noopener\"><strong>Les r\u00e9sultats, le classement et le calendrier de Pro D2\u00a0<\/strong><\/a><\/p>\n<p><a href=\"https:\/\/www.rugbyrama.fr\/2025\/04\/28\/exclu-midol-pro-d2-hugo-fabregue-oyonnax-desire-plusieurs-departs-actes-ca-bouge-a-valence-romans-12664058.php\" target=\"_blank\" rel=\"noopener\">Selon nos confr\u00e8res du Midi Olympique<\/a>, Hugo Fabregue (32 ans, Oyonnax), en fin de contrat avec la formation aindinoise, figurerait dans les plans du staff valentino-romanais. Un joueur exp\u00e9riment\u00e9 en Pro D2 avec ses 165 rencontres disput\u00e9es, 18 lors de l\u2019exercice 2024-2025. Avant les deux derni\u00e8res journ\u00e9es, \u00e0 Mont-de-Marsan, puis \u00e0 domicile face \u00e0 Soyaux-Angoul\u00eame, le VRDR pourrait d\u00e9j\u00e0 d\u00e9buter son mercato.<\/p>\n","protected":false},"excerpt":{"rendered":"D\u00e9j\u00e0 assur\u00e9 d\u2019\u00eatre maintenu en Pro D2 gr\u00e2ce \u00e0 son succ\u00e8s brillant face \u00e0 Nevers (69-21) au stade&hellip;\n","protected":false},"author":2,"featured_media":63807,"comment_status":"","ping_status":"","sticky":false,"template":"","format":"standard","meta":{"footnotes":""},"categories":[1416],"tags":[2738,2730,4637,2735,1701,1011,27,2729,2308,1479,2736,479,1468,517,1947,60,2733,2734,2728],"class_list":{"0":"post-63806","1":"post","2":"type-post","3":"status-publish","4":"format-standard","5":"has-post-thumbnail","7":"category-rugby","8":"tag-ain","9":"tag-drome","10":"tag-edition-grand-geneve-chablais-ain","11":"tag-edition-valence-rhone-crussol-vallee-de-la-drome","12":"tag-fil-info-sport","13":"tag-fr","14":"tag-france","15":"tag-oyonnax","16":"tag-pro-d2","17":"tag-romans","18":"tag-romans-sur-isere","19":"tag-rugby","20":"tag-rugby-football","21":"tag-sport","22":"tag-sport-national","23":"tag-sports","24":"tag-valence","25":"tag-valence-bassin","26":"tag-vrdr-valence-romans-drome-rugby"},"share_on_mastodon":{"url":"https:\/\/pubeurope.com\/@fr\/114425742203780231","error":""},"_links":{"self":[{"href":"https:\/\/www.europesays.com\/fr\/wp-json\/wp\/v2\/posts\/63806","targetHints":{"allow":["GET"]}}],"collection":[{"href":"https:\/\/www.europesays.com\/fr\/wp-json\/wp\/v2\/posts"}],"about":[{"href":"https:\/\/www.europesays.com\/fr\/wp-json\/wp\/v2\/types\/post"}],"author":[{"embeddable":true,"href":"https:\/\/www.europesays.com\/fr\/wp-json\/wp\/v2\/users\/2"}],"replies":[{"embeddable":true,"href":"https:\/\/www.europesays.com\/fr\/wp-json\/wp\/v2\/comments?post=63806"}],"version-history":[{"count":0,"href":"https:\/\/www.europesays.com\/fr\/wp-json\/wp\/v2\/posts\/63806\/revisions"}],"wp:featuredmedia":[{"embeddable":true,"href":"https:\/\/www.europesays.com\/fr\/wp-json\/wp\/v2\/media\/63807"}],"wp:attachment":[{"href":"https:\/\/www.europesays.com\/fr\/wp-json\/wp\/v2\/media?parent=63806"}],"wp:term":[{"taxonomy":"category","embeddable":true,"href":"https:\/\/www.europesays.com\/fr\/wp-json\/wp\/v2\/categories?post=63806"},{"taxonomy":"post_tag","embeddable":true,"href":"https:\/\/www.europesays.com\/fr\/wp-json\/wp\/v2\/tags?post=63806"}],"curies":[{"name":"wp","href":"https:\/\/api.w.org\/{rel}","templated":true}]}}