{"id":638062,"date":"2026-01-03T10:13:20","date_gmt":"2026-01-03T10:13:20","guid":{"rendered":"https:\/\/www.europesays.com\/fr\/638062\/"},"modified":"2026-01-03T10:13:20","modified_gmt":"2026-01-03T10:13:20","slug":"recrutements-nouvelle-direction-logc-nice-pret-pour-un-nouveau-depart-reponse-ce-samedi-soir-contre-strasbourg","status":"publish","type":"post","link":"https:\/\/www.europesays.com\/fr\/638062\/","title":{"rendered":"Recrutements, nouvelle direction&#8230; L\u2019OGC Nice pr\u00eat pour un nouveau d\u00e9part ? R\u00e9ponse ce samedi soir contre Strasbourg"},"content":{"rendered":"<p class=\"fs-5 \">La r\u00e9solution de l\u2019OGC Nice pour 2026 ? Sans doute ne pas faire revivre \u00e0 ses supporters l\u2019affreux semestre qui vient de s\u2019achever.<\/p>\n<p class=\"fs-5 \">Les rebondissements et les d\u00e9ceptions n\u2019ont pas manqu\u00e9 ces derniers mois mais cela appartient au pass\u00e9 et c\u2019est dans une tout autre dynamique en coulisses que le Gym, 13e de Ligue 1 \u00e0 5 points du barragiste, attaque la suite de sa saison.<\/p>\n<p class=\"fs-5 \"><strong>Le duo d\u2019anciens pr\u00e9sidents Riv\u00e8re-Cohen<\/strong> est arriv\u00e9 \u00e0 la rescousse et il a choisi un autre ex de la maison rouge et noire Claude Puel pour mener l\u2019op\u00e9ration maintien au sein d\u2019un commando qui fleure certes la nostalgie mais surtout l\u2019amour du club et l\u2019exp\u00e9rience.<\/p>\n<p class=\"fs-5 \">La mission commence d\u00e8s ce samedi soir <strong>contre Strasbourg, septi\u00e8me<\/strong>, dans une Allianz Riviera d\u00e9barrass\u00e9e du poids du boycott, m\u00eame s\u2019il faut encore patienter pour les retrouvailles avec la Populaire Sud.<\/p>\n<p>        <img src=\"https:\/\/www.europesays.com\/fr\/wp-content\/uploads\/2026\/01\/c3d63f0_upload-1-2sbovlgkkosq-img-2554.jpg\"   loading=\"lazy\" decoding=\"async\" alt=\"Val\u00e8re Germain, ancien attaquant de l\u2019OGC Nice pendant la saison 2015-2016.\" class=\"img-fluid position-absolute w-100 object-fit-cover rounded-2\" width=\"600\" height=\"400\"\/><\/p>\n<p>                                                                                Wahi sur le banc, 16 absents<\/p>\n<p class=\"fs-5 \">Puel peut-il faire mieux que son pr\u00e9d\u00e9cesseur Franck Haise ? C\u2019est une question \u00e0 laquelle on est aujourd\u2019hui bien incapable de r\u00e9pondre et qui ne trouvera d\u2019ailleurs pas de r\u00e9ponse imm\u00e9diate.<\/p>\n<p class=\"fs-5 \">Ce que l\u2019on sait en revanche, c\u2019est que la situation intenable en interne r\u00e9clamait du changement et du neuf. Un 9, c\u2019est exactement ce que l\u2019OGC Nice est all\u00e9 chercher, du c\u00f4t\u00e9 de<strong> l\u2019Eintracht Francfort avec Elye Wahi<\/strong>.<\/p>\n<p class=\"fs-5 \">L\u2019ancien Montpelli\u00e9rain a du talent mais une jauge de confiance \u00e0 0 et il n\u2019aurait pas mis toutes les chances de son c\u00f4t\u00e9 en Allemagne pour la faire remonter.<\/p>\n<p class=\"fs-5 \">Or, le joueur de 23 ans est dos au mur, le club aussi et le deal pourrait \u00eatre sacr\u00e9ment payant pour une \u00e9quipe qui a brill\u00e9 par son inefficacit\u00e9 depuis le d\u00e9but de la saison.<\/p>\n<p class=\"fs-5 \">Il faudra patienter un peu pour le voir \u00e0 l\u2019\u0153uvre puisque Wahi a \u00e9t\u00e9 jug\u00e9 trop juste physiquement pour \u00eatre align\u00e9 d\u2019entr\u00e9e ce soir dans un premier onze qui n\u2019aura pas laiss\u00e9 beaucoup de marge de man\u0153uvre \u00e0 Claude Puel, en raison des tr\u00e8s nombreuses absences (16 !).<\/p>\n<p class=\"fs-5 \">Redresser un club qui reste sur six d\u00e9faites d\u2019affil\u00e9e en championnat n\u2019\u00e9tait d\u00e9j\u00e0 pas t\u00e2che ais\u00e9e, le faire dans ces \u00ab conditions tr\u00e8s particuli\u00e8res \u00bb est un sacr\u00e9 challenge.<\/p>\n<p class=\"fs-5 \">Mais le nouvel entra\u00eeneur ni\u00e7ois a appr\u00e9ci\u00e9 les premiers \u00e9changes avec son effectif et ce que ce dernier, m\u00eame d\u00e9cim\u00e9, a montr\u00e9 en s\u00e9ances, lors de cinq premiers jours v\u00e9cus intens\u00e9ment et en vitesse acc\u00e9l\u00e9r\u00e9e.<\/p>\n<p class=\"fs-5 \">\u00ab Tout ne sera pas parfait. On a besoin de spontan\u00e9it\u00e9, de se l\u00e2cher, d\u2019entreprendre. Mais j\u2019aimerais voir sur le terrain ce que j\u2019ai aper\u00e7u \u00e0 l\u2019entra\u00eenement \u00bb, a expliqu\u00e9 Puel. Lequel a beaucoup insist\u00e9 aupr\u00e8s de ses hommes sur la notion de plaisir, en plus d\u2019esquisser les pr\u00e9mices du style qu\u2019il souhaite imprimer.<\/p>\n<p class=\"fs-5 \">La qualification contre Saint-Etienne (2-1), avant la tr\u00eave et le d\u00e9part de Franck Haise, avait particip\u00e9 \u00e0 ramener un peu de sourires dans les rangs du Gym. Le premier match de l\u2019ann\u00e9e doit initier son renouveau.<\/p>\n","protected":false},"excerpt":{"rendered":"La r\u00e9solution de l\u2019OGC Nice pour 2026 ? Sans doute ne pas faire revivre \u00e0 ses supporters l\u2019affreux&hellip;\n","protected":false},"author":2,"featured_media":638063,"comment_status":"","ping_status":"","sticky":false,"template":"","format":"standard","meta":{"footnotes":""},"categories":[2820],"tags":[1111,11,1777,674,1011,27,775,12,54521,25,640],"class_list":{"0":"post-638062","1":"post","2":"type-post","3":"status-publish","4":"format-standard","5":"has-post-thumbnail","7":"category-strasbourg","8":"tag-actu","9":"tag-actualites","10":"tag-eu","11":"tag-europe","12":"tag-fr","13":"tag-france","14":"tag-grand-est","15":"tag-news","16":"tag-ogcnice","17":"tag-republique-francaise","18":"tag-strasbourg"},"share_on_mastodon":{"url":"https:\/\/pubeurope.com\/@fr\/115830640117860901","error":""},"_links":{"self":[{"href":"https:\/\/www.europesays.com\/fr\/wp-json\/wp\/v2\/posts\/638062","targetHints":{"allow":["GET"]}}],"collection":[{"href":"https:\/\/www.europesays.com\/fr\/wp-json\/wp\/v2\/posts"}],"about":[{"href":"https:\/\/www.europesays.com\/fr\/wp-json\/wp\/v2\/types\/post"}],"author":[{"embeddable":true,"href":"https:\/\/www.europesays.com\/fr\/wp-json\/wp\/v2\/users\/2"}],"replies":[{"embeddable":true,"href":"https:\/\/www.europesays.com\/fr\/wp-json\/wp\/v2\/comments?post=638062"}],"version-history":[{"count":0,"href":"https:\/\/www.europesays.com\/fr\/wp-json\/wp\/v2\/posts\/638062\/revisions"}],"wp:featuredmedia":[{"embeddable":true,"href":"https:\/\/www.europesays.com\/fr\/wp-json\/wp\/v2\/media\/638063"}],"wp:attachment":[{"href":"https:\/\/www.europesays.com\/fr\/wp-json\/wp\/v2\/media?parent=638062"}],"wp:term":[{"taxonomy":"category","embeddable":true,"href":"https:\/\/www.europesays.com\/fr\/wp-json\/wp\/v2\/categories?post=638062"},{"taxonomy":"post_tag","embeddable":true,"href":"https:\/\/www.europesays.com\/fr\/wp-json\/wp\/v2\/tags?post=638062"}],"curies":[{"name":"wp","href":"https:\/\/api.w.org\/{rel}","templated":true}]}}