{"id":638066,"date":"2026-01-03T10:15:10","date_gmt":"2026-01-03T10:15:10","guid":{"rendered":"https:\/\/www.europesays.com\/fr\/638066\/"},"modified":"2026-01-03T10:15:10","modified_gmt":"2026-01-03T10:15:10","slug":"dimportants-travaux-realises-dans-la-station-depuration-controversee","status":"publish","type":"post","link":"https:\/\/www.europesays.com\/fr\/638066\/","title":{"rendered":"d\u2019importants travaux r\u00e9alis\u00e9s dans la station d\u2019\u00e9puration controvers\u00e9e"},"content":{"rendered":"<p>\n    Le pr\u00e9sident de la r\u00e9gie publique de gestion des eaux a d\u00e9nonc\u00e9 de \u00abgraves dysfonctionnements\u00bb en visant l\u2019ancien exploitant des infrastructures. Une enqu\u00eate judiciaire avait \u00e9t\u00e9 ouverte.<\/p>\n<p class=\"fig-paragraph\">Apr\u00e8s les soup\u00e7ons\u00a0<a href=\"http:\/\/www.lefigaro.fr\/nice\/tout-pres-de-nice-un-potentiel-scandale-d-eaux-usees-rejetees-dans-la-mediterranee-20250408\" data-fig-type=\"NewsFlash\" data-gtm-custom-categorie=\"navigation\" data-gtm-custom-action=\"crossclick\" data-gtm-custom-label=\"Contextuel\" data-gtm-event=\"customEventSPE\" data-fig-domain=\"LEFIGARO\" target=\"_blank\" rel=\"noopener\">de scandale d\u2019une pollution d\u2019ampleur de la M\u00e9diterran\u00e9e<\/a>, d\u2019importants travaux ont \u00e9t\u00e9 men\u00e9s dans la station d\u2019\u00e9puration au c\u0153ur de la controverse situ\u00e9 \u00e0\u00a0<a href=\"http:\/\/www.lefigaro.fr\/nice\/a-saint-laurent-du-var-pres-de-nice-la-police-municipale-une-nouvelle-fois-dans-la-tourmente-20251024\" data-fig-type=\"NewsFlash\" data-gtm-custom-categorie=\"navigation\" data-gtm-custom-action=\"crossclick\" data-gtm-custom-label=\"Contextuel\" data-gtm-event=\"customEventSPE\" data-fig-domain=\"LEFIGARO\" target=\"_blank\" rel=\"noopener\">Saint-Laurent-du-Var<\/a>, commune voisine de Nice (Alpes-Maritimes).<\/p>\n<p class=\"fig-paragraph\">L\u2019affaire avait \u00e9clat\u00e9 en avril 2025 par des accusations r\u00e9ciproques entre l\u2019exploitant et la m\u00e9tropole de Nice C\u00f4te d\u2019Azur d\u2019une mauvaise gestion des installations, qui auraient entra\u00een\u00e9 pendant des ann\u00e9es des rejets intempestifs d\u2019eaux us\u00e9es. R\u00e9guli\u00e8rement, la baignade a \u00e9t\u00e9 interdite sur le littoral laurentin en raison d\u2019une qualit\u00e9 de l\u2019eau d\u00e9grad\u00e9e sans en conna\u00eetre l\u2019origine, jusqu\u2019\u00e0 cette pol\u00e9mique qui tend alors vers une explication.<\/p>\n<p>                                            <a class=\"fig-a11y-skip\" href=\"#fig-a11y-skip-main-inarticle\" data-module=\"a11y-skip\" data-context=\"was @visible\"><br \/>\n    Passer la publicit\u00e9<br \/>\n<\/a>            <\/p>\n<p class=\"fig-paragraph\">Entre fin novembre et d\u00e9but d\u00e9cembre, des travaux ont \u00e9t\u00e9 r\u00e9alis\u00e9s dans ces infrastructures situ\u00e9es \u00e0 l\u2019embouchure du fleuve c\u00f4tier du Var, entre le centre commercial\u00a0<a href=\"http:\/\/www.lefigaro.fr\/societes\/chacun-a-un-souvenir-a-cap-3000-le-centre-commercial-choisit-un-nouveau-directeur-20241022\" data-fig-type=\"Article\" data-gtm-custom-categorie=\"navigation\" data-gtm-custom-action=\"crossclick\" data-gtm-custom-label=\"Contextuel\" data-gtm-event=\"customEventSPE\" data-fig-domain=\"LEFIGARO\" target=\"_blank\" rel=\"noopener\">Cap 3000<\/a>\u00a0et le bout de la piste de\u00a0<a href=\"http:\/\/www.lefigaro.fr\/nice\/aeroport-de-nice-franck-goldnadel-reconduit-comme-president-pour-cinq-ans-20250304\" data-fig-type=\"NewsFlash\" data-gtm-custom-categorie=\"navigation\" data-gtm-custom-action=\"crossclick\" data-gtm-custom-label=\"Contextuel\" data-gtm-event=\"customEventSPE\" data-fig-domain=\"LEFIGARO\" target=\"_blank\" rel=\"noopener\">l\u2019a\u00e9roport de Nice<\/a>. Ces op\u00e9rations ont concern\u00e9 l\u2019alimentation \u00e9lectrique, les conduites de pompage interne, la vidange des bassins d\u2019a\u00e9ration et le curage des canaux qui am\u00e8nent l\u2019eau vers la station, a d\u00e9taill\u00e9 le pr\u00e9sident de la r\u00e9gie m\u00e9tropolitaine Eau d\u2019Azur, Herv\u00e9 Paul, dans les colonnes du quotidien r\u00e9gional Nice-Matin.<\/p>\n<p>                                            \u00abTr\u00e8s sale\u00bb<\/p>\n<p class=\"fig-paragraph\">\u00abTout \u00e9tait tr\u00e8s sale, l\u2019entretien r\u00e9gulier n\u2019avait pas \u00e9t\u00e9 fait depuis tr\u00e8s longtemps\u00bb, a d\u00e9plor\u00e9 l\u2019\u00e9lu en visant l\u2019ancien exploitant, la soci\u00e9t\u00e9 Serex, dont le responsable avait lui-m\u00eame accus\u00e9 les services de la m\u00e9tropole d\u2019avoir ferm\u00e9 les yeux sur ses alertes d\u2019installations obsol\u00e8tes et d\u00e9faillantes. D\u00e9sormais, Suez a r\u00e9cup\u00e9r\u00e9 l\u2019exploitation de cette station d\u2019\u00e9puration qui g\u00e8re les effluents des communes de la rive droite, du Broc \u00e0 Saint-Laurent-du-Var, en passant par Carros ou encore Gatti\u00e8res.<\/p>\n<p class=\"fig-body-link\">\n            \u00c0 lire aussi<br \/>\n        <a class=\"fig-body-link__link\" href=\"http:\/\/www.lefigaro.fr\/nice\/pres-de-nice-de-l-eau-potable-rejetee-dans-la-mer-par-millions-de-metres-cubes-20251104\" data-fig-type=\"NewsFlash\" data-gtm-custom-categorie=\"navigation\" data-gtm-custom-action=\"crossclick\" data-gtm-custom-label=\"Contextuel\" data-gtm-event=\"customEventSPE\" data-fig-domain=\"LEFIGARO\" target=\"_blank\" rel=\"noopener\"><\/p>\n<p>        Pr\u00e8s de Nice, de l\u2019eau potable rejet\u00e9e dans la mer&#8230; par millions de m\u00e8tres cubes<br \/>\n    <\/a>\n<\/p>\n<p class=\"fig-paragraph\">\u00abLa r\u00e9gie Eau d\u2019Azur et Suez ont d\u00e9couvert une situation particuli\u00e8rement alarmante sur l\u2019\u00e9tat de la station, avec de graves dysfonctionnements\u00bb, a insist\u00e9 Herv\u00e9 Paul. Dans les prochaines ann\u00e9es, cette station doit s\u2019arr\u00eater puisque toutes les communes concern\u00e9es doivent \u00eatre reli\u00e9es \u00e0\u00a0<a href=\"http:\/\/www.lefigaro.fr\/nice\/a-nice-suez-lance-son-mega-chantier-d-une-station-d-epuration-pour-traiter-les-eaux-usees-et-produire-de-l-energie-20230421\" data-fig-type=\"NewsFlash\" data-gtm-custom-categorie=\"navigation\" data-gtm-custom-action=\"crossclick\" data-gtm-custom-label=\"Contextuel\" data-gtm-event=\"customEventSPE\" data-fig-domain=\"LEFIGARO\" target=\"_blank\" rel=\"noopener\">\u00abHaliotis 2\u00bb<\/a>, nouvelle structure g\u00e9ante et moderne actuellement en chantier \u00e0 Nice.<\/p>\n<p>                                            Fonctionnement stabilis\u00e9<\/p>\n<p class=\"fig-paragraph\">En lien avec ces travaux, la baignade a d\u00fb \u00eatre une nouvelle fois interdite temporairement puisque le fonctionnement de la station a d\u00fb \u00eatre interrompu, causant des d\u00e9versements. \u00abCes travaux importants et indispensables stabilisent le fonctionnement de la station. La qualit\u00e9 des eaux est d\u00e9sormais conforme\u00bb, assure Herv\u00e9 Paul, joint par Le Figaro.<\/p>\n<p class=\"fig-paragraph\">Une enqu\u00eate avait \u00e9t\u00e9 ouverte par le parquet de Grasse concernant ces soup\u00e7ons de scandale d\u2019une pollution d\u2019ampleur \u00e0 la suite d\u2019un signalement fait par la m\u00e9tropole Nice C\u00f4te d\u2019Azur. Contact\u00e9, le procureur de Grasse \u00c9ric Camous n\u2019a pas souhait\u00e9 communiquer sur d\u2019\u00e9ventuelles avanc\u00e9es des investigations.<\/p>\n","protected":false},"excerpt":{"rendered":"Le pr\u00e9sident de la r\u00e9gie publique de gestion des eaux a d\u00e9nonc\u00e9 de \u00abgraves dysfonctionnements\u00bb en visant l\u2019ancien&hellip;\n","protected":false},"author":2,"featured_media":638067,"comment_status":"","ping_status":"","sticky":false,"template":"","format":"standard","meta":{"footnotes":""},"categories":[2819],"tags":[1111,11,40213,436,1777,674,1011,27,12,2401,1800,882,25],"class_list":{"0":"post-638066","1":"post","2":"type-post","3":"status-publish","4":"format-standard","5":"has-post-thumbnail","7":"category-nice","8":"tag-actu","9":"tag-actualites","10":"tag-eaux-usees","11":"tag-environnement","12":"tag-eu","13":"tag-europe","14":"tag-fr","15":"tag-france","16":"tag-news","17":"tag-nice","18":"tag-pollution","19":"tag-provence-alpes-cote-dazur","20":"tag-republique-francaise"},"share_on_mastodon":{"url":"https:\/\/pubeurope.com\/@fr\/115830647877007923","error":""},"_links":{"self":[{"href":"https:\/\/www.europesays.com\/fr\/wp-json\/wp\/v2\/posts\/638066","targetHints":{"allow":["GET"]}}],"collection":[{"href":"https:\/\/www.europesays.com\/fr\/wp-json\/wp\/v2\/posts"}],"about":[{"href":"https:\/\/www.europesays.com\/fr\/wp-json\/wp\/v2\/types\/post"}],"author":[{"embeddable":true,"href":"https:\/\/www.europesays.com\/fr\/wp-json\/wp\/v2\/users\/2"}],"replies":[{"embeddable":true,"href":"https:\/\/www.europesays.com\/fr\/wp-json\/wp\/v2\/comments?post=638066"}],"version-history":[{"count":0,"href":"https:\/\/www.europesays.com\/fr\/wp-json\/wp\/v2\/posts\/638066\/revisions"}],"wp:featuredmedia":[{"embeddable":true,"href":"https:\/\/www.europesays.com\/fr\/wp-json\/wp\/v2\/media\/638067"}],"wp:attachment":[{"href":"https:\/\/www.europesays.com\/fr\/wp-json\/wp\/v2\/media?parent=638066"}],"wp:term":[{"taxonomy":"category","embeddable":true,"href":"https:\/\/www.europesays.com\/fr\/wp-json\/wp\/v2\/categories?post=638066"},{"taxonomy":"post_tag","embeddable":true,"href":"https:\/\/www.europesays.com\/fr\/wp-json\/wp\/v2\/tags?post=638066"}],"curies":[{"name":"wp","href":"https:\/\/api.w.org\/{rel}","templated":true}]}}