{"id":638070,"date":"2026-01-03T10:18:10","date_gmt":"2026-01-03T10:18:10","guid":{"rendered":"https:\/\/www.europesays.com\/fr\/638070\/"},"modified":"2026-01-03T10:18:10","modified_gmt":"2026-01-03T10:18:10","slug":"lhistoire-se-termine-bien-pour-emilie-noe-scouarnec-handicapee-menacee-dexpulsion-a-bordeaux","status":"publish","type":"post","link":"https:\/\/www.europesays.com\/fr\/638070\/","title":{"rendered":"l\u2019histoire se termine bien pour \u00c9milie N\u00f6e Scouarnec, handicap\u00e9e menac\u00e9e d\u2019expulsion \u00e0 Bordeaux"},"content":{"rendered":"<p>\u00ab\u00a0Je suis rentr\u00e9e dans l\u2019appartement le 21\u00a0novembre. Cela change la vie. D\u00e9j\u00e0 parce que j\u2019ai pas mal d\u2019espace. Ce n\u2019\u00e9tait pas facile de vivre en fauteuil roulant dans un 20\u00a0m\u00e8tres carr\u00e9s \u00e9troit.\u00a0\u00bb Son nouveau logement est labellis\u00e9 Cap\u2019Autonomie. Il ressemble \u00e0 un appartement ordinaire, mais \u00e0 bien y regarder\u2026 Les fen\u00eatres se prolongent jusqu\u2019\u00e0 proximit\u00e9 du sol, \u00e9vitant \u00e0 l\u2019occupant en fauteuil de se retrouver face \u00e0 un mur. \u00c0 la porte, un judas est plac\u00e9 en position basse. Les d\u00e9tecteurs de fum\u00e9es se pilotent depuis un module fix\u00e9 au mur. Autant de d\u00e9tails qui n\u2019en sont pas pour les personnes \u00e0 mobilit\u00e9 r\u00e9duite. \u00ab\u00a0Ce qui change vraiment la vie, c\u2019est d\u2019avoir des portes d\u2019immeubles et des acc\u00e8s enti\u00e8rement automatis\u00e9es\u00a0\u00bb, d\u00e9roule \u00c9milie No\u00eb Scouarnec.<\/p>\n<p>Gain de cause au tribunal<\/p>\n<p>La jeune femme, aujourd\u2019hui psychologue dans le priv\u00e9, avait m\u00e9diatis\u00e9 son cas \u00e0 la fin de l\u2019\u00e9t\u00e9 2025. Elle s\u2019\u00e9tait retrouv\u00e9e dans une position impossible, alors qu\u2019elle n\u2019avait pas de visibilit\u00e9 sur l\u2019obtention d\u2019un logement social. \u00c9milie No\u00eb Scouarnec assurait avoir \u00e9t\u00e9 rassur\u00e9e \u2013 de vive voix \u2013 par le Crous de Bordeaux sur la possibilit\u00e9 de rester dans les locaux. Mais le Crous lui a finalement indiqu\u00e9 qu\u2019elle ne pouvait pas rester dans son appartement, n\u2019\u00e9tant plus \u00e9tudiante. Une proc\u00e9dure d\u2019expulsion \u00e9tait engag\u00e9e, m\u00eame si \u2013 dans un courrier \u2013 le Crous \u00e9voquait la possibilit\u00e9 qu\u2019un juge puisse diff\u00e9rer la mesure.<\/p>\n<p>Finalement, \u00c9milie No\u00eb Scouarnec a obtenu, fin septembre, un jugement favorable du tribunal administratif. Celui-ci lui permettait de rester dans l\u2019appartement du Crous en attendant de rejoindre son futur appartement. Car entre-temps, la jeune femme a eu un retour du Droit au logement opposable (Dalo), qui lui attribuait un logement. Mais celui-ci \u00e9tait en attente de livraison pour la fin d\u2019ann\u00e9e.<\/p>\n<p>Ces p\u00e9rip\u00e9ties administratives auront eu des cons\u00e9quences pour \u00c9milie No\u00eb Scouarnec. Son loyer du Crous a \u00e9t\u00e9 revaloris\u00e9 de 25\u00a0%, comme le permet le r\u00e8glement du Crous de Bordeaux en cas d\u2019occupation sans droits ni titres. \u00ab\u00a0J\u2019ai \u00e9t\u00e9 d\u00e9clar\u00e9e comme n\u2019\u00e9tant plus occupante du Crous. J\u2019ai donc perdu mes APL\u00a0\u00bb, pr\u00e9cise \u00e9galement la jeune femme.\u00a0Elle s\u2019est \u00e9galement vue retirer une majoration d\u2019autonomie, somme allou\u00e9e sous condition de toucher\u2026 les APL. \u00ab\u00a0J\u2019ai d\u00fb emprunter environ 1\u00a0000\u00a0euros pour assumer ces charges\u00a0\u00bb, r\u00e9sume \u00c9milie No\u00eb Scouarnec.<\/p>\n<p>Bordeaux plut\u00f4t accessible<\/p>\n<p>Mais la jeune psychologue originaire de Normandie pr\u00e9f\u00e8re se souvenir des relais et des soutiens qui se sont activ\u00e9s. Elle a notamment pu \u00e9changer avec l\u2019adjoint municipal au handicap Olivier Escots, qui a pu appuyer son dossier. \u00ab\u00a0M\u00eame si ce n\u2019est visiblement pas ce qui m\u2019a permis d\u2019avoir cet appartement, cela m\u2019a offert une \u00e9coute pour faire conna\u00eetre ma situation. J\u2019ai pu \u00e9changer avec cet adjoint, qui m\u2019a questionn\u00e9e sur l\u2019accessibilit\u00e9 globale de la commune. Je lui ai r\u00e9pondu que je trouvais que Bordeaux s\u2019en sortait plut\u00f4t bien. Je n\u2019ai jamais eu trop de difficult\u00e9s. Je peux dire cela car j\u2019ai \u00e9t\u00e9 confront\u00e9e \u00e0 des situations tr\u00e8s difficiles dans d\u2019autres communes, hors du d\u00e9partement.\u00a0\u00bb<\/p>\n<blockquote><p>\u00ab\u00a0C\u2019est super d\u2019avoir pu rester \u00e0 proximit\u00e9 du centre-ville. Je n\u2019ai pas \u00e9t\u00e9 oblig\u00e9e de changer de m\u00e9decin, ni de pharmacie\u00a0\u00bb<\/p><\/blockquote>\n<p>\u00c9milie No\u00eb Scouarnec a appris, au passage, que les personnes ayant un taux d\u2019incapacit\u00e9 sup\u00e9rieur ou \u00e9gal \u00e0 50\u00a0% <a href=\"https:\/\/aide.infotbm.com\/?question=sont-tarifs-les-handicapes\" target=\"_blank\" rel=\"nofollow noopener\">peuvent b\u00e9n\u00e9ficier de la gratuit\u00e9 sur le r\u00e9seau TBM<\/a>. \u00ab\u00a0C\u2019est une bonne chose. Mais j\u2019ai l\u2019impression que ce n\u2019est pas bien connu. Je pourrais en profiter, mais dans un an. Car j\u2019ai d\u00e9j\u00e0 renouvel\u00e9 mon abonnement.\u00a0\u00bb<\/p>\n","protected":false},"excerpt":{"rendered":"\u00ab\u00a0Je suis rentr\u00e9e dans l\u2019appartement le 21\u00a0novembre. Cela change la vie. D\u00e9j\u00e0 parce que j\u2019ai pas mal d\u2019espace.&hellip;\n","protected":false},"author":2,"featured_media":638071,"comment_status":"","ping_status":"","sticky":false,"template":"","format":"standard","meta":{"footnotes":""},"categories":[2817],"tags":[1111,11,1997,1777,674,1011,27,12,2219,25],"class_list":{"0":"post-638070","1":"post","2":"type-post","3":"status-publish","4":"format-standard","5":"has-post-thumbnail","7":"category-bordeaux","8":"tag-actu","9":"tag-actualites","10":"tag-bordeaux","11":"tag-eu","12":"tag-europe","13":"tag-fr","14":"tag-france","15":"tag-news","16":"tag-nouvelle-aquitaine","17":"tag-republique-francaise"},"share_on_mastodon":{"url":"https:\/\/pubeurope.com\/@fr\/115830659729802523","error":""},"_links":{"self":[{"href":"https:\/\/www.europesays.com\/fr\/wp-json\/wp\/v2\/posts\/638070","targetHints":{"allow":["GET"]}}],"collection":[{"href":"https:\/\/www.europesays.com\/fr\/wp-json\/wp\/v2\/posts"}],"about":[{"href":"https:\/\/www.europesays.com\/fr\/wp-json\/wp\/v2\/types\/post"}],"author":[{"embeddable":true,"href":"https:\/\/www.europesays.com\/fr\/wp-json\/wp\/v2\/users\/2"}],"replies":[{"embeddable":true,"href":"https:\/\/www.europesays.com\/fr\/wp-json\/wp\/v2\/comments?post=638070"}],"version-history":[{"count":0,"href":"https:\/\/www.europesays.com\/fr\/wp-json\/wp\/v2\/posts\/638070\/revisions"}],"wp:featuredmedia":[{"embeddable":true,"href":"https:\/\/www.europesays.com\/fr\/wp-json\/wp\/v2\/media\/638071"}],"wp:attachment":[{"href":"https:\/\/www.europesays.com\/fr\/wp-json\/wp\/v2\/media?parent=638070"}],"wp:term":[{"taxonomy":"category","embeddable":true,"href":"https:\/\/www.europesays.com\/fr\/wp-json\/wp\/v2\/categories?post=638070"},{"taxonomy":"post_tag","embeddable":true,"href":"https:\/\/www.europesays.com\/fr\/wp-json\/wp\/v2\/tags?post=638070"}],"curies":[{"name":"wp","href":"https:\/\/api.w.org\/{rel}","templated":true}]}}