{"id":638078,"date":"2026-01-03T10:22:09","date_gmt":"2026-01-03T10:22:09","guid":{"rendered":"https:\/\/www.europesays.com\/fr\/638078\/"},"modified":"2026-01-03T10:22:09","modified_gmt":"2026-01-03T10:22:09","slug":"le-nord-en-vigilance-jaune-le-service-de-bus-perturbe-dans-la-metropole-ce-samedi","status":"publish","type":"post","link":"https:\/\/www.europesays.com\/fr\/638078\/","title":{"rendered":"le Nord en vigilance jaune, le service de bus perturb\u00e9 dans la m\u00e9tropole ce samedi"},"content":{"rendered":"<p>                    Par<br \/>\n        <strong><br \/>\n            <a href=\"https:\/\/actu.fr\/auteur\/amandine-vachez\" title=\"Consulter tous les articles de Amandine Vachez\" target=\"_blank\" rel=\"noopener\">Amandine Vachez<\/a><br \/>\n                    <\/strong><\/p>\n<p>        Publi\u00e9 le<\/p>\n<p>            3 janv. 2026 \u00e0 9h12        <\/p>\n<p>L\u2019ann\u00e9e commence sous un temps d\u2019hiver. Et ce samedi 3\u00a0janvier 2026, la neige s\u2019invite m\u00eame \u00e0 <a href=\"https:\/\/actu.fr\/lille\/\" target=\"_blank\" rel=\"noopener\">Lille<\/a> (Nord) et dans la m\u00e9tropole\u2009! De quoi perturber le<b> service de transports en commun<\/b>, a annonc\u00e9 <a href=\"https:\/\/actu.fr\/tag\/ilevia\" target=\"_blank\" rel=\"noopener\">Il\u00e9via<\/a> t\u00f4t dans la matin\u00e9e. Pr\u00e9cisions.<\/p>\n<p>Quelques flocons habillent Lille et la m\u00e9tropole<\/p>\n<p class=\" wall-content\">Voici quelques images publi\u00e9es sur les r\u00e9seaux sociaux, ce matin o\u00f9 des habitants de la m\u00e9tropole lilloise ont vu la neige en bas de chez eux\u2009:<\/p>\n<p class=\" wall-content\">\n<p class=\" wall-content\">\n<p>    <a href=\"https:\/\/www.facebook.com\/plugins\/post.php?href=https%3A%2F%2Fwww.facebook.com%2FMeteoNordPasDeCalais6259%2Fposts%2Fpfbid0k8AisLPgdLisN5fLDzN5UgymBDHxqp7EZeeF7GgQhgrjyXrqrCLCmKY1LJn4o2aml&amp;show_text=true&amp;width=350\" title=\"Ouvrie le lien\" target=\"_blank\" rel=\"noopener\">Cliquez ici pour visualiser le contenu<\/a><\/p>\n<p>    <a href=\"https:\/\/www.facebook.com\/plugins\/video.php?height=476&amp;href=https%3A%2F%2Fwww.facebook.com%2Freel%2F898416302539039%2F&amp;show_text=true&amp;width=350&amp;t=0\" title=\"Ouvrie le lien\" target=\"_blank\" rel=\"noopener\">Cliquez ici pour visualiser le contenu<\/a><\/p>\n<p>Le Nord en vigilance jaune<\/p>\n<p class=\" wall-content\">Prudence est de mise sur le d\u00e9partement\u2009: nous sommes en vigilance jaune sur la carte de M\u00e9t\u00e9o France, pour neige et verglas depuis 6\u2009h du matin et jusqu\u2019\u00e0 11\u2009h ce samedi matin, puis de 17\u2009h \u00e0 minuit.<\/p>\n<p class=\" wall-content\">Le Nord est aussi en alerte jaune pour\u00a0vagues et submersions d\u00e8s 9\u2009h et jusque dans la nuit prochaine, vers 4\u2009h du matin.<\/p>\n<p class=\" wall-content\">Ce dimanche, l\u2019alerte jaune se poursuit pour neige et verglas jusqu\u2019\u00e0 midi, selon le bulletin de ce samedi matin.<\/p>\n<p>Des retards \u00e0 pr\u00e9voir sur le r\u00e9seau de bus<\/p>\n<p class=\" wall-content\">\u00ab\u2009Actuellement, en raison des conditions climatiques, des retards sont \u00e0 pr\u00e9voir sur l\u2019ensemble du r\u00e9seau bus urbain et p\u00e9riurbain\u2009\u00bb, annon\u00e7ait Il\u00e9via sur son compte X vers 8\u2009h\u200930 ce samedi. Pour en savoir plus sur votre ligne en particulier, consultez <a href=\"https:\/\/www.ilevia.fr\/\" target=\"_blank\" rel=\"noopener\">le site officiel du gestionnaire de transports<\/a>\u00a0de la m\u00e9tropole lilloise.<\/p>\n<p>Votre r\u00e9gion, votre actu !<\/p>\n<p>Recevez chaque jour les infos qui comptent pour vous.<\/p>\n<p>\t<a href=\"https:\/\/actu.fr\/newsletter\" class=\"ac-btn ac-btn--corner ac-btn--medium ac-btn--blue800\" target=\"_blank\" rel=\"noopener\">S&rsquo;incrire<\/a><\/p>\n<p class=\" wall-content\">Comme beaucoup d\u2019internautes, vous choisirez peut-\u00eatre de rester au chaud\u2026<\/p>\n<p class=\" wall-content\">Personnalisez votre actualit\u00e9 en ajoutant vos villes et m\u00e9dias en favori avec <a href=\"https:\/\/moncompte.actu.fr\" title=\"D\u00e9couvez Mon Actu\" rel=\"nofollow noopener\" data-trk=\"{&quot;cta&quot;:{&quot;action&quot;:&quot;https:\\\/\\\/moncompte.actu.fr&quot;,&quot;category&quot;:&quot;mon compte&quot;,&quot;from&quot;:&quot;article footer&quot;,&quot;name&quot;:&quot;Mon actu&quot;,&quot;type&quot;:&quot;cta&quot;}}\" target=\"_blank\">Mon Actu<\/a>.<\/p>\n","protected":false},"excerpt":{"rendered":"Par Amandine Vachez Publi\u00e9 le 3 janv. 2026 \u00e0 9h12 L\u2019ann\u00e9e commence sous un temps d\u2019hiver. Et ce&hellip;\n","protected":false},"author":2,"featured_media":638079,"comment_status":"","ping_status":"","sticky":false,"template":"","format":"standard","meta":{"footnotes":""},"categories":[2815],"tags":[1111,11,1777,674,1011,27,811,4288,3059,1307,10584,12,25,104],"class_list":{"0":"post-638078","1":"post","2":"type-post","3":"status-publish","4":"format-standard","5":"has-post-thumbnail","7":"category-lille","8":"tag-actu","9":"tag-actualites","10":"tag-eu","11":"tag-europe","12":"tag-fr","13":"tag-france","14":"tag-hauts-de-france","15":"tag-ilevia","16":"tag-intemperies","17":"tag-lille","18":"tag-neige","19":"tag-news","20":"tag-republique-francaise","21":"tag-societe"},"share_on_mastodon":{"url":"https:\/\/pubeurope.com\/@fr\/115830675588884004","error":""},"_links":{"self":[{"href":"https:\/\/www.europesays.com\/fr\/wp-json\/wp\/v2\/posts\/638078","targetHints":{"allow":["GET"]}}],"collection":[{"href":"https:\/\/www.europesays.com\/fr\/wp-json\/wp\/v2\/posts"}],"about":[{"href":"https:\/\/www.europesays.com\/fr\/wp-json\/wp\/v2\/types\/post"}],"author":[{"embeddable":true,"href":"https:\/\/www.europesays.com\/fr\/wp-json\/wp\/v2\/users\/2"}],"replies":[{"embeddable":true,"href":"https:\/\/www.europesays.com\/fr\/wp-json\/wp\/v2\/comments?post=638078"}],"version-history":[{"count":0,"href":"https:\/\/www.europesays.com\/fr\/wp-json\/wp\/v2\/posts\/638078\/revisions"}],"wp:featuredmedia":[{"embeddable":true,"href":"https:\/\/www.europesays.com\/fr\/wp-json\/wp\/v2\/media\/638079"}],"wp:attachment":[{"href":"https:\/\/www.europesays.com\/fr\/wp-json\/wp\/v2\/media?parent=638078"}],"wp:term":[{"taxonomy":"category","embeddable":true,"href":"https:\/\/www.europesays.com\/fr\/wp-json\/wp\/v2\/categories?post=638078"},{"taxonomy":"post_tag","embeddable":true,"href":"https:\/\/www.europesays.com\/fr\/wp-json\/wp\/v2\/tags?post=638078"}],"curies":[{"name":"wp","href":"https:\/\/api.w.org\/{rel}","templated":true}]}}