{"id":638082,"date":"2026-01-03T10:24:10","date_gmt":"2026-01-03T10:24:10","guid":{"rendered":"https:\/\/www.europesays.com\/fr\/638082\/"},"modified":"2026-01-03T10:24:10","modified_gmt":"2026-01-03T10:24:10","slug":"drole-de-quete-au-museum-dhistoire-naturelle-de-marseille","status":"publish","type":"post","link":"https:\/\/www.europesays.com\/fr\/638082\/","title":{"rendered":"Dr\u00f4le de qu\u00eate au Mus\u00e9um d\u2019histoire naturelle de Marseille"},"content":{"rendered":"\n<p>Au deuxi\u00e8me \u00e9tage du mus\u00e9e se trouve un v\u00e9ritable cabinet de curiosit\u00e9, o\u00f9 le temps semble s\u2019\u00eatre arr\u00eat\u00e9 pour laisser place \u00e0 l\u2019imagination. Sculptures difformes, potions et th\u00e9iers insolites\u00a0: les petits aventuriers sont tomb\u00e9s dans le terrier du lapin blanc. La mission est de le retrouver. Tous sont accompagn\u00e9s de leurs parents ou grands-parents pour d\u00e9couvrir les myst\u00e8res du pays des merveilles. Rien ne semble les perturber, ou presque. \u00ab\u00a0On dirait un \u0153uf au plat rat\u00e9\u00a0\u00bb, s\u2019exclame l\u2019un deux en voyant une r\u00e9plique d\u2019un \u0153uf de Dodo.<\/p>\n<p>D\u00e9couvrir autrement<\/p>\n<p>Au-del\u00e0 de la d\u00e9couverte des collections, le public est invit\u00e9 \u00e0 interagir et prendre la parole pour s\u2019approprier les diff\u00e9rentes \u0153uvres. Pour introduire l\u2019animation, le m\u00e9diateur du mus\u00e9e enfile son chapeau bleu. \u00ab\u00a0Que trouve-t-on habituellement dans un mus\u00e9e d\u2019histoire naturelle\u00a0?\u00a0\u00bb, demande-t-il. \u00ab Des animaux !\u00a0\u00bb, r\u00e9pondent en ch\u0153ur plusieurs enfants.<\/p>\n<p>Les petits comme les grands se lancent \u00e0 la poursuite du lapin blanc \u00e0 travers les \u0153uvres du plasticien Bernard Brian\u00e7on. Les enfants s\u2019attroupent autour de la table, c\u2019est l\u2019heure du th\u00e9. A tour de r\u00f4le, les minots plongent leur nez dans les petites tasses aux parfums renversant\u00a0: poudre de riz, mimosa ou encore cassis. Au total, ce sont sept senteurs qui fusionnent pour concocter le fameux parfum \u00ab\u00a0Mirlando\u00a0\u00bb invent\u00e9 par Brian\u00e7on lui-m\u00eame.<\/p>\n<p>La qu\u00eate touche \u00e0 sa fin, les enfants sont sur le point de retrouver le lapin blanc. Un obstacle se dresse sur leur chemin : une partie de cartes avec la reine rouge s\u2019impose pour s\u2019\u00e9chapper. Une main innocente tire la premi\u00e8re carte&#8230; c\u2019est rat\u00e9, mais pas de panique, il reste une devinette. \u00ab\u00a0Quel est le nom de l\u2019artiste plasticien de l\u2019exposition\u00a0?\u00a0\u00bb, questionne le m\u00e9diateur. Les enfants scandent en ch\u0153ur \u00ab\u00a0Bernard Brian\u00e7on !\u00a0\u00bb. Les jeunes sont alors sauv\u00e9s.<\/p>\n<p>Le Mus\u00e9um d\u2019histoire naturelle propose une derni\u00e8re animation samedi 3 janvier \u00e0 15h. Palais Longchamp. Gratuit.<\/p>\n","protected":false},"excerpt":{"rendered":"Au deuxi\u00e8me \u00e9tage du mus\u00e9e se trouve un v\u00e9ritable cabinet de curiosit\u00e9, o\u00f9 le temps semble s\u2019\u00eatre arr\u00eat\u00e9&hellip;\n","protected":false},"author":2,"featured_media":638083,"comment_status":"","ping_status":"","sticky":false,"template":"","format":"standard","meta":{"footnotes":""},"categories":[2814],"tags":[1111,11,1777,674,1011,27,884,12,882,25,74192],"class_list":{"0":"post-638082","1":"post","2":"type-post","3":"status-publish","4":"format-standard","5":"has-post-thumbnail","7":"category-marseille","8":"tag-actu","9":"tag-actualites","10":"tag-eu","11":"tag-europe","12":"tag-fr","13":"tag-france","14":"tag-marseille","15":"tag-news","16":"tag-provence-alpes-cote-dazur","17":"tag-republique-francaise","18":"tag-thibaut-carceller"},"share_on_mastodon":{"url":"https:\/\/pubeurope.com\/@fr\/115830683366340462","error":""},"_links":{"self":[{"href":"https:\/\/www.europesays.com\/fr\/wp-json\/wp\/v2\/posts\/638082","targetHints":{"allow":["GET"]}}],"collection":[{"href":"https:\/\/www.europesays.com\/fr\/wp-json\/wp\/v2\/posts"}],"about":[{"href":"https:\/\/www.europesays.com\/fr\/wp-json\/wp\/v2\/types\/post"}],"author":[{"embeddable":true,"href":"https:\/\/www.europesays.com\/fr\/wp-json\/wp\/v2\/users\/2"}],"replies":[{"embeddable":true,"href":"https:\/\/www.europesays.com\/fr\/wp-json\/wp\/v2\/comments?post=638082"}],"version-history":[{"count":0,"href":"https:\/\/www.europesays.com\/fr\/wp-json\/wp\/v2\/posts\/638082\/revisions"}],"wp:featuredmedia":[{"embeddable":true,"href":"https:\/\/www.europesays.com\/fr\/wp-json\/wp\/v2\/media\/638083"}],"wp:attachment":[{"href":"https:\/\/www.europesays.com\/fr\/wp-json\/wp\/v2\/media?parent=638082"}],"wp:term":[{"taxonomy":"category","embeddable":true,"href":"https:\/\/www.europesays.com\/fr\/wp-json\/wp\/v2\/categories?post=638082"},{"taxonomy":"post_tag","embeddable":true,"href":"https:\/\/www.europesays.com\/fr\/wp-json\/wp\/v2\/tags?post=638082"}],"curies":[{"name":"wp","href":"https:\/\/api.w.org\/{rel}","templated":true}]}}