{"id":638100,"date":"2026-01-03T10:35:11","date_gmt":"2026-01-03T10:35:11","guid":{"rendered":"https:\/\/www.europesays.com\/fr\/638100\/"},"modified":"2026-01-03T10:35:11","modified_gmt":"2026-01-03T10:35:11","slug":"bons-baisers-de-russie-lexil-dore-de-bachar-el-assad-a-moscou","status":"publish","type":"post","link":"https:\/\/www.europesays.com\/fr\/638100\/","title":{"rendered":"Bons baisers de Russie: l&rsquo;exil dor\u00e9 de Bachar el-Assad \u00e0 Moscou"},"content":{"rendered":"<p>Un soir d&rsquo;hiver, dans un gratte-ciel de la capitale russe, un Syrien expatri\u00e9 d\u00eene au restaurant Sixty, perch\u00e9 au 62\u1d49 \u00e9tage, parmi la jet-set de Moscou. Les serveurs lui demandent de ne pas prendre de photos: des personnalit\u00e9s de haut rang seraient pr\u00e9sentes. Et pour cause, il constate bien vite que Bachar el-Assad, d\u00e9chu de son tr\u00f4ne, d\u00eene \u00e0 quelques tables de lui.<\/p>\n<p>Un an apr\u00e8s la chute \u00e9clair de son r\u00e9gime face \u00e0 l&rsquo;offensive rebelle, le dictateur syrien vit une retraite luxueuse en Russie, pays qui l&rsquo;a soutenu militairement pendant plus d&rsquo;une d\u00e9cennie et qui l&rsquo;accueille d\u00e9sormais avec bienveillance. <a href=\"https:\/\/www.nytimes.com\/2025\/12\/22\/world\/middleeast\/assad-syria-exile-luxury.html\" target=\"_blank\" rel=\"noopener\"><a href=\"https:\/\/www.nytimes.com\/2025\/12\/22\/world\/middleeast\/assad-syria-exile-luxury.html\" target=\"_blank\" rel=\"noopener\">Une enqu\u00eate du New York Times<\/a> r\u00e9v\u00e8le les dessous d&rsquo;un exil dor\u00e9 pour tout le clan Assad.<\/p>\n<p>        <img decoding=\"async\" alt=\"Abonnez-vous gratuitement \u00e0 la newsletter de Slate !\" loading=\"lazy\" class=\"ms-4 ms-md-0\" width=\"82\" height=\"82\" src=\"https:\/\/www.slate.fr\/assets\/newsletter-dd7c4ea7fb4ce45aacc56875521d4bde7ec4ba23f0a0ae088566df808b3a80c3.svg\"\/><br \/>\n        Abonnez-vous gratuitement \u00e0 la newsletter de Slate !Les articles sont s\u00e9lectionn\u00e9s pour vous, en fonction de vos centres d\u2019int\u00e9r\u00eat, tous les jours dans votre bo\u00eete mail.<\/p>\n<p>Selon plusieurs proches et anciens officiers syriens, Bachar el-Assad et sa famille ont \u00e9t\u00e9 exfiltr\u00e9s fin 2024 vers <a href=\"https:\/\/www.slate.fr\/monde\/hiver-moscou-ukraine-electricite-froid-frappes-centrales-gaz-civils-guerre-kremlin\" target=\"_blank\" rel=\"noopener\">Moscou<\/a> par jet priv\u00e9, escort\u00e9s par des convois blind\u00e9s. Leur premi\u00e8re escale: des r\u00e9sidences administr\u00e9es par le Four Seasons, factur\u00e9es jusqu&rsquo;\u00e0 13.000 dollars la semaine (11.000 euros environ). Rapidement, le clan s&rsquo;installe dans un penthouse au sein du complexe de la F\u00e9d\u00e9ration, un ensemble embl\u00e9matique de la capitale russe o\u00f9 se trouve le fameux restaurant Sixty.<\/p>\n<p>Quelques mois plus tard, l&rsquo;ex-pr\u00e9sident aurait \u00e9t\u00e9 d\u00e9plac\u00e9, sous haute protection du <a href=\"https:\/\/www.slate.fr\/monde\/poutine-outil-surveillance-citoyens-russie-kremlin-censure-donnees-application-telephone-controle-numerique\" target=\"_blank\" rel=\"noopener\">FSB<\/a>, vers une villa de la Roublevka, surnom de la banlieue ultra-select de Moscou pris\u00e9e des oligarques. Avec ses villas fortifi\u00e9es et ses centres commerciaux de luxe, le quartier abrite plusieurs cadres du r\u00e9gime Assad. Les services russes surveillent chaque d\u00e9placement du clan du dictateur d\u00e9chu et interdisent aux membres de la famille toute prise de parole publique.<\/p>\n<p>Les r\u00e9seaux sociaux de la famille, bien que verrouill\u00e9s, laissent filtrer quelques indices. En novembre, Bachar el-Assad organisait une r\u00e9ception extravagante dans une villa moscovite pour f\u00eater les 22 ans de sa fille Zein. <a href=\"https:\/\/www.slate.fr\/culture\/histoire-champagne-anglais-invention-christopher-merret-dom-perignon-vin-effervescent-france-bulles-boisson-oenologie-viticulture\" target=\"_blank\" rel=\"noopener\">Champagne<\/a>, invit\u00e9s russes tri\u00e9s sur le volet et tenues de haute couture: un contraste saisissant avec les ruines laiss\u00e9es derri\u00e8re eux \u00e0 Damas et Alep. La ni\u00e8ce de Bachar, Sham al-Assad, fille de son fr\u00e8re cadet Maher, f\u00eatait quant \u00e0 elle son propre anniversaire quelques semaines plus t\u00f4t, \u00e0 Duba\u00ef, dans le restaurant fran\u00e7ais Bagatelle, avant de poursuivre la f\u00eate sur un yacht de luxe.<\/p>\n<p>Luxe, calme et dipl\u00f4m\u00e9e<\/p>\n<p>Les deux jeunes femmes vivent d\u00e9sormais entre Moscou et Abou Dabi. Selon d&rsquo;anciens <a href=\"https:\/\/www.slate.fr\/monde\/syrie-evasion-bourreaux-proches-bachar-el-assad-disparition-fuite-chute-regime-damas-russie-liban-europe-justice\" target=\"_blank\" rel=\"noopener\">officiers syriens,<\/a> la famille aurait pass\u00e9 un accord avec les \u00c9mirats arabes unis pour permettre \u00e0 leurs enfants d&rsquo;y s\u00e9journer. Zein a repris ses \u00e9tudes \u00e0 la Sorbonne Universit\u00e9 Abou Dhabi, escort\u00e9e en permanence de gardes du corps, avant d&rsquo;obtenir un dipl\u00f4me du prestigieux Institut d&rsquo;\u00c9tat des relations internationales de Moscou.<\/p>\n<p>Pour d&rsquo;autres \u00e9tudiants syriens, sa pr\u00e9sence sur le campus a suscit\u00e9 malaise et indignation. Un \u00e9tudiant lui aurait lanc\u00e9 dans un <a href=\"https:\/\/www.slate.fr\/story\/167306\/probleme-conversations-quatre-personnes\" target=\"_blank\" rel=\"noopener\">groupe de discussion<\/a> qu&rsquo;elle \u00abn&rsquo;\u00e9tait pas la bienvenue\u00bb. Peu apr\u00e8s, le fil de conversation a disparu et le jeune homme a \u00e9t\u00e9 expuls\u00e9 de l&rsquo;universit\u00e9.<\/p>\n<p>Le fr\u00e8re du dictateur, Maher el-Assad, ancien chef de la redout\u00e9e 4\u1d49 division, continue de mener une vie ais\u00e9e entre les tours du quartier d&rsquo;affaires moscovite et les bars \u00e0 chicha branch\u00e9s. Dans une vid\u00e9o publi\u00e9e en juin sur Facebook, on le voit au Myata Platinum Lounge, visiblement serein pour quelqu&rsquo;un accus\u00e9 par les ONG de crimes de guerre: tirs sur des manifestants d\u00e9sarm\u00e9s, si\u00e8ges meurtriers, gestion <a href=\"https:\/\/korii.slate.fr\/biz\/drogue-trafic-captagon-syrie-liban-narco-etat-cartel-regime-bachar-el-assad\" target=\"_blank\" rel=\"noopener\">d&rsquo;un trafic de drogue d&rsquo;\u00c9tat<\/a>, un CV bien fourni.<\/p>\n<p>Une fortune intacte?<\/p>\n<p>Malgr\u00e9 la perte du pouvoir, les Assad semblent avoir mis \u00e0 l&rsquo;abri une part consid\u00e9rable de leur fortune. Plusieurs sources proches du clan affirment que <a href=\"https:\/\/www.slate.fr\/monde\/economie-russe-chute-revenus-petrole-gaz-menace-moscou-moteur-guerre-ukraine\" target=\"_blank\" rel=\"noopener\">Moscou<\/a> leur a garanti une immunit\u00e9 de fait, en \u00e9change de leur silence politique et d&rsquo;une discr\u00e9tion absolue sur leurs avoirs financiers. Pour les deux fr\u00e8res, l&rsquo;exil ne ressemble pas \u00e0 une punition: Bachar et Maher fr\u00e9quentent les m\u00eames lieux que les \u00e9lites russes qu&rsquo;ils courtisaient jadis comme partenaires militaires.<\/p>\n<p>Tous n&rsquo;ont cependant pas b\u00e9n\u00e9fici\u00e9 de ce traitement de faveur. Si Maher semble avoir pris soin de ses proches et de sa garde rapproch\u00e9e, en les aidant financi\u00e8rement, <a href=\"https:\/\/www.slate.fr\/monde\/pourquoi-chute-bachar-al-assad-acceleree-syrie-regime-gouvernement-guerre-damas-rebelle\" target=\"_blank\" rel=\"noopener\">Bachar<\/a> s&rsquo;est montr\u00e9 moins g\u00e9n\u00e9reux. Son bras droit personnel, un assistant embarqu\u00e9 malgr\u00e9 lui dans la fuite pr\u00e9cipit\u00e9e de son patron, raconte avoir \u00e9t\u00e9 abandonn\u00e9 \u00e0 Moscou, sans passeport ni argent. Log\u00e9 temporairement dans le m\u00eame h\u00f4tel cinq \u00e9toiles que le clan Assad, il s&rsquo;est retrouv\u00e9 incapable de payer la note astronomique. Les appels \u00e0 son ancien patron sont rest\u00e9s sans r\u00e9ponse.<\/p>\n<p>Transf\u00e9r\u00e9 par les Russes dans un logement de fortune, il a finalement regagn\u00e9 la Syrie, o\u00f9 il vit discr\u00e8tement dans un village de <a href=\"https:\/\/www.slate.fr\/culture\/decouverte-montagne-engloutie-ocean-atlantique-mythe-atlantide-volcan-ile-legende-platon\" target=\"_blank\" rel=\"noopener\">montagne<\/a>. \u00abBachar vit comme si rien ne s&rsquo;\u00e9tait pass\u00e9, t\u00e9moigne un de ses anciens coll\u00e8gues. Il nous a humili\u00e9s en Syrie, et il nous a bais\u00e9s quand il est parti.\u00bb<\/p>\n<p>Alors que la <a href=\"https:\/\/www.slate.fr\/monde\/groupe-etat-islamique-retour-daech-attentat-sydney-australie-attaque-syrie-djihadisme-terrorisme\" target=\"_blank\" rel=\"noopener\">Syrie<\/a> tente tant bien que mal de se reconstruire apr\u00e8s quinze ans de guerre et des centaines de milliers de morts, le silence du Kremlin et le faste du clan Assad ont un go\u00fbt plus qu&rsquo;amer pour le peuple syrien qui paye toujours le prix de ces longues ann\u00e9es de conflit.<\/p>\n","protected":false},"excerpt":{"rendered":"Un soir d&rsquo;hiver, dans un gratte-ciel de la capitale russe, un Syrien expatri\u00e9 d\u00eene au restaurant Sixty, perch\u00e9&hellip;\n","protected":false},"author":2,"featured_media":638101,"comment_status":"","ping_status":"","sticky":false,"template":"","format":"standard","meta":{"footnotes":""},"categories":[1591],"tags":[11,1887,12,1885,1886,132],"class_list":{"0":"post-638100","1":"post","2":"type-post","3":"status-publish","4":"format-standard","5":"has-post-thumbnail","7":"category-russie","8":"tag-actualites","9":"tag-federation-de-russie","10":"tag-news","11":"tag-russia","12":"tag-russian-federation","13":"tag-russie"},"share_on_mastodon":{"url":"https:\/\/pubeurope.com\/@fr\/115830726609189314","error":""},"_links":{"self":[{"href":"https:\/\/www.europesays.com\/fr\/wp-json\/wp\/v2\/posts\/638100","targetHints":{"allow":["GET"]}}],"collection":[{"href":"https:\/\/www.europesays.com\/fr\/wp-json\/wp\/v2\/posts"}],"about":[{"href":"https:\/\/www.europesays.com\/fr\/wp-json\/wp\/v2\/types\/post"}],"author":[{"embeddable":true,"href":"https:\/\/www.europesays.com\/fr\/wp-json\/wp\/v2\/users\/2"}],"replies":[{"embeddable":true,"href":"https:\/\/www.europesays.com\/fr\/wp-json\/wp\/v2\/comments?post=638100"}],"version-history":[{"count":0,"href":"https:\/\/www.europesays.com\/fr\/wp-json\/wp\/v2\/posts\/638100\/revisions"}],"wp:featuredmedia":[{"embeddable":true,"href":"https:\/\/www.europesays.com\/fr\/wp-json\/wp\/v2\/media\/638101"}],"wp:attachment":[{"href":"https:\/\/www.europesays.com\/fr\/wp-json\/wp\/v2\/media?parent=638100"}],"wp:term":[{"taxonomy":"category","embeddable":true,"href":"https:\/\/www.europesays.com\/fr\/wp-json\/wp\/v2\/categories?post=638100"},{"taxonomy":"post_tag","embeddable":true,"href":"https:\/\/www.europesays.com\/fr\/wp-json\/wp\/v2\/tags?post=638100"}],"curies":[{"name":"wp","href":"https:\/\/api.w.org\/{rel}","templated":true}]}}