{"id":638102,"date":"2026-01-03T10:36:11","date_gmt":"2026-01-03T10:36:11","guid":{"rendered":"https:\/\/www.europesays.com\/fr\/638102\/"},"modified":"2026-01-03T10:36:11","modified_gmt":"2026-01-03T10:36:11","slug":"gaza-ukraine-donald-trump-climat-exploration-spatiale-cinq-evenements-a-surveiller-a-travers-le-monde-en-2026","status":"publish","type":"post","link":"https:\/\/www.europesays.com\/fr\/638102\/","title":{"rendered":"Gaza, Ukraine, Donald Trump, climat, exploration spatiale\u2026 Cinq \u00e9v\u00e9nements \u00e0 surveiller \u00e0 travers le monde en 2026"},"content":{"rendered":"<p>\n                                                                Du retour d\u2019astronautes autour de la Lune jusqu\u2019aux \u00e9lections de mi-mandat aux \u00c9tats-Unis, voici cinq \u00e9v\u00e9nements \u00e0 surveiller en 2026.\n                            <\/p>\n<p>De Kiev \u00e0 Washington, ces sujets feront la Une de l\u2019actualit\u00e9. Tour d\u2019horizon non exhaustif.<\/p>\n<p>Quelle issue \u00e0 Gaza et en Ukraine\u00a0?<\/p>\n<p>Au Proche-Orient, les pressions am\u00e9ricaines ont permis <a href=\"https:\/\/www.lemonde.fr\/international\/article\/2026\/01\/02\/interdite-a-gaza-l-ong-msf-denonce-une-ingerence-scandaleuse-et-un-grave-coup-porte-a-l-aide-humanitaire_6660377_3210.html\" target=\"_self\" rel=\"noopener\">un cessez-le-feu entre Isra\u00ebl et le Hamas<\/a>. La tr\u00eave s\u2019av\u00e8re tr\u00e8s fragile et le plan de paix am\u00e9ricain laisse de nombreux points en suspens, comme le retrait de l\u2019arm\u00e9e isra\u00e9lienne ou encore la future gouvernance du territoire palestinien.<\/p>\n<p>Le Hamas refuse de d\u00e9sarmer aux conditions pos\u00e9es par le Premier ministre isra\u00e9lien Benyamin Netanyahou qui compte, lui, se repr\u00e9senter aux \u00e9lections pr\u00e9vues au plus tard en novembre\u00a02026.<\/p>\n<p>En Ukraine, <a href=\"https:\/\/www.lemonde.fr\/international\/live\/2026\/01\/02\/en-direct-guerre-en-ukraine-un-batiment-residentiel-et-un-centre-commercial-attaques-par-l-armee-russe-a-kharkiv-au-moins-28-blesses-selon-kiev_6659606_3210.html\" target=\"_self\" rel=\"noopener\">les n\u00e9gociations entre le pr\u00e9sident\u00a0Volodymyr Zelensky <\/a>et le locataire de la Maison-Blanche ont progress\u00e9, mais il reste des points de blocage, notamment autour du sort r\u00e9serv\u00e9 aux territoires annex\u00e9s par la Russie. Et, surtout, Vladimir Poutine ne semble toujours pas dispos\u00e9, lui, \u00e0 ce stade, \u00e0 faire taire les armes.<\/p>\n<p>Climat\u00a0: le monde se ressaisira-t-il\u00a0?<\/p>\n<p>L\u2019ann\u00e9e 2026 a toutes les chances de rester chaude. Il y a 80\u00a0% de risque que le record de 2024 soit battu d\u2019ici 2029. \u00ab\u00a02026 doit \u00eatre l\u2019ann\u00e9e o\u00f9 la diplomatie climatique internationale se r\u00e9invente\u00a0\u00bb, estime Rebecca Thissen, du Climate Action Network.<\/p>\n<p>Sans attendre la COP31, on guettera combien de pays r\u00e9pondront \u00e0 l\u2019invitation de la Colombie, en avril \u00e0 Santa Marta, \u00e0 la premi\u00e8re conf\u00e9rence pour sortir des \u00e9nergies fossiles.<\/p>\n<p>Aleksandar Rankovic, du centre de r\u00e9flexion The Common Initiative, est, lui, curieux \u00ab\u00a0de voir si les r\u00e9bellions de la g\u00e9n\u00e9ration Z qui ont \u00e9merg\u00e9 dans le monde commencent \u00e0 se battre pour le climat\u00a0\u00bb.<\/p>\n<p>Aux USA, l\u2019enjeu de la mi-mandat<\/p>\n<p>Apr\u00e8s une ann\u00e9e 2025 marqu\u00e9e par le retour tonitruant de Donald Trump \u00e0 la Maison Blanche, les \u00e9lections de mi-mandat le 3\u00a0novembre 2026 repr\u00e9sentent un jalon crucial pour une pr\u00e9sidence d\u00e9j\u00e0 historique \u00e0 bien des \u00e9gards.<\/p>\n<p>De nouveaux gouverneurs seront choisis dans 36\u00c9tats, l\u2019ensemble des 435 si\u00e8ges de la Chambre des repr\u00e9sentants sera renouvel\u00e9, de m\u00eame que 35 des 100 si\u00e8ges du S\u00e9nat. L\u2019enjeu pour les r\u00e9publicains\u00a0: pr\u00e9server leur fine majorit\u00e9 au Congr\u00e8s.<\/p>\n<p>Les d\u00e9mocrates, eux, comptent bien faire basculer la Chambre, voire le S\u00e9nat en cas de fortes performances. La personne m\u00eame du pr\u00e9sident sera un th\u00e8me majeur de la campagne, mais pourrait \u00eatre \u00e9clips\u00e9e par la question du co\u00fbt de la vie. Ce scrutin servira \u00e9galement de rampe de lancement pour de nombreux aspirants \u00e0 la pr\u00e9sidentielle de 2028.<\/p>\n<p>Des astronautes autour de la Lune<\/p>\n<p>2026 pourrait \u00eatre l\u2019ann\u00e9e du retour d\u2019astronautes autour de la Lune\u00a0: report\u00e9e \u00e0 plusieurs reprises, la mission habit\u00e9e Artemis2 de la Nasa \u2013 avec ses partenaires priv\u00e9s comme SpaceX \u2013 est maintenant pr\u00e9vue pour le d\u00e9but de l\u2019ann\u00e9e, avril au plus tard.<\/p>\n<p>Une \u00e9tape clef vers le retour des Am\u00e9ricains sur le sol lunaire. Avant la Chine, qui veut s\u2019y poser d\u2019ici 2030. Cette derni\u00e8re avance ses pions\u00a0: la sonde Chang\u2019e 7 devrait se livrer en 2026 \u00e0 une exploration du p\u00f4le Sud du satellite de la Terre et les essais de son vaisseau spatial habit\u00e9 Mengzhou se poursuivent.<\/p>\n<p>L\u2019Inde affiche \u00e9galement de grandes ambitions\u00a0: apr\u00e8s avoir pos\u00e9 un robot sur la Lune en 2023, l\u2019Isro pr\u00e9voit d\u2019envoyer un astronaute en orbite par ses propres moyens en 2027. La Lune est devenue un passage oblig\u00e9 avant un voyage vers Mars. Pour y installer des bases relais mais aussi pour y tester combinaisons, v\u00e9hicules, \u00e9nergie\u2026 et apprendre \u00e0 vivre dans l\u2019espace lointain.<\/p>\n","protected":false},"excerpt":{"rendered":"Du retour d\u2019astronautes autour de la Lune jusqu\u2019aux \u00e9lections de mi-mandat aux \u00c9tats-Unis, voici cinq \u00e9v\u00e9nements \u00e0 surveiller&hellip;\n","protected":false},"author":2,"featured_media":638103,"comment_status":"","ping_status":"","sticky":false,"template":"","format":"standard","meta":{"footnotes":""},"categories":[1590],"tags":[1111,11,1777,674,74,12,220],"class_list":{"0":"post-638102","1":"post","2":"type-post","3":"status-publish","4":"format-standard","5":"has-post-thumbnail","7":"category-ukraine","8":"tag-actu","9":"tag-actualites","10":"tag-eu","11":"tag-europe","12":"tag-monde","13":"tag-news","14":"tag-ukraine"},"share_on_mastodon":{"url":"https:\/\/pubeurope.com\/@fr\/115830730501100417","error":""},"_links":{"self":[{"href":"https:\/\/www.europesays.com\/fr\/wp-json\/wp\/v2\/posts\/638102","targetHints":{"allow":["GET"]}}],"collection":[{"href":"https:\/\/www.europesays.com\/fr\/wp-json\/wp\/v2\/posts"}],"about":[{"href":"https:\/\/www.europesays.com\/fr\/wp-json\/wp\/v2\/types\/post"}],"author":[{"embeddable":true,"href":"https:\/\/www.europesays.com\/fr\/wp-json\/wp\/v2\/users\/2"}],"replies":[{"embeddable":true,"href":"https:\/\/www.europesays.com\/fr\/wp-json\/wp\/v2\/comments?post=638102"}],"version-history":[{"count":0,"href":"https:\/\/www.europesays.com\/fr\/wp-json\/wp\/v2\/posts\/638102\/revisions"}],"wp:featuredmedia":[{"embeddable":true,"href":"https:\/\/www.europesays.com\/fr\/wp-json\/wp\/v2\/media\/638103"}],"wp:attachment":[{"href":"https:\/\/www.europesays.com\/fr\/wp-json\/wp\/v2\/media?parent=638102"}],"wp:term":[{"taxonomy":"category","embeddable":true,"href":"https:\/\/www.europesays.com\/fr\/wp-json\/wp\/v2\/categories?post=638102"},{"taxonomy":"post_tag","embeddable":true,"href":"https:\/\/www.europesays.com\/fr\/wp-json\/wp\/v2\/tags?post=638102"}],"curies":[{"name":"wp","href":"https:\/\/api.w.org\/{rel}","templated":true}]}}