{"id":638104,"date":"2026-01-03T10:37:15","date_gmt":"2026-01-03T10:37:15","guid":{"rendered":"https:\/\/www.europesays.com\/fr\/638104\/"},"modified":"2026-01-03T10:37:15","modified_gmt":"2026-01-03T10:37:15","slug":"nicolas-maduro-trump-affirme-que-les-etats-unis-ont-arrete-le-president-apres-une-attaque-a-grande-echelle-au-venezuela","status":"publish","type":"post","link":"https:\/\/www.europesays.com\/fr\/638104\/","title":{"rendered":"Nicolas Maduro: Trump affirme que les \u00c9tats-Unis ont arr\u00eat\u00e9 le pr\u00e9sident apr\u00e8s une attaque \u00ab \u00e0 grande \u00e9chelle \u00bb au Venezuela"},"content":{"rendered":"<p><img fetchpriority=\"high\" decoding=\"async\" src=\"https:\/\/www.europesays.com\/fr\/wp-content\/uploads\/2026\/01\/3708c600-e88d-11f0-b67b-690eb873de1b.jpg.webp.webp\"   alt=\"Chars militaires sur lesquels flottent des drapeaux v\u00e9n\u00e9zu\u00e9liens\" loading=\"eager\" width=\"800\" height=\"450\" style=\"aspect-ratio:800 \/ 450\" class=\"css-1seqhu9\"\/><\/p>\n<p class=\"css-nyj3yn\" role=\"text\">Cr\u00e9dit photo, Getty Images<\/p>\n<p><strong id=\"article-byline\" aria-hidden=\"true\" class=\"css-2ozlq5\">Article Information<\/strong><\/p>\n<ul class=\"css-1dlgp3z\">\n<li class=\"css-1s1df59\">\n<ul role=\"list\" class=\"css-z50d25\">\n<li class=\"css-0\">Author, Daniel Garc\u00eda Marco<\/li>\n<li class=\"css-k1irjw\">Role,  BBC News Mundo<\/li>\n<\/ul>\n<\/li>\n<li>\n<p>il y a 7 minutes<\/p>\n<\/li>\n<li\/><\/ul>\n<p dir=\"ltr\" class=\"css-tmqcq9 e1yuyadm0\"><b>Le pr\u00e9sident am\u00e9ricain Donald Trump a confirm\u00e9 samedi que son pays avait men\u00e9 une attaque \u00ab \u00e0 grande \u00e9chelle \u00bb au Venezuela et a d\u00e9clar\u00e9 que le pr\u00e9sident Nicol\u00e1s Maduro et son \u00e9pouse avaient \u00e9t\u00e9 arr\u00eat\u00e9s et expuls\u00e9s du pays.<\/b><\/p>\n<p dir=\"ltr\" class=\"css-tmqcq9 e1yuyadm0\">\u00ab Les \u00c9tats-Unis ont men\u00e9 avec succ\u00e8s une attaque \u00e0 grande \u00e9chelle contre le Venezuela et son dirigeant, le pr\u00e9sident Nicol\u00e1s Maduro, qui, avec son \u00e9pouse, a \u00e9t\u00e9 captur\u00e9 et transf\u00e9r\u00e9 hors du pays. Cette op\u00e9ration a \u00e9t\u00e9 men\u00e9e conjointement avec les forces de l&rsquo;ordre am\u00e9ricaines. De plus amples d\u00e9tails seront fournis prochainement. Une conf\u00e9rence de presse aura lieu aujourd&rsquo;hui \u00e0 11 heures \u00e0 Mar-a-Lago. \u00bb<\/p>\n<p dir=\"ltr\" class=\"css-tmqcq9 e1yuyadm0\">Samedi, le gouvernement v\u00e9n\u00e9zu\u00e9lien avait d\u00e9nonc\u00e9 une \u00ab agression militaire \u00bb des \u00c9tats-Unis apr\u00e8s que des explosions et le survol d&rsquo;avions \u00e0 Caracas et dans d&rsquo;autres r\u00e9gions du pays avaient \u00e9t\u00e9 signal\u00e9s.<\/p>\n<p dir=\"ltr\" class=\"css-tmqcq9 e1yuyadm0\">Des vid\u00e9os enregistr\u00e9es par des habitants ont montr\u00e9 des colonnes de fum\u00e9e et des d\u00e9tonations, et m\u00eame certains avions volant \u00e0 basse altitude.<\/p>\n<p dir=\"ltr\" class=\"css-tmqcq9 e1yuyadm0\">Plusieurs quartiers de Caracas ont \u00e9t\u00e9 priv\u00e9s d&rsquo;\u00e9lectricit\u00e9, selon des habitants et des journalistes collaborant avec BBC Mundo.<\/p>\n<p dir=\"ltr\" class=\"css-tmqcq9 e1yuyadm0\">Les explosions ont commenc\u00e9 \u00e0 \u00eatre entendues apr\u00e8s 2 heures du matin samedi dans des endroits tels que la base a\u00e9rienne de La Carlota, \u00e0 Caracas, ou dans des zones proches.<\/p>\n<p dir=\"ltr\" class=\"css-tmqcq9 e1yuyadm0\">Le gouvernement v\u00e9n\u00e9zu\u00e9lien a d\u00e9nonc\u00e9 cet \u00e9v\u00e9nement comme une \u00ab agression militaire \u00bb des \u00c9tats-Unis, mais n&rsquo;a pour l&rsquo;instant donn\u00e9 aucune information sur le sort de Maduro.<\/p>\n<p dir=\"ltr\" class=\"css-tmqcq9 e1yuyadm0\">\u00ab La R\u00e9publique bolivarienne du Venezuela rejette, condamne et d\u00e9nonce devant la communaut\u00e9 internationale la tr\u00e8s grave agression militaire perp\u00e9tr\u00e9e par l&rsquo;actuel gouvernement des \u00c9tats-Unis d&rsquo;Am\u00e9rique contre le territoire et la population v\u00e9n\u00e9zu\u00e9liens dans les localit\u00e9s civiles et militaires de la ville de Caracas, capitale de la R\u00e9publique, et des \u00c9tats de Miranda, Aragua et La Guaira.<\/p>\n<p dir=\"ltr\" class=\"css-tmqcq9 e1yuyadm0\">\u00ab Une telle agression menace la paix et la stabilit\u00e9 internationales, en particulier en Am\u00e9rique latine et dans les Cara\u00efbes, et met gravement en danger la vie de millions de personnes \u00bb, a ajout\u00e9 le gouvernement dans un communiqu\u00e9.<\/p>\n<p dir=\"ltr\" class=\"css-tmqcq9 e1yuyadm0\">\u00ab La tentative d&rsquo;imposer une guerre coloniale pour d\u00e9truire la forme r\u00e9publicaine du gouvernement et forcer un changement de r\u00e9gime, en alliance avec l&rsquo;oligarchie fasciste, \u00e9chouera comme toutes les tentatives pr\u00e9c\u00e9dentes \u00bb.<\/p>\n<p dir=\"ltr\" class=\"css-tmqcq9 e1yuyadm0\">Le gouvernement a appel\u00e9 \u00ab toutes les forces sociales et politiques du pays \u00e0 activer les plans de mobilisation et \u00e0 condamner cette attaque imp\u00e9rialiste \u00bb.<\/p>\n<p dir=\"ltr\" class=\"css-tmqcq9 e1yuyadm0\">Le pr\u00e9sident Nicol\u00e1s Maduro, a d\u00e9clar\u00e9 le gouvernement, a sign\u00e9 et ordonn\u00e9 \u00ab l&rsquo;\u00e9tat d&rsquo;urgence ext\u00e9rieure sur tout le territoire national \u00bb.<\/p>\n<p dir=\"ltr\" class=\"css-tmqcq9 e1yuyadm0\">\u00ab En stricte conformit\u00e9 avec l&rsquo;article 51 de la Charte des Nations unies, le Venezuela se r\u00e9serve le droit d&rsquo;exercer sa l\u00e9gitime d\u00e9fense pour prot\u00e9ger son peuple, son territoire et son ind\u00e9pendance \u00bb.<\/p>\n<p dir=\"ltr\" class=\"css-tmqcq9 e1yuyadm0\">Ces attaques surviennent dans un contexte de tensions entre les deux pays.<\/p>\n<p dir=\"ltr\" class=\"css-tmqcq9 e1yuyadm0\">Les \u00c9tats-Unis avaient renforc\u00e9 leur pr\u00e9sence militaire dans les Cara\u00efbes au cours des derniers mois et avaient clairement laiss\u00e9 entendre qu&rsquo;une attaque contre le Venezuela pourrait \u00eatre lanc\u00e9e contre le gouvernement dirig\u00e9 par Maduro, qu&rsquo;ils consid\u00e8rent comme un pr\u00e9sident ill\u00e9gitime et qu&rsquo;ils associent au trafic de drogue.<\/p>\n<p dir=\"ltr\" class=\"css-tmqcq9 e1yuyadm0\">La journaliste Vanessa Silva, qui r\u00e9side \u00e0 Caracas, a vu une explosion depuis la fen\u00eatre de sa maison. Elle a d\u00e9clar\u00e9 qu&rsquo;elle \u00e9tait \u00e9norme, \u00ab plus forte qu&rsquo;un \u00e9clair \u00bb, et qu&rsquo;elle avait fait trembler l&rsquo;immeuble dans lequel elle vit.<\/p>\n<p dir=\"ltr\" class=\"css-tmqcq9 e1yuyadm0\">\u00ab Mon c\u0153ur s&rsquo;est mis \u00e0 battre tr\u00e8s fort et mes jambes tremblaient \u00bb, a d\u00e9clar\u00e9 Mme Silva \u00e0 propos de la proximit\u00e9 des explosions, qui semblaient \u00eatre tr\u00e8s pr\u00e9cises.<\/p>\n<p><img decoding=\"async\" src=\"https:\/\/www.europesays.com\/fr\/wp-content\/uploads\/2026\/01\/818abde0-e870-11f0-a8dc-93c15fe68710.png.webp.webp\"   alt=\"Ligne grise\" loading=\"lazy\" width=\"800\" height=\"100\" style=\"aspect-ratio:800 \/ 100\" class=\"css-1seqhu9\"\/><\/p>\n","protected":false},"excerpt":{"rendered":"Cr\u00e9dit photo, Getty Images Article Information Author, Daniel Garc\u00eda Marco Role, BBC News Mundo il y a 7&hellip;\n","protected":false},"author":2,"featured_media":638105,"comment_status":"","ping_status":"","sticky":false,"template":"","format":"standard","meta":{"footnotes":""},"categories":[1589],"tags":[11,73,1866,12,1864,1865,1863,308],"class_list":{"0":"post-638104","1":"post","2":"type-post","3":"status-publish","4":"format-standard","5":"has-post-thumbnail","7":"category-etats-unis","8":"tag-actualites","9":"tag-etats-unis","10":"tag-etats-unis-damerique","11":"tag-news","12":"tag-united-states","13":"tag-united-states-of-america","14":"tag-us","15":"tag-usa"},"share_on_mastodon":{"url":"https:\/\/pubeurope.com\/@fr\/115830734534712258","error":""},"_links":{"self":[{"href":"https:\/\/www.europesays.com\/fr\/wp-json\/wp\/v2\/posts\/638104","targetHints":{"allow":["GET"]}}],"collection":[{"href":"https:\/\/www.europesays.com\/fr\/wp-json\/wp\/v2\/posts"}],"about":[{"href":"https:\/\/www.europesays.com\/fr\/wp-json\/wp\/v2\/types\/post"}],"author":[{"embeddable":true,"href":"https:\/\/www.europesays.com\/fr\/wp-json\/wp\/v2\/users\/2"}],"replies":[{"embeddable":true,"href":"https:\/\/www.europesays.com\/fr\/wp-json\/wp\/v2\/comments?post=638104"}],"version-history":[{"count":0,"href":"https:\/\/www.europesays.com\/fr\/wp-json\/wp\/v2\/posts\/638104\/revisions"}],"wp:featuredmedia":[{"embeddable":true,"href":"https:\/\/www.europesays.com\/fr\/wp-json\/wp\/v2\/media\/638105"}],"wp:attachment":[{"href":"https:\/\/www.europesays.com\/fr\/wp-json\/wp\/v2\/media?parent=638104"}],"wp:term":[{"taxonomy":"category","embeddable":true,"href":"https:\/\/www.europesays.com\/fr\/wp-json\/wp\/v2\/categories?post=638104"},{"taxonomy":"post_tag","embeddable":true,"href":"https:\/\/www.europesays.com\/fr\/wp-json\/wp\/v2\/tags?post=638104"}],"curies":[{"name":"wp","href":"https:\/\/api.w.org\/{rel}","templated":true}]}}