{"id":638108,"date":"2026-01-03T10:39:15","date_gmt":"2026-01-03T10:39:15","guid":{"rendered":"https:\/\/www.europesays.com\/fr\/638108\/"},"modified":"2026-01-03T10:39:15","modified_gmt":"2026-01-03T10:39:15","slug":"friedrich-merz-impose-berlin-comme-leader-europeen","status":"publish","type":"post","link":"https:\/\/www.europesays.com\/fr\/638108\/","title":{"rendered":"Friedrich Merz impose Berlin comme leader europ\u00e9en"},"content":{"rendered":"<p>          Opinion   <\/p>\n<p>       \u2013   <\/p>\n<p>  Voyage \u00e0 Berlin <\/p>\n<p class=\"lead regular externalicon-big astro-mrojhlls\"> Pour le professeur V\u00e9drine, la Conf\u00e9rence de s\u00e9curit\u00e9 de Berlin a r\u00e9v\u00e9l\u00e9 une r\u00e9alit\u00e9 ignor\u00e9e: le couple franco-allemand n\u2019existe plus. Washington soutient d\u00e9sormais ouvertement l\u2019Allemagne comme leader unique du continent.    <\/p>\n<p>   <img loading=\"lazy\" decoding=\"async\" src=\"https:\/\/www.europesays.com\/fr\/wp-content\/uploads\/2025\/10\/EfFpNDl6a8DBUmkp2hmCvv.jpg\"  width=\"100\" height=\"100\"  alt=\"Olivier V\u00e9drine\" class=\"AuthorImage -content-head authorimage astro-vmrqen7w astro-g7nkasli\" style=\"background-color:#808080\"\/>    Chronique     Publi\u00e9 aujourd\u2019hui \u00e0 08h30                   Abonnez-vous d\u00e8s maintenant et profitez de la fonction de lecture audio. <\/p>\n<p>  S&rsquo;abonner   Se connecter  <\/p>\n<p>    <a href=\"https:\/\/bottalk.io\/\" class=\"bottalklink astro-5ez2hx6t\" target=\"_blank\" rel=\"noreferrer noopener\"> BotTalk <\/a>        <\/p>\n<p class=\"articleParagraph externalicon-big focus _content-width article-element astro-g2qwsodm astro-hwk6bfo3\">Invit\u00e9 en novembre \u00e0 la Conf\u00e9rence de s\u00e9curit\u00e9 de Berlin afin de recevoir pour l\u2019Association Jean Monnet le Prix \u200b\u200beurop\u00e9en \u00abCitoyennet\u00e9, S\u00e9curit\u00e9 et D\u00e9fense\u00bb remis par l\u2019organisation fran\u00e7aise CIDAN (\u00abDevoir civique, D\u00e9fense, Arm\u00e9e, Nation\u00bb) et par l\u2019Association europ\u00e9enne pour la s\u00e9curit\u00e9 et la d\u00e9fense, j\u2019ai bien remarqu\u00e9 la volont\u00e9 de leadership de l\u2019Allemagne pour la d\u00e9fense europ\u00e9enne et pour l\u2019Europe en g\u00e9n\u00e9ral. Le chancelier allemand avait bien annonc\u00e9 que ses objectifs \u00e9taient de reprendre le leadership en Europe et relancer le couple franco-allemand. <\/p>\n<p class=\"articleParagraph externalicon-big focus _content-width article-element astro-g2qwsodm astro-hwk6bfo3\">Avec 800\u00a0milliards d\u2019euros pour \u00abr\u00e9armer l\u2019Europe\u00bb, l\u2019Union europ\u00e9enne red\u00e9finit sa strat\u00e9gie de d\u00e9fense alors que les USA de Trump nous semblent de plus en plus \u00eatre un alli\u00e9 peu fiable. <\/p>\n<p>  Friedrich Merz <\/p>\n<p class=\"articleParagraph externalicon-big focus _content-width article-element astro-g2qwsodm astro-hwk6bfo3\">L\u2019Allemagne est en premi\u00e8re ligne de ce changement strat\u00e9gique avec en plus un certain appui am\u00e9ricain. Alors que la fin du r\u00e8gne du pr\u00e9sident fran\u00e7ais approche, l\u2019Europe aspire \u00e0 de nouveaux leaders, et Friedrich Merz, chef de la premi\u00e8re puissance \u00e9conomique du continent, ne cache pas sa volont\u00e9 d\u2019endosser ce r\u00f4le. <\/p>\n<p class=\"articleParagraph externalicon-big focus _content-width article-element astro-g2qwsodm astro-hwk6bfo3\">\u00c0 l\u2019occasion du congr\u00e8s de l\u2019Union chr\u00e9tienne sociale (CSU), le fr\u00e8re bavarois de sa propre Union chr\u00e9tienne d\u00e9mocrate (CDU), Friedrich Merz d\u00e9clare que l\u2019Allemagne est sans \u00e9quivoque le pays leader de l\u2019Union, qui donne le ton et inspire ses voisins. Mais en analysant les faits et les chiffres, on remarque que l\u2019Allemagne peut assumer ce r\u00f4le de leader de l\u2019Europe. En effet, c\u2019est un g\u00e9ant de l\u2019Union europ\u00e9enne et l\u2019un de ses six pays fondateurs. L\u2019Allemagne constitue la premi\u00e8re puissance d\u00e9mographique du continent et demeure sa locomotive \u00e9conomique. <\/p>\n<p class=\"articleParagraph externalicon-big focus _content-width article-element astro-g2qwsodm astro-hwk6bfo3\">L\u2019Allemagne est le quatri\u00e8me pays de l\u2019Union europ\u00e9enne en superficie, mais c\u2019est bien l\u00e0 l\u2019unique domaine dans lequel elle n\u2019occupe pas la premi\u00e8re marche du podium. Avec la r\u00e9unification, elle a largement distanc\u00e9 tous ses partenaires europ\u00e9ens. Elle reste la locomotive de l\u2019Europe et en est le plus gros contributeur net, le pays qui donne le plus de fonds \u00e0 l\u2019Union europ\u00e9enne et en re\u00e7oit le moins en contrepartie. <\/p>\n<p class=\"articleParagraph externalicon-big focus _content-width article-element astro-g2qwsodm astro-hwk6bfo3\">En 2026, le budget militaire de l\u2019Allemagne sera presque deux fois plus \u00e9lev\u00e9 que celui de la France. Gr\u00e2ce \u00e0 la lev\u00e9e du \u00abfrein \u00e0 l\u2019endettement\u00bb, vot\u00e9e en mars, la coalition gouvernementale du chancelier Friedrich Merz va pouvoir doter l\u2019Allemagne de \u00abl\u2019arm\u00e9e conventionnelle la plus puissante d\u2019Europe\u00bb. Ce qui suppose \u00e9videmment une hausse substantielle du budget de la Bundeswehr dans les ann\u00e9es \u00e0 venir, l\u2019objectif \u00e9tant de le porter \u00e0 3,5% du PIB (soit 153\u00a0milliards d\u2019euros) d\u2019ici \u00e0 2029, afin de respecter ses engagements \u00e0 l\u2019\u00e9gard de l\u2019OTAN. <\/p>\n<p class=\"articleParagraph externalicon-big focus _content-width article-element astro-g2qwsodm astro-hwk6bfo3\">\u00c9lu chancelier le 6\u00a0mai dernier, Friedrich Merz voulait inaugurer une nouvelle \u00e8re pour le \u00abcouple\u00bb franco-allemand. Apr\u00e8s plusieurs ann\u00e9es de m\u00e9sentente entre l\u2019ancien chancelier Olaf Scholz et le pr\u00e9sident fran\u00e7ais, ce nouveau tandem, surnomm\u00e9 \u00abMerzcron\u00bb par la presse, promet de raviver la coop\u00e9ration bilat\u00e9rale. Pendant la Conf\u00e9rence de s\u00e9curit\u00e9 de Berlin, je n\u2019ai pas entendu parler du \u00abcouple\u00bb franco-allemand, mais bien de la volont\u00e9 de l\u2019Allemagne de prendre seule le leadership europ\u00e9en avec un soutien sans d\u00e9tour des Am\u00e9ricains. R\u00e9sultat, les n\u00e9gociations sur l\u2019Ukraine se passent \u00e0 Berlin et consacrent le r\u00f4le central du chancelier allemand, Friedrich Merz. <\/p>\n<p>          <img decoding=\"async\" loading=\"lazy\" src=\"https:\/\/www.europesays.com\/fr\/wp-content\/uploads\/2026\/01\/DJqQYC4qaj3ASa_TNXRjbd.jpg\" data-image-url=\"https:\/\/www.europesays.com\/fr\/wp-content\/uploads\/2026\/01\/DJqQYC4qaj3ASa_TNXRjbd.jpg\" alt=\"Portrait d\u2019un homme en costume avec une cravate, souriant l\u00e9g\u00e8rement, sur un fond uni.\" title=\"Portrait d\u2019un homme en costume avec une cravate, souriant l\u00e9g\u00e8rement, sur un fond uni.\" class=\"ResponsiveImage responsive-image astro-lrzy7jfn\" style=\"background-color:#B07D60\" onload=\"this.style.backgroundColor = &quot;transparent&quot;\"\/>       <\/p>\n<p>dr<\/p>\n<p class=\"boxtitle astro-42aj3uwb astro-hwk6bfo3\">Lire aussi <\/p>\n<p>        Newsletter   <\/p>\n<p>\u00abLa Tribune des abonn\u00e9s\u00bb<\/p>\n<p> Adress\u00e9e \u00e0 nos plus fid\u00e8les lectrices et lecteurs, cette lettre leur propose une s\u00e9lection de nos meilleurs articles  ainsi que des contenus exclusifs. <\/p>\n<p class=\"astro-cztuaoj5\"> <a class=\"more astro-cztuaoj5\" href=\"https:\/\/www.tdg.ch\/nos-newsletters\" target=\"_blank\" rel=\"noopener\"> Autres newsletters <\/a> <\/p>\n<p>     Se connecter           <\/p>\n<p class=\"Feedback content-width astro-kvtdmsee\"> Vous avez trouv\u00e9 une erreur? <a href=\"https:\/\/www.tdg.ch\/mailto:tes_correction@tamedia.ch?subject=Avis%20d\" erreur=\"\" class=\"feedbacklink _underlinelink astro-kvtdmsee\" target=\"_blank\" rel=\"noopener\"> Merci de nous la signaler. <\/a> <\/p>\n","protected":false},"excerpt":{"rendered":"Opinion \u2013 Voyage \u00e0 Berlin Pour le professeur V\u00e9drine, la Conf\u00e9rence de s\u00e9curit\u00e9 de Berlin a r\u00e9v\u00e9l\u00e9 une&hellip;\n","protected":false},"author":2,"featured_media":638109,"comment_status":"","ping_status":"","sticky":false,"template":"","format":"standard","meta":{"footnotes":""},"categories":[1587],"tags":[11,672,1804,1805,1803,1777,674,1801,12,1802],"class_list":{"0":"post-638108","1":"post","2":"type-post","3":"status-publish","4":"format-standard","5":"has-post-thumbnail","7":"category-allemagne","8":"tag-actualites","9":"tag-allemagne","10":"tag-bundesrepublik-deutschland","11":"tag-de","12":"tag-deutschland","13":"tag-eu","14":"tag-europe","15":"tag-germany","16":"tag-news","17":"tag-republique-federale-dallemagne"},"share_on_mastodon":{"url":"https:\/\/pubeurope.com\/@fr\/115830742641456465","error":""},"_links":{"self":[{"href":"https:\/\/www.europesays.com\/fr\/wp-json\/wp\/v2\/posts\/638108","targetHints":{"allow":["GET"]}}],"collection":[{"href":"https:\/\/www.europesays.com\/fr\/wp-json\/wp\/v2\/posts"}],"about":[{"href":"https:\/\/www.europesays.com\/fr\/wp-json\/wp\/v2\/types\/post"}],"author":[{"embeddable":true,"href":"https:\/\/www.europesays.com\/fr\/wp-json\/wp\/v2\/users\/2"}],"replies":[{"embeddable":true,"href":"https:\/\/www.europesays.com\/fr\/wp-json\/wp\/v2\/comments?post=638108"}],"version-history":[{"count":0,"href":"https:\/\/www.europesays.com\/fr\/wp-json\/wp\/v2\/posts\/638108\/revisions"}],"wp:featuredmedia":[{"embeddable":true,"href":"https:\/\/www.europesays.com\/fr\/wp-json\/wp\/v2\/media\/638109"}],"wp:attachment":[{"href":"https:\/\/www.europesays.com\/fr\/wp-json\/wp\/v2\/media?parent=638108"}],"wp:term":[{"taxonomy":"category","embeddable":true,"href":"https:\/\/www.europesays.com\/fr\/wp-json\/wp\/v2\/categories?post=638108"},{"taxonomy":"post_tag","embeddable":true,"href":"https:\/\/www.europesays.com\/fr\/wp-json\/wp\/v2\/tags?post=638108"}],"curies":[{"name":"wp","href":"https:\/\/api.w.org\/{rel}","templated":true}]}}