{"id":638118,"date":"2026-01-03T10:44:13","date_gmt":"2026-01-03T10:44:13","guid":{"rendered":"https:\/\/www.europesays.com\/fr\/638118\/"},"modified":"2026-01-03T10:44:13","modified_gmt":"2026-01-03T10:44:13","slug":"voici-ou-et-quand-elle-devrait-tomber-2","status":"publish","type":"post","link":"https:\/\/www.europesays.com\/fr\/638118\/","title":{"rendered":"voici o\u00f9 et quand elle devrait tomber"},"content":{"rendered":"<p>                    Par<br \/>\n        <strong><br \/>\n            <a href=\"https:\/\/actu.fr\/auteur\/sports33\" title=\"Consulter tous les articles de Nicolas Gosselin\" target=\"_blank\" rel=\"noopener\">Nicolas Gosselin<\/a><br \/>\n                    <\/strong><\/p>\n<p>        Publi\u00e9 le<\/p>\n<p>            3 janv. 2026 \u00e0 10h12        <\/p>\n<p>En ce premier week-end de janvier 2026, la moiti\u00e9 de l\u2019Hexagone devrait \u00eatre touch\u00e9e par des <a href=\"https:\/\/actu.fr\/tag\/neige\" target=\"_blank\" rel=\"noopener\">averses de neige<\/a> \u00e0 en croire <a href=\"https:\/\/actu.fr\/tag\/meteo-france\" target=\"_blank\" rel=\"noopener\">M\u00e9t\u00e9o France<\/a>, qui a <a href=\"https:\/\/actu.fr\/meteo\/neige-verglas-grand-froid-en-france-pres-de-80-departements-en-vigilance-ce-samedi-voici-les-previsions_63645718.html\" target=\"_blank\" rel=\"noopener\">plac\u00e9 une soixantaine de d\u00e9partements en vigilance jaune<\/a>. En revanche, la Gironde devrait \u00eatre \u00e9pargn\u00e9e. Par contre, en d\u00e9but de semaine prochaine, les pr\u00e9visionnistes \u00e9voquent la possibilit\u00e9 de voir des flocons tomber du ciel \u00e0 Bordeaux.\u00a0<\/p>\n<p class=\" wall-content\">\u00ab\u00a0Peut-\u00eatre mardi ou mercredi mais c\u2019est trop loin pour se prononcer\u00a0\u00bb, commente Guillaume S\u00e9chet, m\u00e9t\u00e9orologue et fondateur de <a href=\"https:\/\/www.meteo-bordeaux.com\/previsions\" target=\"_blank\" rel=\"noopener\">M\u00e9t\u00e9o Villes<\/a>, contact\u00e9 par <a href=\"https:\/\/actu.fr\/bordeaux\/\" target=\"_blank\" rel=\"noopener\">actu Bordeaux<\/a>. M\u00e9t\u00e9o France \u00e9voque un<strong> risque de faibles averses de neige \u00e0 Bordeaux<\/strong> dans la nuit de lundi \u00e0 mardi et de mardi \u00e0 mercredi.<\/p>\n<p>Des averses de neige annonc\u00e9es \u00e0 Arcachon ou Lacanau<\/p>\n<p class=\" wall-content\">Les pr\u00e9visions semblent en revanche plus cat\u00e9goriques concernant le M\u00e9doc ou <a href=\"https:\/\/actu.fr\/tag\/bassin-d-arcachon\" target=\"_blank\" rel=\"noopener\">le bassin d\u2019Arcachon<\/a>. D\u00e8s lundi apr\u00e8s-midi et durant la nuit suivante, M\u00e9t\u00e9o France annonce des <strong>averses de neige et de pluie \u00e0 Arcachon ou \u00e0 Lacanau<\/strong>, par exemple.\u00a0<\/p>\n<p class=\" wall-content\">Ces averses sont aussi annonc\u00e9es, mais plus faibles, \u00e0 L\u00e8ge-Cap-Ferret, sur la pointe du M\u00e9doc et plus \u00e0 l\u2019int\u00e9rieur des terres, au niveau de l\u2019estuaire de la Gironde et dans le Libournais. En revanche, le <a href=\"https:\/\/actu.fr\/le-republicain-sud-gironde\/\" target=\"_blank\" rel=\"noopener\">Sud-Gironde<\/a> ne devrait pas avoir de flocons et l\u2019agglom\u00e9ration bordelaise pourrait y \u00e9chapper m\u00eame si l\u2019interrogation subsiste pour le moment.<\/p>\n<p>Rebelote mercredi dans le M\u00e9doc<\/p>\n<p class=\" wall-content\">Concernant la journ\u00e9e de mercredi 7 janvier, des pr\u00e9cipitations devraient concerner une grande partie de la Gironde et localement, les faibles temp\u00e9ratures devraient donner lieu \u00e0 <strong>des averses de neige le matin<\/strong>. Ce sera le cas \u00e0 l\u2019int\u00e9rieur des terres dans le M\u00e9doc, avec un petit degr\u00e9 annonc\u00e9 \u00e0<strong> Lesparre-M\u00e9doc<\/strong>.<\/p>\n<p class=\" wall-content\">En revanche, sur le littoral y compris le bassin d\u2019Arcachon et dans le reste du d\u00e9partement, les temp\u00e9ratures devraient \u00eatre deux \u00e0 quatre degr\u00e9s plus \u00e9lev\u00e9es et donc il faudrait plut\u00f4t s\u2019attendre \u00e0 des averses de pluie tout la journ\u00e9e. Le<strong> risque de verglas<\/strong> pourrait en revanche \u00eatre tr\u00e8s fort sur l\u2019ensemble du d\u00e9partement en matin\u00e9e.<\/p>\n<p class=\" wall-content\">Et si M\u00e9t\u00e9o France annonce de fortes pr\u00e9cipitations en fin de semaine prochaine, le mercure devrait <strong>de nouveau passer au-dessus des 10 degr\u00e9s<\/strong>\u00a0 d\u00e8s le jeudi donc les pr\u00e9visionnistes annoncent des averses de pluie plut\u00f4t que de la neige.<\/p>\n<p class=\" wall-content\">Personnalisez votre actualit\u00e9 en ajoutant vos villes et m\u00e9dias en favori avec <a href=\"https:\/\/moncompte.actu.fr\" title=\"D\u00e9couvez Mon Actu\" rel=\"nofollow noopener\" data-trk=\"{&quot;cta&quot;:{&quot;action&quot;:&quot;https:\\\/\\\/moncompte.actu.fr&quot;,&quot;category&quot;:&quot;mon compte&quot;,&quot;from&quot;:&quot;article footer&quot;,&quot;name&quot;:&quot;Mon actu&quot;,&quot;type&quot;:&quot;cta&quot;}}\" target=\"_blank\">Mon Actu<\/a>.<\/p>\n","protected":false},"excerpt":{"rendered":"Par Nicolas Gosselin Publi\u00e9 le 3 janv. 2026 \u00e0 10h12 En ce premier week-end de janvier 2026, la&hellip;\n","protected":false},"author":2,"featured_media":638119,"comment_status":"","ping_status":"","sticky":false,"template":"","format":"standard","meta":{"footnotes":""},"categories":[4],"tags":[11,1011,27,2487,2357,10584,12,25],"class_list":{"0":"post-638118","1":"post","2":"type-post","3":"status-publish","4":"format-standard","5":"has-post-thumbnail","7":"category-france","8":"tag-actualites","9":"tag-fr","10":"tag-france","11":"tag-meteo","12":"tag-meteo-france","13":"tag-neige","14":"tag-news","15":"tag-republique-francaise"},"share_on_mastodon":{"url":"https:\/\/pubeurope.com\/@fr\/115830761889592793","error":""},"_links":{"self":[{"href":"https:\/\/www.europesays.com\/fr\/wp-json\/wp\/v2\/posts\/638118","targetHints":{"allow":["GET"]}}],"collection":[{"href":"https:\/\/www.europesays.com\/fr\/wp-json\/wp\/v2\/posts"}],"about":[{"href":"https:\/\/www.europesays.com\/fr\/wp-json\/wp\/v2\/types\/post"}],"author":[{"embeddable":true,"href":"https:\/\/www.europesays.com\/fr\/wp-json\/wp\/v2\/users\/2"}],"replies":[{"embeddable":true,"href":"https:\/\/www.europesays.com\/fr\/wp-json\/wp\/v2\/comments?post=638118"}],"version-history":[{"count":0,"href":"https:\/\/www.europesays.com\/fr\/wp-json\/wp\/v2\/posts\/638118\/revisions"}],"wp:featuredmedia":[{"embeddable":true,"href":"https:\/\/www.europesays.com\/fr\/wp-json\/wp\/v2\/media\/638119"}],"wp:attachment":[{"href":"https:\/\/www.europesays.com\/fr\/wp-json\/wp\/v2\/media?parent=638118"}],"wp:term":[{"taxonomy":"category","embeddable":true,"href":"https:\/\/www.europesays.com\/fr\/wp-json\/wp\/v2\/categories?post=638118"},{"taxonomy":"post_tag","embeddable":true,"href":"https:\/\/www.europesays.com\/fr\/wp-json\/wp\/v2\/tags?post=638118"}],"curies":[{"name":"wp","href":"https:\/\/api.w.org\/{rel}","templated":true}]}}