{"id":638122,"date":"2026-01-03T10:47:16","date_gmt":"2026-01-03T10:47:16","guid":{"rendered":"https:\/\/www.europesays.com\/fr\/638122\/"},"modified":"2026-01-03T10:47:16","modified_gmt":"2026-01-03T10:47:16","slug":"perpignan-stade-toulousain-a-quelle-heure-inhabituelle-et-sur-quelle-chaine-suivre-le-match-de-top-14-de-toulouse","status":"publish","type":"post","link":"https:\/\/www.europesays.com\/fr\/638122\/","title":{"rendered":"Perpignan-Stade Toulousain\u00a0: \u00e0 quelle heure (inhabituelle) et sur quelle cha\u00eene suivre le match de Top 14 de Toulouse"},"content":{"rendered":"<p>\n                                                                    l&rsquo;essentiel<br \/>\n                                                                Premier rendez-vous en 2026 pour les \u00ab\u00a0rouge et noir\u00a0\u00bb premiers du classement, avec un affrontement \u00e0 l\u2019USAP, dernier. Une rencontre \u00ab\u00a0grand \u00e9cart\u00a0\u00bb dont les Toulousains voudront sortir victorieux. Ils s\u2019attendent \u00e0 une belle intensit\u00e9 au stade Aim\u00e9-Giral.\n                            <\/p>\n<p>Ne pas faillir, d\u00e8s les premi\u00e8res minutes en comp\u00e9tition en 2026. Ce samedi 3\u00a0janvier, pour la premi\u00e8re \u00e9ch\u00e9ance de la nouvelle ann\u00e9e, les joueurs de rugby du Stade Toulousain d\u00e9fient Perpignan, en Catalogne, en ouverture de la 14e journ\u00e9e de Top 14. <strong>Coup d\u2019envoi\u00a0: 14\u00a0h\u00a030<\/strong> au stade Aim\u00e9-Giral. <strong>Cha\u00eene\u00a0: Canal +\u00a0Sport<\/strong>. Un horaire peu courant pour Toulouse, habitu\u00e9 \u00e0 jouer, la majorit\u00e9 du temps, le dimanche soir \u00e0 21h10.<\/p>\n<p>Une rencontre, <a href=\"https:\/\/www.ladepeche.fr\/sport\/\" target=\"_blank\" rel=\"noopener\">\u00e9galement \u00e0 suivre en live comment\u00e9 sur ladepeche.fr<\/a>, dont les Toulousains, triples champions de France en titre, entendent bien sortir victorieux. Forts de leur premi\u00e8re place au classement (47 points), r\u00e9cup\u00e9r\u00e9e lors de la derni\u00e8re journ\u00e9e apr\u00e8s un succ\u00e8s canon contre La\u00a0Rochelle (60-14), <a href=\"https:\/\/www.ladepeche.fr\/sports\/resultats-sportifs\/rugby\/equipe\/18\/stade-toulousain\" target=\"_blank\" rel=\"noopener\">les hommes du manager Ugo Mola<\/a> n\u2019entendent pas faillir en terre catalane, face \u00e0 des hommes de l\u2019USAP derniers. D\u2019autant que les dauphins palois, qui d\u00e9fient Lyon \u00e0 partir de 16\u00a0h\u00a030, n\u2019accusent qu\u2019un point de retard.<\/p>\n<p><a href=\"https:\/\/www.ladepeche.fr\/sports\/resultats-sportifs\/rugby\/equipe\/16\/perpignan\" target=\"_blank\" rel=\"noopener\">Les Perpignanais<\/a>, eux, sont donc 14es et derniers, avec 5 points au compteur. Leur objectif 2026\u00a0: tenter de faire mieux, chaque semaine, que leurs rivaux directs, les joueurs de Montauban, pour tenter d\u2019accrocher en fin de phase r\u00e9guli\u00e8re la 13e place synonyme de barrage, et tenter ainsi de ne pas descendre en Pro D2.<\/p>\n","protected":false},"excerpt":{"rendered":"l&rsquo;essentiel Premier rendez-vous en 2026 pour les \u00ab\u00a0rouge et noir\u00a0\u00bb premiers du classement, avec un affrontement \u00e0 l\u2019USAP,&hellip;\n","protected":false},"author":2,"featured_media":638123,"comment_status":"","ping_status":"","sticky":false,"template":"","format":"standard","meta":{"footnotes":""},"categories":[1416],"tags":[1011,27,2722,479,1468,68796,517,60,476,2312],"class_list":{"0":"post-638122","1":"post","2":"type-post","3":"status-publish","4":"format-standard","5":"has-post-thumbnail","7":"category-rugby","8":"tag-fr","9":"tag-france","10":"tag-haute-garonne","11":"tag-rugby","12":"tag-rugby-football","13":"tag-rugby-u00e0-xv","14":"tag-sport","15":"tag-sports","16":"tag-stade-toulousain","17":"tag-toulouse"},"share_on_mastodon":{"url":"https:\/\/pubeurope.com\/@fr\/115830773809373903","error":""},"_links":{"self":[{"href":"https:\/\/www.europesays.com\/fr\/wp-json\/wp\/v2\/posts\/638122","targetHints":{"allow":["GET"]}}],"collection":[{"href":"https:\/\/www.europesays.com\/fr\/wp-json\/wp\/v2\/posts"}],"about":[{"href":"https:\/\/www.europesays.com\/fr\/wp-json\/wp\/v2\/types\/post"}],"author":[{"embeddable":true,"href":"https:\/\/www.europesays.com\/fr\/wp-json\/wp\/v2\/users\/2"}],"replies":[{"embeddable":true,"href":"https:\/\/www.europesays.com\/fr\/wp-json\/wp\/v2\/comments?post=638122"}],"version-history":[{"count":0,"href":"https:\/\/www.europesays.com\/fr\/wp-json\/wp\/v2\/posts\/638122\/revisions"}],"wp:featuredmedia":[{"embeddable":true,"href":"https:\/\/www.europesays.com\/fr\/wp-json\/wp\/v2\/media\/638123"}],"wp:attachment":[{"href":"https:\/\/www.europesays.com\/fr\/wp-json\/wp\/v2\/media?parent=638122"}],"wp:term":[{"taxonomy":"category","embeddable":true,"href":"https:\/\/www.europesays.com\/fr\/wp-json\/wp\/v2\/categories?post=638122"},{"taxonomy":"post_tag","embeddable":true,"href":"https:\/\/www.europesays.com\/fr\/wp-json\/wp\/v2\/tags?post=638122"}],"curies":[{"name":"wp","href":"https:\/\/api.w.org\/{rel}","templated":true}]}}