{"id":638126,"date":"2026-01-03T10:52:17","date_gmt":"2026-01-03T10:52:17","guid":{"rendered":"https:\/\/www.europesays.com\/fr\/638126\/"},"modified":"2026-01-03T10:52:17","modified_gmt":"2026-01-03T10:52:17","slug":"cyclisme-a-29-ans-un-cycliste-annonce-sa-retraite-et-sa-reconversion-dans-limmobilier-le-dauphine-libere","status":"publish","type":"post","link":"https:\/\/www.europesays.com\/fr\/638126\/","title":{"rendered":"Cyclisme. \u00c0 29 ans, un cycliste annonce sa retraite et sa reconversion&#8230; dans l&#039;immobilier &#8211; Le Dauphin\u00e9 Lib\u00e9r\u00e9"},"content":{"rendered":"<ol>\n<li><a href=\"https:\/\/news.google.com\/rss\/articles\/CBMivgFBVV95cUxNdkVGTGlxakR0NGF5SmdMZ2x0WkVKWUh5bXRpYnowaU01X3dEeXdtbWZmM3pBcVRmWW0zOVdGTHFOOU5MelNhcHBjbDFpYTcxeGRBZ2lBVjlXSGI3aVF6SDV3ZkVnbjEwZUpORm1FMzFiSk83dzVKQkJRXzhibV9FYlQzTTBHeGJsckc3c0x4a3dKVUFzSjVyZUVBNXBnUW5xOGFQWXhhenY1VktCZWFkSkIwT2M0Z0F5LXRTd3R3?oc=5\" target=\"_blank\" rel=\"noopener\">Cyclisme. \u00c0 29 ans, un cycliste annonce sa retraite et sa reconversion&#8230; dans l&rsquo;immobilier<\/a>&nbsp;&nbsp;Le Dauphin\u00e9 Lib\u00e9r\u00e9<\/li>\n<li><a href=\"https:\/\/news.google.com\/rss\/articles\/CBMi5AFBVV95cUxPTHNoWkdiTm9BNXR3eXhWWmpOal9jNFd6YVJNaUlUeFR4THJLNmdsakx6WU03S0FERUhsMUFTd3hDNmxBYVhiY1lMaHNseTF1Q3l3NzBlbEd2VXBUcG80ZzJUR2h3dUZCeG96T21ZczJlbC1MQ2hUSFRYeGQtR1NFeEdBZ2tYZ0FUWXlpMHA4aXIteV9OaGNqNXVHc0hlX1FJeHR5N2RRWkZIdmRxZV9vYTBhdHlYU2VkLV9nRlpUU2VzV1pDeHc2dmJYZll6ZVZpN0U2N0lidEk0enJDS1ZmQ2xCLTg?oc=5\" target=\"_blank\" rel=\"noopener\">\u00ab La fin d\u2019un r\u00eave de gosse \u00bb : \u00c0 seulement 29 ans, un coureur belge met un terme \u00e0 sa carri\u00e8re pour\u2026 se lancer dans l\u2019immobilier<\/a>&nbsp;&nbsp;RTL Info<\/li>\n<li><a href=\"https:\/\/news.google.com\/rss\/articles\/CBMi_wFBVV95cUxPRUFHQXl5VjJrX2pMMXF1WldDT1U2RTNsR2dJYzJFQTBVMzJGT3ZpNjN6SUFMNGQ3MngyS3o0eTdlZFplWUJ1WW1CZ3dzeHZvUVFiNUhQcjBrWVYwNkhEX2tPTUFhczM0NkVVWmtGdll3bkFPM21uSmRKOEdMRGRfd3VxWHBqdUMxVXI3U21pdHEtSEV4WEp1dVBoOTN4X3Z6TmJTVlpBVm81ZU1tWUdCcG9DR1prc01nMllyZG15YUJWZUN5bzN3WUpVZV9kY2pSMF9HVlNnV1BaaHhCLWNZWWwtUkRCMUcyNHVQcmZIUlJpVXROcktzZGZEdTRKTnc?oc=5\" target=\"_blank\" rel=\"noopener\">\u00ab\u00a0La fin d&rsquo;un r\u00eave d&rsquo;enfant\u00a0\u00bb: un cycliste se reconvertit dans l\u2019immobilier \u00e0 29 ans apr\u00e8s la fusion Lotto-Intermarch\u00e9<\/a>&nbsp;&nbsp;RMC Sport<\/li>\n<li><a href=\"https:\/\/news.google.com\/rss\/articles\/CBMivwFBVV95cUxNSU80T3lCbU1pOGlIcVFIbE9tYkRoS2IxZzdzR1l0WmI0Y1JUTHVOTkgzRDhHVFJuODJUTEdZSXh1MU1KX1lmZ1pCZ19YMF9yaHlhQ1lqSlJQb014TXRNVlhmaW1CS3NvYUtWWHRGSTZaQlNtMlpJSTNndi1ZeFhINE1udkJJWnRBUlA4WldjWmp0NW9MRVZBYlVDeTJxQ0lVZWJvNFJ1ZVctdVludjBqWjJaVUtQRTd5b0pOZnBGVQ?oc=5\" target=\"_blank\" rel=\"noopener\">Kobe Goossens quitte le cyclisme professionnel \u00e0 29 ans et se lance dans l&rsquo;immobilier<\/a>&nbsp;&nbsp;RTBF<\/li>\n<li><a href=\"https:\/\/news.google.com\/rss\/articles\/CBMiwgFBVV95cUxON2RXcE5LYXVWYnpUTm5ERVNmUnhTZW50TE1iaVpDMGhZZ2JEWUNhQWNKdlBacVdlVDNWVGlCNGk3Qzd6WmNTNEpZTjFSb1RDVF9XV3k0RzNlQS11MFRXRmxXeWVTb05rbW9mSmJUbkYxTVdhV1VpX1VPdGZaN0t1WHBkc2NZbXgtOG5EQ1RuMVBjeW5sTER0OGNZWkpQUFVWSm14UDZER1FQZkFBYVhKVzR4MWdFSU5ydElOUGp0dGV5QdIBwgFBVV95cUxOWWVMSWkycEFjdy1ITjJ4SS1mRVJ2YmdCSzVFMzB4b3VsbVk3aXFucFpsOTJFRk12eVdxTUNXY3o1aFNvd3AwS2o0M3RQUGY5aFJlNEdjQkdPOENnSHMtTDdmY2NSczRWQUFRLWllVFc0X2VIRVc1V2FtZE5GVGptMmVadWduMC1lOG1zU2R1QVEyVmdwNFdxT2hHUmF3M1BVbVRaTUp2ZTA0eERsaEZGSHJyNTRIWHp0dlg4eU5Vc3BnQQ?oc=5\" target=\"_blank\" rel=\"noopener\">Route: Un Belge prend sa retraite&#8230; et se lance dans un tout autre domaine<\/a>&nbsp;&nbsp;Cyclism&rsquo;Actu<\/li>\n<\/ol>\n","protected":false},"excerpt":{"rendered":"Cyclisme. \u00c0 29 ans, un cycliste annonce sa retraite et sa reconversion&#8230; dans l&rsquo;immobilier&nbsp;&nbsp;Le Dauphin\u00e9 Lib\u00e9r\u00e9 \u00ab La&hellip;\n","protected":false},"author":2,"featured_media":638127,"comment_status":"","ping_status":"","sticky":false,"template":"","format":"standard","meta":{"footnotes":""},"categories":[1411],"tags":[1154,207,1701,1011,27,329,1757,517,1947,60],"class_list":{"0":"post-638126","1":"post","2":"type-post","3":"status-publish","4":"format-standard","5":"has-post-thumbnail","7":"category-cyclisme","8":"tag-cycling","9":"tag-cyclisme","10":"tag-fil-info-sport","11":"tag-fr","12":"tag-france","13":"tag-france-monde","14":"tag-insolite","15":"tag-sport","16":"tag-sport-national","17":"tag-sports"},"share_on_mastodon":{"url":"https:\/\/pubeurope.com\/@fr\/115830793463867789","error":""},"_links":{"self":[{"href":"https:\/\/www.europesays.com\/fr\/wp-json\/wp\/v2\/posts\/638126","targetHints":{"allow":["GET"]}}],"collection":[{"href":"https:\/\/www.europesays.com\/fr\/wp-json\/wp\/v2\/posts"}],"about":[{"href":"https:\/\/www.europesays.com\/fr\/wp-json\/wp\/v2\/types\/post"}],"author":[{"embeddable":true,"href":"https:\/\/www.europesays.com\/fr\/wp-json\/wp\/v2\/users\/2"}],"replies":[{"embeddable":true,"href":"https:\/\/www.europesays.com\/fr\/wp-json\/wp\/v2\/comments?post=638126"}],"version-history":[{"count":0,"href":"https:\/\/www.europesays.com\/fr\/wp-json\/wp\/v2\/posts\/638126\/revisions"}],"wp:featuredmedia":[{"embeddable":true,"href":"https:\/\/www.europesays.com\/fr\/wp-json\/wp\/v2\/media\/638127"}],"wp:attachment":[{"href":"https:\/\/www.europesays.com\/fr\/wp-json\/wp\/v2\/media?parent=638126"}],"wp:term":[{"taxonomy":"category","embeddable":true,"href":"https:\/\/www.europesays.com\/fr\/wp-json\/wp\/v2\/categories?post=638126"},{"taxonomy":"post_tag","embeddable":true,"href":"https:\/\/www.europesays.com\/fr\/wp-json\/wp\/v2\/tags?post=638126"}],"curies":[{"name":"wp","href":"https:\/\/api.w.org\/{rel}","templated":true}]}}