{"id":638132,"date":"2026-01-03T10:55:24","date_gmt":"2026-01-03T10:55:24","guid":{"rendered":"https:\/\/www.europesays.com\/fr\/638132\/"},"modified":"2026-01-03T10:55:24","modified_gmt":"2026-01-03T10:55:24","slug":"2025-vue-par-notre-photographe-ludovic-laude","status":"publish","type":"post","link":"https:\/\/www.europesays.com\/fr\/638132\/","title":{"rendered":"2025 vue par notre photographe\u00a0Ludovic Laude"},"content":{"rendered":"<p>Tout au long de l\u2019ann\u00e9e, nos photographes ont sillonn\u00e9 la Franche-Comt\u00e9 pour saisir les \u00e9v\u00e9nements qui ont marqu\u00e9 l\u2019actualit\u00e9. Des milliers d\u2019images ont \u00e9t\u00e9 publi\u00e9es sur nos diff\u00e9rents supports, dans les pages du journal comme sur notre site internet. \u00c0 l\u2019heure de tourner la page de 2025, place au regard r\u00e9trospectif de Ludovic Laude. Nous vous proposons de (re)d\u00e9couvrir douze de ses photographies marquantes, parfois pass\u00e9es inaper\u00e7ues, mais qui racontent, chacune \u00e0 leur mani\u00e8re, l\u2019ann\u00e9e \u00e9coul\u00e9e.<\/p>\n","protected":false},"excerpt":{"rendered":"Tout au long de l\u2019ann\u00e9e, nos photographes ont sillonn\u00e9 la Franche-Comt\u00e9 pour saisir les \u00e9v\u00e9nements qui ont marqu\u00e9&hellip;\n","protected":false},"author":2,"featured_media":638133,"comment_status":"","ping_status":"","sticky":false,"template":"","format":"standard","meta":{"footnotes":""},"categories":[1358],"tags":[1348,1384,1385,10112,1687,1386,58,8026,14383,14384,59,436,1011,27,5325,2798,74554,74553,74551,74552,273,104],"class_list":{"0":"post-638132","1":"post","2":"type-post","3":"status-publish","4":"format-standard","5":"has-post-thumbnail","7":"category-arts-et-design","8":"tag-arts","9":"tag-arts-and-design","10":"tag-arts-et-design","11":"tag-besancon","12":"tag-culture-loisirs","13":"tag-design","14":"tag-divertissement","15":"tag-doubs","16":"tag-edition-besancon","17":"tag-edition-pontarlier-haut-doubs","18":"tag-entertainment","19":"tag-environnement","20":"tag-fr","21":"tag-france","22":"tag-galerie-media","23":"tag-galerie-photo","24":"tag-glamondans","25":"tag-longevilles-mont-dor","26":"tag-maiche","27":"tag-osselle-routelle","28":"tag-selection-de-la-redaction","29":"tag-societe"},"share_on_mastodon":{"url":"https:\/\/pubeurope.com\/@fr\/115830805150355686","error":""},"_links":{"self":[{"href":"https:\/\/www.europesays.com\/fr\/wp-json\/wp\/v2\/posts\/638132","targetHints":{"allow":["GET"]}}],"collection":[{"href":"https:\/\/www.europesays.com\/fr\/wp-json\/wp\/v2\/posts"}],"about":[{"href":"https:\/\/www.europesays.com\/fr\/wp-json\/wp\/v2\/types\/post"}],"author":[{"embeddable":true,"href":"https:\/\/www.europesays.com\/fr\/wp-json\/wp\/v2\/users\/2"}],"replies":[{"embeddable":true,"href":"https:\/\/www.europesays.com\/fr\/wp-json\/wp\/v2\/comments?post=638132"}],"version-history":[{"count":0,"href":"https:\/\/www.europesays.com\/fr\/wp-json\/wp\/v2\/posts\/638132\/revisions"}],"wp:featuredmedia":[{"embeddable":true,"href":"https:\/\/www.europesays.com\/fr\/wp-json\/wp\/v2\/media\/638133"}],"wp:attachment":[{"href":"https:\/\/www.europesays.com\/fr\/wp-json\/wp\/v2\/media?parent=638132"}],"wp:term":[{"taxonomy":"category","embeddable":true,"href":"https:\/\/www.europesays.com\/fr\/wp-json\/wp\/v2\/categories?post=638132"},{"taxonomy":"post_tag","embeddable":true,"href":"https:\/\/www.europesays.com\/fr\/wp-json\/wp\/v2\/tags?post=638132"}],"curies":[{"name":"wp","href":"https:\/\/api.w.org\/{rel}","templated":true}]}}