{"id":638134,"date":"2026-01-03T10:57:19","date_gmt":"2026-01-03T10:57:19","guid":{"rendered":"https:\/\/www.europesays.com\/fr\/638134\/"},"modified":"2026-01-03T10:57:19","modified_gmt":"2026-01-03T10:57:19","slug":"audiences-quel-score-pour-le-lancement-du-jeu-qui-sera-le-plus-nul-avec-camille-combal-sur-tf1","status":"publish","type":"post","link":"https:\/\/www.europesays.com\/fr\/638134\/","title":{"rendered":"Audiences : Quel score pour le lancement du jeu \u00ab\u00a0Qui sera le plus nul ?\u00a0\u00bb avec Camille Combal sur TF1 ?"},"content":{"rendered":"<p>                <img loading=\"lazy\" decoding=\"async\" src=\"https:\/\/www.europesays.com\/fr\/wp-content\/uploads\/2025\/04\/44a3c032d1b1825f-35x35-4.jpg\" class=\"author-article-picture\" width=\"35\" height=\"35\"\/><\/p>\n<p>                    Par<\/p>\n<p>                                            Jeremy Aknin<\/p>\n<p>                    |<\/p>\n<p>                                            Journaliste<\/p>\n<p>\n                N\u00e9 \u00e0 Marseille lors du si\u00e8cle dernier, ville o\u00f9 le soleil est pr\u00e9sent \u00e0 l&rsquo;ann\u00e9e, J\u00e9r\u00e9my a rejoint l&rsquo;\u00e9quipe Puremedias en F\u00e9vrier 2025. Passionn\u00e9 d&rsquo;audiences t\u00e9l\u00e9, il scrute et analyse les chiffres depuis son plus jeune \u00e2ge. C&rsquo;est \u00e9galement un grand fan de s\u00e9ries et d&rsquo;\u00e9missions t\u00e9l\u00e9 !\n            <\/p>\n<p>\n    \u00ab\u00a0Qui sera le plus nul ?\u00a0\u00bb, \u00ab\u00a0Le Comte de Monte-Cristo\u00a0\u00bb, \u00ab\u00a0La bo\u00eete \u00e0 secrets\u00a0\u00bb, \u00ab\u00a0Zootopie\u00a0\u00bb,&#8230; Les audiences de la soir\u00e9e du vendredi 2 janvier 2026.\n<\/p>\n<p>                            <img loading=\"lazy\" decoding=\"async\" class=\"player-thumbnail\" src=\"https:\/\/www.europesays.com\/fr\/wp-content\/uploads\/2026\/01\/725a14cc80c644a3-580x326-1.jpg\" width=\"580\" height=\"326\"\/><\/p>\n<p>                            Comment sont mesur\u00e9es les audiences t\u00e9l\u00e9 ?<\/p>\n<p>La suite apr\u00e8s la publicit\u00e9<\/p>\n<p>                            <img decoding=\"async\" class=\"article-audience-img\" src=\"https:\/\/www.europesays.com\/fr\/wp-content\/uploads\/2025\/04\/1.jpg\" alt=\"TF1\"\/><\/p>\n<p>\n                    QUI SERA LE PLUS NUL<br \/>\n                    JEU\n                <\/p>\n<p>\n                    4 046 000 t\u00e9l\u00e9spectateurs\n                <\/p>\n<p>                            <img decoding=\"async\" class=\"article-audience-img\" src=\"https:\/\/www.europesays.com\/fr\/wp-content\/uploads\/2025\/04\/6.jpg\" alt=\"M6\"\/><\/p>\n<p>\n                    ZOOTOPIE<br \/>\n                    FILM\n                <\/p>\n<p>\n                    2 477 000 t\u00e9l\u00e9spectateurs\n                <\/p>\n<p>                            <img decoding=\"async\" class=\"article-audience-img\" src=\"https:\/\/www.europesays.com\/fr\/wp-content\/uploads\/2025\/04\/2.jpg\" alt=\"France 2\"\/><\/p>\n<p>\n                    LE COMTE DE MONTE-CRISTO (BILLE AUGUST)<br \/>\n                    SERIE\n                <\/p>\n<p>\n                    2 012 000 t\u00e9l\u00e9spectateurs\n                <\/p>\n<p>                            <img decoding=\"async\" class=\"article-audience-img\" src=\"https:\/\/www.europesays.com\/fr\/wp-content\/uploads\/2025\/04\/3.jpg\" alt=\"France 3\"\/><\/p>\n<p>\n                    LA BOITE A SECRETS<br \/>\n                    MAGAZINE\n                <\/p>\n<p>\n                    1 565 000 t\u00e9l\u00e9spectateurs\n                <\/p>\n<p>                            <img decoding=\"async\" class=\"article-audience-img\" src=\"https:\/\/www.europesays.com\/fr\/wp-content\/uploads\/2025\/04\/533.jpg\" alt=\"Arte\"\/><\/p>\n<p>\n                    MAITRE CONTI : LA VERITE DU MENSONGE<br \/>\n                    TELEFILM\n                <\/p>\n<p>\n                    961 000 t\u00e9l\u00e9spectateurs\n                <\/p>\n<p>    M\u00e9diam\u00e9trie &#8211; M\u00e9diamat ; reproduction interdite, tous droits r\u00e9serv\u00e9s par M\u00e9diam\u00e9trie<\/p>\n<p>Hier soir, c&rsquo;est TF1 qui s&rsquo;est plac\u00e9e en t\u00eate des audiences avec son nouveau jeu \u00ab\u00a0Qui sera le plus nul ?\u00a0\u00bb anim\u00e9 par <a href=\"https:\/\/www.ozap.com\/personnalite\/camille-combal_e124623\" target=\"_blank\" rel=\"noopener\">Camille Combal<\/a>. Cette premi\u00e8re soir\u00e9e, d\u00e9coup\u00e9e en deux parties, a attir\u00e9 <strong>4,05 millions <\/strong>de t\u00e9l\u00e9spectateurs soit <strong>22,0% de PDA sur l&rsquo;ensemble du public <\/strong>et <strong>36,9% de PDA sur les FRDA-50 <\/strong>de 21h13<strong> <\/strong>\u00e0 22h25<strong> <\/strong>puis <strong>4,16 millions <\/strong>de t\u00e9l\u00e9spectateurs soit <strong>29,2% de PDA sur l&rsquo;ensemble du public <\/strong>et <strong>48,2% de PDA sur les FRDA-50 <\/strong>de 22h25<strong> <\/strong>\u00e0 23h35. La semaine derni\u00e8re, le retour de l&rsquo;\u00e9mission \u00ab\u00a0La chanson secr\u00e8te\u00a0\u00bb avait \u00e9t\u00e9 suivie par 2,89 millions de t\u00e9l\u00e9spectateurs 17,4% de PDA 4+ et 22,6% de PDA FRDA-50) puis par 2,52 millions de t\u00e9l\u00e9spectateurs (19,5% de PDA 4+ et 25,3% de PDA FRDA-50).<\/p>\n<p>Sur la journ\u00e9e, c&rsquo;est TF1 qui est en t\u00eate avec une moyenne de <strong>20,5%<\/strong> devant France 2 \u00e0 <strong>14,6%<\/strong>. On retrouve ensuite M6 \u00e0 <strong>9,0%<\/strong> et France 3 \u00e0 <strong>8,7%<\/strong>. Arte est cinqui\u00e8me avec une journ\u00e9e \u00e0 <strong>3,1%<\/strong> et devance W9 (<strong>2,7%<\/strong>), France 5 (<strong>2,7%<\/strong>) ou encore TMC et TF1 S\u00e9ries Films (<strong>1,9%<\/strong>).<\/p>\n<p>\u00c9norme carton pour \u00ab\u00a0Qui sera le plus nul ?\u00a0\u00bb, M6 en grande forme<\/p>\n<p>M6 est deuxi\u00e8me avec le film d&rsquo;animation Disney en rediffusion \u00ab\u00a0Zootopie\u00a0\u00bb\u00a0\u00bb. Alors que le second opus est le plus gros succ\u00e8s au cin\u00e9ma en 2025, le premier opus hier a \u00e9t\u00e9 revu par <strong>2,48 millions <\/strong>de cin\u00e9philes soit <strong>13,9% de PDA sur l&rsquo;ensemble du public <\/strong>et <strong>24,8% de PDA sur les FRDA-50<\/strong>. Il y a une semaine, le film Disney \u00ab\u00a0Cendrillon\u00a0\u00bb\u00a0\u00bb avait attir\u00e9 1,34 million de t\u00e9l\u00e9spectateurs (8,5% de PDA 4+ et 16,0% de PDA FRDA-50).<\/p>\n<p>En troisi\u00e8me position, c&rsquo;est France 2 avec la s\u00e9rie \u00ab\u00a0<a href=\"https:\/\/www.ozap.com\/actu\/france-2-annonce-la-date-de-diffusion-de-sa-serie-internationale-adaptee-du-comte-de-monte-cristo\/652748\" target=\"_blank\" rel=\"noopener\">Le Comte de Monte-Cristo<\/a>\u00ab\u00a0. Les deux nouveaux \u00e9pisodes de cette adaptation en s\u00e9rie, sur les 4 propos\u00e9s, ont rassembl\u00e9 <strong>1,95 million <\/strong>de t\u00e9l\u00e9spectateurs soit <strong>12,4% de PDA sur l&rsquo;ensemble du public <\/strong>et <strong>2,9% de PDA sur les FRDA-50<\/strong>. La semaine derni\u00e8re, le lancement de la s\u00e9rie avait \u00e9t\u00e9 suivi par 2,25 millions de t\u00e9l\u00e9spectateurs (14,0% de PDA 4+ et 9,8% de PDA FRDA-50).<\/p>\n<p>France 2 et France 3 r\u00e9sistent bien<\/p>\n<p>                            <img decoding=\"async\" class=\"article-audience-img\" src=\"https:\/\/www.europesays.com\/fr\/wp-content\/uploads\/2025\/04\/723.jpg\" alt=\"TF1 Series Film\"\/><\/p>\n<p>\n                    NEW YORK UNITE SPECIALE \\ EPOUSE MODELE<br \/>\n                    SERIE\n                <\/p>\n<p>\n                    447 000 t\u00e9l\u00e9spectateurs\n                <\/p>\n<p>                            <img decoding=\"async\" class=\"article-audience-img\" src=\"https:\/\/www.europesays.com\/fr\/wp-content\/uploads\/2025\/04\/336.jpg\" alt=\"W9\"\/><\/p>\n<p>\n                    ENQUETE D&rsquo;ACTION \\ INCIVILITES, VIOLENCES, TRAFICS, LES POLICES MUNICIPALES EN PREMIERE LIGNE<br \/>\n                    MAGAZINE\n                <\/p>\n<p>\n                    434 000 t\u00e9l\u00e9spectateurs\n                <\/p>\n<p>                            <img decoding=\"async\" class=\"article-audience-img\" src=\"https:\/\/www.europesays.com\/fr\/wp-content\/uploads\/2025\/04\/43.jpg\" alt=\"TFX\"\/><\/p>\n<p>\n                    NEUILLY SA MERE<br \/>\n                    FILM\n                <\/p>\n<p>\n                    376 000 t\u00e9l\u00e9spectateurs\n                <\/p>\n<p>                            <img decoding=\"async\" class=\"article-audience-img\" src=\"https:\/\/www.europesays.com\/fr\/wp-content\/uploads\/2025\/04\/726.jpg\" alt=\"RMC Story\"\/><\/p>\n<p>\n                    LES 100 PUBS LES PLUS CULTES<br \/>\n                    DOCUMENTAIRE\n                <\/p>\n<p>\n                    341 000 t\u00e9l\u00e9spectateurs\n                <\/p>\n<p>                            <img decoding=\"async\" class=\"article-audience-img\" src=\"https:\/\/www.europesays.com\/fr\/wp-content\/uploads\/2025\/04\/725.jpg\" alt=\"6ter\"\/><\/p>\n<p>\n                    HAWAII 5-0 \\ LANA I KA MOANA<br \/>\n                    SERIE\n                <\/p>\n<p>\n                    333 000 t\u00e9l\u00e9spectateurs\n                <\/p>\n<p>                            <img decoding=\"async\" class=\"article-audience-img\" src=\"https:\/\/www.europesays.com\/fr\/wp-content\/uploads\/2025\/10\/728.jpg\" alt=\"RMC Life\"\/><\/p>\n<p>\n                    CASTLE \\ RIRE ET CHATIMENT<br \/>\n                    SERIE\n                <\/p>\n<p>\n                    261 000 t\u00e9l\u00e9spectateurs\n                <\/p>\n<p>                            <img decoding=\"async\" class=\"article-audience-img\" src=\"https:\/\/www.europesays.com\/fr\/wp-content\/uploads\/2025\/04\/499.jpg\" alt=\"CSTAR\"\/><\/p>\n<p>\n                    100 JOURS AVEC LES ANIMAUX : L&rsquo;ARCHE DE BB<br \/>\n                    DOCUMENTAIRE\n                <\/p>\n<p>\n                    235 000 t\u00e9l\u00e9spectateurs\n                <\/p>\n<p>                            <img decoding=\"async\" class=\"article-audience-img\" src=\"https:\/\/www.europesays.com\/fr\/wp-content\/uploads\/2025\/04\/727.jpg\" alt=\"RMC D\u00e9couverte\"\/><\/p>\n<p>\n                    LA VERITABLE HISTOIRE DES TEMPLIERS : LA NAISSANCE D&rsquo;UN ORDRE<br \/>\n                    DOCUMENTAIRE\n                <\/p>\n<p>\n                    232 000 t\u00e9l\u00e9spectateurs\n                <\/p>\n<p>                            <img decoding=\"async\" class=\"article-audience-img\" src=\"https:\/\/www.europesays.com\/fr\/wp-content\/uploads\/2025\/04\/534.jpg\" alt=\"France 5\"\/><\/p>\n<p>\n                    LA FORCE DU DESTIN<br \/>\n                    DOCUMENTAIRE\n                <\/p>\n<p>\n                    180 000 t\u00e9l\u00e9spectateurs\n                <\/p>\n<p>                            <img decoding=\"async\" class=\"article-audience-img\" src=\"https:\/\/www.europesays.com\/fr\/wp-content\/uploads\/2025\/04\/532.jpg\" alt=\"Gulli\"\/><\/p>\n<p>\n                    ERIC ANTOINE : GRANDIS UN PEU !<br \/>\n                    HUMOUR\n                <\/p>\n<p>\n                    176 000 t\u00e9l\u00e9spectateurs\n                <\/p>\n<p>                            <img decoding=\"async\" class=\"article-audience-img\" src=\"https:\/\/www.europesays.com\/fr\/wp-content\/uploads\/2025\/04\/13.jpg\" alt=\"TMC\"\/><\/p>\n<p>\n                    LE TOP 20 DU PETIT Q<br \/>\n                    MAGAZINE\n                <\/p>\n<p>\n                    95 000 t\u00e9l\u00e9spectateurs\n                <\/p>\n<p>                            <img decoding=\"async\" class=\"article-audience-img\" src=\"https:\/\/www.europesays.com\/fr\/wp-content\/uploads\/2025\/04\/4.jpg\" alt=\"Canal+\"\/><\/p>\n<p>\n                    EMISSIONS CRYPTEES<br \/>\n                    AUTRES\n                <\/p>\n<p>\n                    45 000 t\u00e9l\u00e9spectateurs\n                <\/p>\n<p>    M\u00e9diam\u00e9trie &#8211; M\u00e9diamat ; reproduction interdite, tous droits r\u00e9serv\u00e9s par M\u00e9diam\u00e9trie<\/p>\n<p>\u00c0 la quatri\u00e8me position, on retrouve France 3 avec \u00ab\u00a0La bo\u00eete \u00e0 secrets\u00a0\u00bb anim\u00e9e par <a href=\"https:\/\/www.ozap.com\/personnalite\/faustine-bollaert_e11994\" target=\"_blank\" rel=\"noopener\">Faustine Bollaert<\/a>. Avec Julien Clerc, Julie Zenatti et Antoine Dul\u00e9ry, ce nouveau num\u00e9ro a rassembl\u00e9 <strong>1,57 million <\/strong>de t\u00e9l\u00e9spectateurs soit <strong>9,3% de PDA sur l&rsquo;ensemble du public <\/strong>et <strong>1,4% de PDA sur les FRDA-50<\/strong>. La derni\u00e8re diffusion de l&rsquo;\u00e9mission, le vendredi 17 octobre, avait attir\u00e9 1,46 million de t\u00e9l\u00e9spectateurs (9,7% de PDA 4+ et 5,1% de PDA FRDA-50).<br \/>\u00a0<\/p>\n","protected":false},"excerpt":{"rendered":"Par Jeremy Aknin | Journaliste N\u00e9 \u00e0 Marseille lors du si\u00e8cle dernier, ville o\u00f9 le soleil est pr\u00e9sent&hellip;\n","protected":false},"author":2,"featured_media":638135,"comment_status":"","ping_status":"","sticky":false,"template":"","format":"standard","meta":{"footnotes":""},"categories":[1356],"tags":[58,59,1011,27,252,1364],"class_list":{"0":"post-638134","1":"post","2":"type-post","3":"status-publish","4":"format-standard","5":"has-post-thumbnail","7":"category-television","8":"tag-divertissement","9":"tag-entertainment","10":"tag-fr","11":"tag-france","12":"tag-television","13":"tag-tv"},"share_on_mastodon":{"url":"https:\/\/pubeurope.com\/@fr\/115830814200922081","error":""},"_links":{"self":[{"href":"https:\/\/www.europesays.com\/fr\/wp-json\/wp\/v2\/posts\/638134","targetHints":{"allow":["GET"]}}],"collection":[{"href":"https:\/\/www.europesays.com\/fr\/wp-json\/wp\/v2\/posts"}],"about":[{"href":"https:\/\/www.europesays.com\/fr\/wp-json\/wp\/v2\/types\/post"}],"author":[{"embeddable":true,"href":"https:\/\/www.europesays.com\/fr\/wp-json\/wp\/v2\/users\/2"}],"replies":[{"embeddable":true,"href":"https:\/\/www.europesays.com\/fr\/wp-json\/wp\/v2\/comments?post=638134"}],"version-history":[{"count":0,"href":"https:\/\/www.europesays.com\/fr\/wp-json\/wp\/v2\/posts\/638134\/revisions"}],"wp:featuredmedia":[{"embeddable":true,"href":"https:\/\/www.europesays.com\/fr\/wp-json\/wp\/v2\/media\/638135"}],"wp:attachment":[{"href":"https:\/\/www.europesays.com\/fr\/wp-json\/wp\/v2\/media?parent=638134"}],"wp:term":[{"taxonomy":"category","embeddable":true,"href":"https:\/\/www.europesays.com\/fr\/wp-json\/wp\/v2\/categories?post=638134"},{"taxonomy":"post_tag","embeddable":true,"href":"https:\/\/www.europesays.com\/fr\/wp-json\/wp\/v2\/tags?post=638134"}],"curies":[{"name":"wp","href":"https:\/\/api.w.org\/{rel}","templated":true}]}}