{"id":63814,"date":"2025-04-30T07:34:09","date_gmt":"2025-04-30T07:34:09","guid":{"rendered":"https:\/\/www.europesays.com\/fr\/63814\/"},"modified":"2025-04-30T07:34:09","modified_gmt":"2025-04-30T07:34:09","slug":"matteo-viardot-je-tournais-autour-depuis-le-debut-de-lannee-actualite","status":"publish","type":"post","link":"https:\/\/www.europesays.com\/fr\/63814\/","title":{"rendered":"Matt\u00e9o Viardot : \u00ab Je tournais autour depuis le d\u00e9but de l&rsquo;ann\u00e9e \u00bb &#8211; Actualit\u00e9"},"content":{"rendered":"<p style=\"text-align: justify;\">Il s\u2019est adjug\u00e9 sa premi\u00e8re victoire en \u00c9lite. Matt\u00e9o Viardot a remport\u00e9 le Grand Prix de Brebi\u00e8res dimanche dernier (<strong><a href=\"https:\/\/www.directvelo.com\/actualite\/120183\/grand-prix-de-brebieres-classement\" target=\"_blank\" rel=\"noopener\">voir classement<\/a><\/strong>). Une satisfaction pour le coureur du VC Rouen 76 qui sentait qu\u2019il ne lui manquait pas grand-chose pour obtenir ce premier succ\u00e8s.\u00a0\u201cJe voulais vraiment gagner. Je tournais autour depuis le d\u00e9but de l&rsquo;ann\u00e9e. J&rsquo;avais couru des courses plut\u00f4t relev\u00e9es comme le Circuit des Ardennes o\u00f9 je m\u2019\u00e9tais aper\u00e7u que la forme \u00e9tait l\u00e0. On avait une \u00e9quipe pour esp\u00e9rer faire un r\u00e9sultat. C&rsquo;est la premi\u00e8re fois que je gagne en \u00c9lite Nationale, forc\u00e9ment \u00e7a fait plaisir. Je suis vraiment content que \u00e7a se concr\u00e9tise. C&rsquo;est assez sp\u00e9cial parce que je n\u2019\u00e9tais pas loin depuis un certain temps, mais il me manquait toujours un petit truc\u201d, rapporte-t-il \u00e0\u00a0DirectVelo.\u00a0<\/p>\n<p>Le Normand a bien senti la course en partant en \u00e9chapp\u00e9e \u00e0 mi-parcours avant de finir le travail gr\u00e2ce \u00e0 sa bonne pointe de vitesse.\u00a0\u201cAu d\u00e9but, j&rsquo;ai pr\u00e9f\u00e9r\u00e9 laisser faire. \u00c0 partir du premier tiers de course, j&rsquo;ai commenc\u00e9 \u00e0 \u00eatre acteur en acc\u00e9l\u00e9rant. On \u00e9tait deux de Rouen \u00e0 l\u2019avant avec Guillaume Adam. On a bien su se r\u00e9partir les r\u00f4les\u00a0\u00bb. Guillaume Adam tente de faire le kilom\u00e8tre, mais il se fait reprendre juste avant l\u2019arriv\u00e9e. \u00ab\u00a0De mon c\u00f4t\u00e9, j\u2019ai r\u00e9ussi \u00e0 r\u00e9gler le sprint de l&rsquo;\u00e9chapp\u00e9e. Ce n\u2019\u00e9tait pas \u00e9vident dans le final parce qu&rsquo;on \u00e9tait une bonne dizaine de coureurs devant avec pas mal d&rsquo;\u00e9quipes repr\u00e9sent\u00e9es. Forc\u00e9ment, \u00e7a s&rsquo;attaquait un peu dans tous les sens. \u00c0 deux, ce n\u2019\u00e9tait pas simple de bien contr\u00f4ler\u201d.<\/p>\n<p><strong>\u00ab J\u2019AI EU PAS MAL DE PROBL\u00c8MES L\u2019AN PASS\u00c9\u00a0\u00bb<\/strong><\/p>\n<p>Matt\u00e9o Viardot a connu des d\u00e9buts d\u00e9licats chez les Espoirs en 2024, \u00e0 cause de nombreux p\u00e9pins physiques qui l&#8217;emp\u00eachaient de courir autant qu\u2019il l\u2019aurait souhait\u00e9.\u00a0\u201cJ&rsquo;ai subi une grosse chute avec un pneumothorax \u00e0 la fin du mois de mai puis \u00e9galement beaucoup d\u2019allergies au d\u00e9but d\u2019ann\u00e9e. C\u2019\u00e9tait assez gal\u00e8re, mais en 2025, j\u2019ai un peu plus de r\u00e9ussite pour le moment. \u00c7a me permet d\u2019avoir une meilleure progression. La saison derni\u00e8re, j\u2019\u00e9tais tout le temps arr\u00eat\u00e9. Ce n\u2019est pas \u00e9vident d&rsquo;obtenir des s\u00e9lections dans l\u2019\u00e9quipe et la confiance du staff quand tu ne peux pas courir\u201d.<\/p>\n<p style=\"text-align: justify;\">Gr\u00e2ce \u00e0 ce rythme moins hach\u00e9, le coureur de 19 ans est plus r\u00e9gulier (<strong><a href=\"https:\/\/www.directvelo.com\/coureur\/41893\/matteo-viardot\" target=\"_blank\" rel=\"noopener\">voir sa fiche DV<\/a><\/strong>). Au fil des courses, il peut maintenant d\u00e9finir quels types de terrains lui correspondent le mieux.\u00a0\u201cJe sais que les profils vraiment montagneux ne sont pas \u00e0 mon avantage. En revanche, j\u2019appr\u00e9cie les courses difficiles et usantes avec un sprint \u00e0 la fin. Je pense m\u00eame que j\u2019ai quelques qualit\u00e9s pour les arriv\u00e9es massives. J\u2019ai encore un peu de mal \u00e0 me d\u00e9finir, mais je dirais que je suis un puncheur avec une bonne pointe de vitesse\u201d.<\/p>\n<p><strong>\u00abET POURQUOI PAS UN CLASSEMENT G\u00c9N\u00c9RAL \u00bb<\/strong><\/p>\n<p>Matt\u00e9o Viardot compte poursuivre cette bonne lanc\u00e9e afin d\u2019avoir d\u2019autres occasions de lever les bras en 2025. Il reste concentr\u00e9 sur les objectifs de sa saison sans trop se projeter sur la suite.\u00a0\u201cL&rsquo;objectif, ce serait de remporter d\u2019autres courses et pourquoi pas un classement g\u00e9n\u00e9ral. Avec ces r\u00e9sultats, l\u2019ann\u00e9e sera r\u00e9ussie. Pourquoi pas obtenir un contrat \u00e0 la cl\u00e9 \u00e9galement. Mais avant \u00e7a, il y a beaucoup d\u2019\u00e9tapes \u00e0 franchir. Je n\u2019y pense pas encore. Je me concentre sur cette saison et puis on verra. Le reste sera du bonus\u201d.<\/p>\n<p>Matt\u00e9o Viardot est d\u00e9j\u00e0 tourn\u00e9 vers ses prochaines courses. Il sera pr\u00e9sent sur plusieurs \u00e9preuves par \u00e9tapes lors du mois de mai o\u00f9 il esp\u00e8re s\u2019illustrer de nouveau.\u00a0\u201cJ\u2019ai coch\u00e9 plusieurs courses, d\u2019abord le Circuit de Sa\u00f4ne-et-Loire. Je pense que ce type de parcours me convient bien. Mais le vrai bel objectif, ce sera le Tour de la Manche \u00e0 partir du 22 mai. J&rsquo;habite l\u00e0-bas, donc c\u2019est tr\u00e8s important pour moi. Ce sont vraiment les deux \u00e9preuves o\u00f9 j&rsquo;ai envie de performer. Ensuite, je ferai une petite coupure avant de me concentrer sur les Championnats de France en juin. Le parcours est assez punchy, \u00e7a pourrait bien me correspondre, mais on a encore un peu de temps avant d&rsquo;y arriver\u201d.<\/p>\n","protected":false},"excerpt":{"rendered":"Il s\u2019est adjug\u00e9 sa premi\u00e8re victoire en \u00c9lite. Matt\u00e9o Viardot a remport\u00e9 le Grand Prix de Brebi\u00e8res dimanche&hellip;\n","protected":false},"author":2,"featured_media":63815,"comment_status":"","ping_status":"","sticky":false,"template":"","format":"standard","meta":{"footnotes":""},"categories":[1411],"tags":[834,828,836,829,837,827,83,826,824,823,1154,207,814,817,815,816,822,821,832,211,839,1011,27,820,818,819,835,831,830,833,838,60,212,208,825],"class_list":{"0":"post-63814","1":"post","2":"type-post","3":"status-publish","4":"format-standard","5":"has-post-thumbnail","7":"category-cyclisme","8":"tag-attaque","9":"tag-belgique","10":"tag-braquet","11":"tag-bretagne","12":"tag-chute","13":"tag-competition","14":"tag-coupe-de-france","15":"tag-coureur","16":"tag-course-cyclisme","17":"tag-course-cycliste","18":"tag-cycling","19":"tag-cyclisme","20":"tag-direct","21":"tag-direct-velo","22":"tag-directvelo","23":"tag-directvelo-com","24":"tag-epreuve","25":"tag-epreuve-cycliste","26":"tag-federation-francaise-de-cyclisme","27":"tag-ffc","28":"tag-flandres","29":"tag-fr","30":"tag-france","31":"tag-live","32":"tag-live-course","33":"tag-live-epreuve","34":"tag-peloton","35":"tag-radio-peloton","36":"tag-radio-tour","37":"tag-ravitaillement","38":"tag-relance","39":"tag-sports","40":"tag-uci","41":"tag-velo","42":"tag-velos"},"share_on_mastodon":{"url":"https:\/\/pubeurope.com\/@fr\/114425761863135581","error":""},"_links":{"self":[{"href":"https:\/\/www.europesays.com\/fr\/wp-json\/wp\/v2\/posts\/63814","targetHints":{"allow":["GET"]}}],"collection":[{"href":"https:\/\/www.europesays.com\/fr\/wp-json\/wp\/v2\/posts"}],"about":[{"href":"https:\/\/www.europesays.com\/fr\/wp-json\/wp\/v2\/types\/post"}],"author":[{"embeddable":true,"href":"https:\/\/www.europesays.com\/fr\/wp-json\/wp\/v2\/users\/2"}],"replies":[{"embeddable":true,"href":"https:\/\/www.europesays.com\/fr\/wp-json\/wp\/v2\/comments?post=63814"}],"version-history":[{"count":0,"href":"https:\/\/www.europesays.com\/fr\/wp-json\/wp\/v2\/posts\/63814\/revisions"}],"wp:featuredmedia":[{"embeddable":true,"href":"https:\/\/www.europesays.com\/fr\/wp-json\/wp\/v2\/media\/63815"}],"wp:attachment":[{"href":"https:\/\/www.europesays.com\/fr\/wp-json\/wp\/v2\/media?parent=63814"}],"wp:term":[{"taxonomy":"category","embeddable":true,"href":"https:\/\/www.europesays.com\/fr\/wp-json\/wp\/v2\/categories?post=63814"},{"taxonomy":"post_tag","embeddable":true,"href":"https:\/\/www.europesays.com\/fr\/wp-json\/wp\/v2\/tags?post=63814"}],"curies":[{"name":"wp","href":"https:\/\/api.w.org\/{rel}","templated":true}]}}