{"id":638140,"date":"2026-01-03T11:00:11","date_gmt":"2026-01-03T11:00:11","guid":{"rendered":"https:\/\/www.europesays.com\/fr\/638140\/"},"modified":"2026-01-03T11:00:11","modified_gmt":"2026-01-03T11:00:11","slug":"cette-creme-anti-age-speciale-menopause-est-ideale-apres-50-ans","status":"publish","type":"post","link":"https:\/\/www.europesays.com\/fr\/638140\/","title":{"rendered":"cette cr\u00e8me anti-\u00e2ge sp\u00e9ciale \u00ab\u00a0m\u00e9nopause\u00a0\u00bb est id\u00e9ale apr\u00e8s 50 ans"},"content":{"rendered":"<p data-start=\"633\" data-end=\"1278\">La m\u00e9nopause est une p\u00e9riode de<br \/>\nla vie d\u00a0\u00bbune femme marqu\u00e9e par des changements hormonaux<br \/>\nimportants, notamment la baisse des niveaux d&rsquo;\u0153strog\u00e8nes. Ces<br \/>\nchangements peuvent entra\u00eener divers effets visibles sur la peau,<br \/>\ntels que la perte d&rsquo;\u00e9lasticit\u00e9, la s\u00e9cheresse, <a href=\"https:\/\/www.grazia.fr\/beaute\/une-alternative-naturelle-aux-injections-ce-serum-puissant-lisse-les-traits-et-elimine-les-rides-de-40-en-28-jours-1140205.html\" target=\"_blank\" rel=\"noopener\">l\u2019apparition de rides plus<br \/>\nprofondes<\/a>, et un teint moins lumineux. La peau peut devenir<br \/>\nplus fine, plus sensible et moins capable de retenir l\u2019hydratation.<br \/>\nPour aider les femmes \u00e0 traverser cette phase in\u00e9vitable, la marque<br \/>\nAntipodes vient lancer un nouveau soin, la Cr\u00e8me Jasmine Flower<br \/>\nM\u00e9nopause. Cette solution douce, mais efficace, exploite les<br \/>\npouvoirs de la nature pour nourrir et restaurer l\u2019\u00e9quilibre de la<br \/>\npeau pendant cette p\u00e9riode de transition.<\/p>\n<p>Une cr\u00e8me de jour innovante \u00e0<br \/>\nutiliser durant la m\u00e9nopause<\/p>\n<p data-start=\"133\" data-end=\"577\">Souvent consid\u00e9r\u00e9e comme<br \/>\n\u00ab\u00a0tabou\u00a0\u00bb, la m\u00e9nopause est pourtant une p\u00e9riode par laquelle toutes<br \/>\nles femmes vont passer durant la cinquantaine ou parfois un peu<br \/>\navant. Pour d\u00e9complexer cette phase de transition et accompagner<br \/>\nles femmes au mieux, la marque Antipodes, r\u00e9put\u00e9e pour ses soins de<br \/>\nla peau \u00e0 base d&rsquo;ingr\u00e9dients naturels et de haute qualit\u00e9, vient de<br \/>\nd\u00e9voiler une nouvelle innovation : la Cr\u00e8me Jasmine Flower<br \/>\nM\u00e9nopause. Ce soin a \u00e9t\u00e9 pens\u00e9 pour r\u00e9pondre, sans honte, aux<br \/>\n<a href=\"https:\/\/www.grazia.fr\/beaute\/la-meilleure-epice-a-consommer-apres-50-ans-dapres-la-science-cette-epice-permet-de-reduire-les-symptomes-les-plus-desagreables-de-la-menopause-790268.html\" target=\"_blank\" rel=\"noopener\">bouleversements hormonaux li\u00e9s \u00e0 la<br \/>\nm\u00e9nopause<\/a>, et notamment \u00e0 la baisse des \u0153strog\u00e8nes, qui peuvent<br \/>\naffecter l\u2019apparence et la sant\u00e9 de la peau.<\/p>\n<p data-start=\"133\" data-end=\"577\">Formul\u00e9e \u00e0 partir<br \/>\nd&rsquo;avenanthramides, des d\u00e9riv\u00e9s d&rsquo;avoine biologique, elle permet de<br \/>\ncibler les rougeurs \u00e0 leur source et att\u00e9nuer ainsi les<br \/>\ninflammations tout en calmant et en apaisant la peau. Enrichie en<br \/>\npeptides et phytonutriments de fleurs de jasmin et en peptides<br \/>\nd\u00e9riv\u00e9s de camomille pure, elle aide \u00e0 lisser les rides et les<br \/>\nridules et \u00e0 r\u00e9duire les signes de l&rsquo;\u00e2ge. Son acide hyaluronique<br \/>\nv\u00e9g\u00e9tal hydrate intens\u00e9ment et rafra\u00eechit la peau. Gr\u00e2ce \u00e0 ses<br \/>\nhuiles d&rsquo;avocat et de p\u00e9pins de kiwi, elle <a href=\"https:\/\/www.grazia.fr\/beaute\/soins-visage-corps\/adieu-collagene-injections-aliment-naturel-aide-diminuer-rides-drastiquement-1140391.html\" target=\"_blank\" rel=\"noopener\">stimule la production naturelle de<br \/>\ncollag\u00e8ne<\/a> pour aider la peau \u00e0 gagner en fermet\u00e9. Enfin, avec<br \/>\nson complexe de miel de manuka, camomille et th\u00e9 vert, elle r\u00e9duit<br \/>\nles imperfections et les inflammations tout en aidant \u00e0 uniformiser<br \/>\nle teint.<\/p>\n<p>Une<br \/>\npeau saine et lumineuse<\/p>\n<p data-start=\"133\" data-end=\"577\">Sa formule d\u00e9clenche la<br \/>\nlib\u00e9ration d&rsquo;ocytocine, ce qui permet de diminuer le taux de<br \/>\ncortisol. R\u00e9sultat : les irritations, rougeurs, inflammations et<br \/>\nimperfections sont att\u00e9nu\u00e9es. Les signes de l&rsquo;\u00e2ge sont r\u00e9duits, la<br \/>\npeau gagne en fermet\u00e9. Elle est plus lisse, souple, hydrat\u00e9e,<br \/>\ncalm\u00e9e et apais\u00e9e et le teint est uniformis\u00e9. \u00c0 noter que ce soin<br \/>\npeut s&rsquo;utiliser matin et soir, sur le visage et le cou apr\u00e8s le<br \/>\ns\u00e9rum.<\/p>\n<p data-start=\"133\" data-end=\"577\"><img loading=\"lazy\" decoding=\"async\" itemprop=\"thumbnailUrl\" class=\"size-medium wp-image-1147923 img-responsive aligncenter pinit-here\" src=\"https:\/\/www.europesays.com\/fr\/wp-content\/uploads\/2026\/01\/capture-decran-2025-04-04-a-11.10.06-300x250.png\" width=\"300\" height=\"250\" data-pin-media=\"https:\/\/www.grazia.fr\/wp-content\/uploads\/grazia\/2025\/04\/capture-decran-2025-04-04-a-11.10.06-736x614.png\"\/><br \/>\n\u00a9<br \/>\nAntipodes<\/p>\n<p style=\"text-align: center;\" data-start=\"133\" data-end=\"577\">\n<a href=\"https:\/\/www.ohmycream.com\/products\/antipodes-jasmin-flower-menopause-skincare-creme-de-jour?variant=50458343965018&amp;utm_source=google_paid&amp;utm_campaign=pmax-all-inventaire&amp;gad_source=1&amp;gbraid=0AAAAADOZwAgwEL5CW18UVb7vqpYgIcFqZ&amp;gclid=Cj0KCQjwhr6_BhD4ARIsAH1YdjCGiN8k3BgA4-KWGLGK4GOpHoDTKdRBm-lxxC6bwuh7SLeLYaO-zBIaAnvNEALw_wcB\" target=\"_blank\" rel=\"nofollow noopener\"><strong>Jasmin Flower<br \/>\nMenopause Facial Cream Cr\u00e8me de Jour &#8211; ANTIPODES &#8211; 50 \u20ac les 60<br \/>\nml\u00a0<\/strong><\/a><\/p>\n","protected":false},"excerpt":{"rendered":"La m\u00e9nopause est une p\u00e9riode de la vie d\u00a0\u00bbune femme marqu\u00e9e par des changements hormonaux importants, notamment la&hellip;\n","protected":false},"author":2,"featured_media":638141,"comment_status":"","ping_status":"","sticky":false,"template":"","format":"standard","meta":{"footnotes":""},"categories":[10],"tags":[1011,27,72,6055,71],"class_list":{"0":"post-638140","1":"post","2":"type-post","3":"status-publish","4":"format-standard","5":"has-post-thumbnail","7":"category-sante","8":"tag-fr","9":"tag-france","10":"tag-health","11":"tag-republishing","12":"tag-sante"},"share_on_mastodon":{"url":"https:\/\/pubeurope.com\/@fr\/115830824902733052","error":""},"_links":{"self":[{"href":"https:\/\/www.europesays.com\/fr\/wp-json\/wp\/v2\/posts\/638140","targetHints":{"allow":["GET"]}}],"collection":[{"href":"https:\/\/www.europesays.com\/fr\/wp-json\/wp\/v2\/posts"}],"about":[{"href":"https:\/\/www.europesays.com\/fr\/wp-json\/wp\/v2\/types\/post"}],"author":[{"embeddable":true,"href":"https:\/\/www.europesays.com\/fr\/wp-json\/wp\/v2\/users\/2"}],"replies":[{"embeddable":true,"href":"https:\/\/www.europesays.com\/fr\/wp-json\/wp\/v2\/comments?post=638140"}],"version-history":[{"count":0,"href":"https:\/\/www.europesays.com\/fr\/wp-json\/wp\/v2\/posts\/638140\/revisions"}],"wp:featuredmedia":[{"embeddable":true,"href":"https:\/\/www.europesays.com\/fr\/wp-json\/wp\/v2\/media\/638141"}],"wp:attachment":[{"href":"https:\/\/www.europesays.com\/fr\/wp-json\/wp\/v2\/media?parent=638140"}],"wp:term":[{"taxonomy":"category","embeddable":true,"href":"https:\/\/www.europesays.com\/fr\/wp-json\/wp\/v2\/categories?post=638140"},{"taxonomy":"post_tag","embeddable":true,"href":"https:\/\/www.europesays.com\/fr\/wp-json\/wp\/v2\/tags?post=638140"}],"curies":[{"name":"wp","href":"https:\/\/api.w.org\/{rel}","templated":true}]}}