{"id":638142,"date":"2026-01-03T11:01:12","date_gmt":"2026-01-03T11:01:12","guid":{"rendered":"https:\/\/www.europesays.com\/fr\/638142\/"},"modified":"2026-01-03T11:01:12","modified_gmt":"2026-01-03T11:01:12","slug":"les-bleus-chutent-dentree","status":"publish","type":"post","link":"https:\/\/www.europesays.com\/fr\/638142\/","title":{"rendered":"Les Bleus chutent d&rsquo;entr\u00e9e"},"content":{"rendered":"<p><strong>Face \u00e0 la Suisse de Belinda<br \/>\nBencic et Stan Wawrinka, les Bleus emmen\u00e9s par L\u00e9olia Jeanjean et<br \/>\nArthur Rinderknech se sont inclin\u00e9s avant m\u00eame de disputer le<br \/>\ndouble mixte pour leur entr\u00e9e en lice en United Cup.<\/strong><\/p>\n<p>L\u2019ann\u00e9e 2026 ne d\u00e9marre pas sous les meilleurs auspices pour les<br \/>\nBleus. Oppos\u00e9e \u00e0 la Suisse pour entamer l\u2019United Cup, l\u2019\u00e9quipe de<br \/>\nFrance a chut\u00e9 lourdement. Rempla\u00e7ante au pied lev\u00e9 de Lois<br \/>\nBoisson, L\u00e9olia Jeanjean a tout donn\u00e9 mais la barre \u00e9tait trop<br \/>\nhaute face \u00e0 Belinda Bencic. Si les premiers \u00e9changes ont \u00e9t\u00e9<br \/>\n\u00e9quilibr\u00e9s, avec les deux joueuses qui ont remport\u00e9 leur premier<br \/>\npassage au service, la 11eme joueuse mondiale a tr\u00e8s vite hauss\u00e9 le<br \/>\nton. Convertissant deux de ses trois premi\u00e8res balles de break, la<br \/>\nnative de Flawil a sign\u00e9 une s\u00e9quence de cinq jeux remportants<br \/>\ncons\u00e9cutivement pour mettre une option tr\u00e8s nette sur cette<br \/>\npremi\u00e8re manche. L\u00e9olia Jeanjean a alors retard\u00e9 l\u2019\u00e9ch\u00e9ance en<br \/>\ntenant son service. Toutefois, un dernier jeu blanc a permis \u00e0<br \/>\nBelinda Bencic de virer en t\u00eate dans cette rencontre.<\/p>\n<p>Sauf que la Suissesse ne s\u2019est absolument pas arr\u00eat\u00e9e en si bon<br \/>\nchemin. Ne l\u00e2chant qu\u2019un seul point sur ses deux premiers jeux de<br \/>\nservice en d\u00e9but de deuxi\u00e8me manche, elle a tir\u00e9 le maximum des<br \/>\nopportunit\u00e9s qui se sont pr\u00e9sent\u00e9es. Convertissant deux balles de<br \/>\nbreak sur trois obtenues, Belinda Bencic a tr\u00e8s vite men\u00e9 quatre<br \/>\njeux \u00e0 rien. La 11eme mondiale s\u2019est montr\u00e9e patiente jusqu\u2019au<br \/>\nmoment de servir pour le gain du match. A l\u2019orgueil, L\u00e9olia<br \/>\nJeanjean a l\u00e2ch\u00e9 ses coups et la 103eme au classement WTA a pu<br \/>\naller chercher deux possibilit\u00e9s d\u2019effacer la moiti\u00e9 de son retard.<br \/>\nSi la premi\u00e8re a \u00e9chou\u00e9, la deuxi\u00e8me a \u00e9t\u00e9 la bonne. Revenue au<br \/>\ncontact de la Suissesse, la Tricolore n\u2019a pas pu aller au bout de<br \/>\nson id\u00e9e. En effet, la deuxi\u00e8me occasion de conclure sur son<br \/>\nservice a \u00e9t\u00e9 la bonne pour Belinda Bencic \u00e0 la premi\u00e8re balle de<br \/>\nmatch (6-2, 6-4 en 1h32\u2019).<\/p>\n<p>Rinderknech a craqu\u00e9 au bout du<br \/>\nsuspense<\/p>\n<p>Dos au mur, les Bleus se devaient de r\u00e9agir avec Arthur<br \/>\nRinderknech face au futur retrait\u00e9 Stan Wawrinka. Si le Suisse a<br \/>\ntr\u00e8s t\u00f4t obtenu une balle de break, la premi\u00e8re manche a longtemps<br \/>\n\u00e9t\u00e9 un bras de fer entre les deux joueurs. La fin de set a \u00e9t\u00e9 plus<br \/>\ntendue avec les deux joueurs qui ont laiss\u00e9 \u00e9chapp\u00e9 des occasions<br \/>\nde prendre l\u2019ascendant. Stan Wawrinka a tout d\u2019abord manqu\u00e9 trois<br \/>\nballes de break puis Arthur Rinderknech a vu deux balles de set lui<br \/>\n\u00e9chapper. Toutefois, aux portes du jeu d\u00e9cisif, le Tricolore a<br \/>\nhauss\u00e9 le ton. Cette fois, il a eu le dernier mot pour remporter<br \/>\nune premi\u00e8re manche tr\u00e8s accroch\u00e9e. La suite de la rencontre a \u00e9t\u00e9<br \/>\n\u00e0 l\u2019avenant. En effet, il n\u2019y a pas eu la moindre balle de break \u00e0<br \/>\nsignaler pendant douze jeux tr\u00e8s souvent peu accroch\u00e9s.<\/p>\n<p>Devenu in\u00e9vitable, le tiebreak a d\u00e9marr\u00e9 sur les m\u00eames bases<br \/>\nmais le Suisse a tardivement pris un point sur le service du<br \/>\nFran\u00e7ais, qui a tout de suite r\u00e9pondu avant de c\u00e9der sur son<br \/>\nengagement. La premi\u00e8re balle de set a \u00e9t\u00e9 la bonne pour Stan<br \/>\nWawrinka, qui a relanc\u00e9 le suspense. Se devant de r\u00e9agir, Arthur<br \/>\nRinderknech a tr\u00e8s vite fait le break \u00e0 l\u2019entame de la derni\u00e8re<br \/>\nmanche mais le 29eme mondial a imm\u00e9diatement perdu pied et laiss\u00e9<br \/>\nson adversaire revenir \u00e0 hauteur. Apr\u00e8s avoir manqu\u00e9 une occasion<br \/>\nde passer devant au tableau d\u2019affichage, le Suisse s\u2019est r\u00e9solu \u00e0<br \/>\ndisputer un nouveau jeu d\u00e9cisif. Si Arthur Rinderknech a frapp\u00e9 le<br \/>\npremier, il a vu son adversaire revenir trop vite \u00e0 hauteur. Sur sa<br \/>\npremi\u00e8re balle de match, Stan Wawrinka a eu le dernier mot (5-7,<br \/>\n7-6, 7-6 en 3h20\u2019) et permet \u00e0 la Suisse de remporter la rencontre<br \/>\navant le double mixte.<\/p>\n","protected":false},"excerpt":{"rendered":"Face \u00e0 la Suisse de Belinda Bencic et Stan Wawrinka, les Bleus emmen\u00e9s par L\u00e9olia Jeanjean et Arthur&hellip;\n","protected":false},"author":2,"featured_media":638143,"comment_status":"","ping_status":"","sticky":false,"template":"","format":"standard","meta":{"footnotes":""},"categories":[9],"tags":[42846,1011,27,74556,63383,57681,60,3067,1467,74388,48572],"class_list":{"0":"post-638142","1":"post","2":"type-post","3":"status-publish","4":"format-standard","5":"has-post-thumbnail","7":"category-sports","8":"tag-bencic","9":"tag-fr","10":"tag-france","11":"tag-jeanjean","12":"tag-rinderknech","13":"tag-sport365-fr","14":"tag-sports","15":"tag-suisse","16":"tag-tennis","17":"tag-united-cup","18":"tag-wawrinka"},"share_on_mastodon":{"url":"https:\/\/pubeurope.com\/@fr\/115830828850303155","error":""},"_links":{"self":[{"href":"https:\/\/www.europesays.com\/fr\/wp-json\/wp\/v2\/posts\/638142","targetHints":{"allow":["GET"]}}],"collection":[{"href":"https:\/\/www.europesays.com\/fr\/wp-json\/wp\/v2\/posts"}],"about":[{"href":"https:\/\/www.europesays.com\/fr\/wp-json\/wp\/v2\/types\/post"}],"author":[{"embeddable":true,"href":"https:\/\/www.europesays.com\/fr\/wp-json\/wp\/v2\/users\/2"}],"replies":[{"embeddable":true,"href":"https:\/\/www.europesays.com\/fr\/wp-json\/wp\/v2\/comments?post=638142"}],"version-history":[{"count":0,"href":"https:\/\/www.europesays.com\/fr\/wp-json\/wp\/v2\/posts\/638142\/revisions"}],"wp:featuredmedia":[{"embeddable":true,"href":"https:\/\/www.europesays.com\/fr\/wp-json\/wp\/v2\/media\/638143"}],"wp:attachment":[{"href":"https:\/\/www.europesays.com\/fr\/wp-json\/wp\/v2\/media?parent=638142"}],"wp:term":[{"taxonomy":"category","embeddable":true,"href":"https:\/\/www.europesays.com\/fr\/wp-json\/wp\/v2\/categories?post=638142"},{"taxonomy":"post_tag","embeddable":true,"href":"https:\/\/www.europesays.com\/fr\/wp-json\/wp\/v2\/tags?post=638142"}],"curies":[{"name":"wp","href":"https:\/\/api.w.org\/{rel}","templated":true}]}}