{"id":638148,"date":"2026-01-03T11:04:10","date_gmt":"2026-01-03T11:04:10","guid":{"rendered":"https:\/\/www.europesays.com\/fr\/638148\/"},"modified":"2026-01-03T11:04:10","modified_gmt":"2026-01-03T11:04:10","slug":"ce-qui-va-vraiment-changer-sur-votre-compte-en-banque-apres-le-5-janvier-2026","status":"publish","type":"post","link":"https:\/\/www.europesays.com\/fr\/638148\/","title":{"rendered":"ce qui va vraiment changer sur votre compte en banque apr\u00e8s le 5 janvier 2026"},"content":{"rendered":"<p>Par <a class=\"author_recette\" id=\"author_name\" href=\"https:\/\/www.nextplz.fr\/auteur\/jason-mathurin\" target=\"_blank\" rel=\"noopener\">Jason<br \/>\nMathurin<\/a> &#8211;<br \/>\nPubli\u00e9 le 03 Jan 2026 \u00e0<br \/>\n09:07<\/p>\n<p class=\"article-intro excerpt\">Retraites \u00e0 +0,9 %, CSG sur<br \/>\nl\u2019\u00e9pargne en hausse, MaPrimeR\u00e9nov\u2019 \u00e0 l\u2019arr\u00eat : faites le point sur<br \/>\nce qui change vraiment pour votre budget 2026.<\/p>\n<p>Entre revalorisation des <strong>retraites<\/strong>, gel de<br \/>\ncertaines pensions et nouvelles r\u00e8gles pour l\u2019\u00e9pargne, le d\u00e9but de<br \/>\nl\u2019ann\u00e9e 2026 va clairement se voir sur le relev\u00e9 de compte des<br \/>\nm\u00e9nages. Beaucoup de mesures s\u2019appliquent \u00e0 partir du 1er janvier,<br \/>\nmais leurs effets concrets n\u2019appara\u00eetront vraiment qu\u2019apr\u00e8s les<br \/>\npremiers virements et pr\u00e9l\u00e8vements de janvier.<\/p>\n<p>\u00c0 partir des d\u00e9cisions d\u00e9j\u00e0 vot\u00e9es, on peut tracer les grandes<br \/>\nlignes de ce qui change pour vos <strong>primes<\/strong>, aides<br \/>\nsociales, retraite et <strong>imp\u00f4ts<\/strong>. Entre petits coups<br \/>\nde pouce et mauvaises surprises, l\u2019enjeu est de savoir \u00e0 quoi vous<br \/>\nattendre pour ajuster votre budget d\u00e8s les premiers jours de<br \/>\n2026.<\/p>\n<p>Retraites et aides sociales : revalorisations limit\u00e9es, gel<br \/>\nAgirc-Arrco<\/p>\n<p>Pour le r\u00e9gime g\u00e9n\u00e9ral, la pension de base augmente de 0,9 % au<br \/>\n1\u1d49\u02b3 janvier 2026, apr\u00e8s +2,2 % en 2025. Cette hausse plus faible<br \/>\ntient au ralentissement de l\u2019inflation et r\u00e9sulte des calculs de la<br \/>\nCommission des comptes de la S\u00e9curit\u00e9 sociale. Un temps envisag\u00e9,<br \/>\nle gel des pensions a \u00e9t\u00e9 \u00e9cart\u00e9 \u00e0 l\u2019Assembl\u00e9e le 13 novembre 2025.<br \/>\nLes minima sociaux \u00e9chappent eux aussi au gel : l\u2019ASPA atteint 1<br \/>\n012 \u20ac par mois pour une personne seule et 1 571 \u20ac pour un couple,<br \/>\nl\u2019AAH 1 042 \u20ac maximum.<\/p>\n<p>C\u00f4t\u00e9 compl\u00e9mentaires, les pensions Agirc-Arrco ne seront pas<br \/>\nrevaloris\u00e9es en 2026, faute d\u2019accord entre partenaires sociaux. La<br \/>\nhausse sera donc de 0 %, ce qui r\u00e9duit le pouvoir d\u2019achat des<br \/>\nretrait\u00e9s du priv\u00e9 : pour une pension totale de 1 400 \u20ac, la perte<br \/>\nest estim\u00e9e \u00e0 environ 11 \u20ac par mois, soit pr\u00e8s de 136 \u20ac sur<br \/>\nl\u2019ann\u00e9e. En toile de fond, le Plafond annuel de la S\u00e9curit\u00e9 sociale<br \/>\nprogresse de 2 % pour atteindre 48 060 \u20ac en 2026, soit 4 005 \u20ac par<br \/>\nmois, base de calcul pour de nombreuses prestations.<\/p>\n<p>Imp\u00f4ts, \u00e9pargne et fiscalit\u00e9 des seniors : ce qui bouge en<br \/>\n2026<\/p>\n<p>Sur le plan fiscal, les d\u00e9put\u00e9s ont maintenu l\u2019abattement de 10<br \/>\n% sur les retraites le 13 novembre 2025. Cette d\u00e9cision \u00e9vite \u00e0 des<br \/>\nmillions de retrait\u00e9s une hausse d\u2019imp\u00f4t ; sans lui, nombre de<br \/>\nfoyers modestes auraient bascul\u00e9 dans une tranche sup\u00e9rieure. Cap<br \/>\nRetraite souligne aussi la revalorisation de 1,1 % des seuils<br \/>\nd\u2019exon\u00e9ration et de d\u00e9gr\u00e8vement de taxe fonci\u00e8re, avec une<br \/>\nr\u00e9duction d\u2019environ 100 \u20ac pour certains propri\u00e9taires de 65 \u00e0 74<br \/>\nans modestes et une exon\u00e9ration possible pour les plus de 75 ans<br \/>\nsous conditions de revenus.<\/p>\n<p>La fiscalit\u00e9 de l\u2019\u00e9pargne \u00e9volue avec une hausse de la CSG de<br \/>\n9,2 % \u00e0 10,6 % sur les revenus du capital (dividendes, livrets<br \/>\nbancaires non r\u00e9glement\u00e9s, comptes \u00e0 terme, comptes-titres, PEA).<br \/>\nLes produits r\u00e9glement\u00e9s d\u00e9fiscalis\u00e9s comme le Livret A, le LEP, le<br \/>\nLDDS, le livret jeune, ainsi que les PEP, CEL, PEL, assurance-vie,<br \/>\nPER et revenus fonciers restent \u00e0 l\u2019\u00e9cart de cette hausse. En<br \/>\nparall\u00e8le, la mont\u00e9e du PASS gonfle les plafonds de d\u00e9duction sur<br \/>\nles versements volontaires dans un plan d\u2019\u00e9pargne retraite :<br \/>\njusqu\u2019\u00e0 88 911 \u20ac pour les non-salari\u00e9s et 37 680 \u20ac pour les<br \/>\nsalari\u00e9s et fonctionnaires. Service Public signale enfin que les<br \/>\nr\u00e8gles de d\u00e9claration des dons d\u2019argent entre particuliers \u00e9voluent<br \/>\nd\u00e8s janvier 2026.<\/p>\n<p>Primes, travail, logement et transports<br \/>\n: les autres coups de pouce\u2026 et les freins<\/p>\n<p>Au travail, le <strong>SMIC<\/strong> est revaloris\u00e9 de 1,18 % au<br \/>\n1\u1d49\u02b3 janvier 2026, pour atteindre 12,02 \u20ac brut de l\u2019heure et un<br \/>\nsalaire mensuel brut de 1 823,03 \u20ac, soit un net autour de 1 443,11<br \/>\n\u20ac. Les stagiaires voient leur gratification minimale passer de 4,35<br \/>\n\u00e0 4,50 \u20ac de l\u2019heure, l\u2019\u00e9quivalent de 15 % du plafond horaire de la<br \/>\nS\u00e9curit\u00e9 sociale. Dans l\u2019entreprise, le CSE ne peut plus imposer<br \/>\nune anciennet\u00e9 de six mois pour acc\u00e9der aux aides sociales et<br \/>\nculturelles, une condition jug\u00e9e discriminatoire. Les parents, eux,<br \/>\nb\u00e9n\u00e9ficieront d\u2019un nouveau cong\u00e9 de naissance de 1 ou 2 mois, mieux<br \/>\nindemnis\u00e9 que le cong\u00e9 parental actuel, avec une prise en charge<br \/>\nannonc\u00e9e \u00e0 70 % du salaire net le premier mois puis 60 % le<br \/>\nsecond.<\/p>\n<p>Sur le logement, le calcul du DPE change : le coefficient de<br \/>\nconversion de l\u2019\u00e9lectricit\u00e9 passe de 2,3 \u00e0 1,9, ce qui am\u00e9liore la<br \/>\nnote des logements chauff\u00e9s \u00e0 l\u2019\u00e9lectricit\u00e9. Aucun bien ne verra<br \/>\nson DPE baisser et environ 850 000 logements sortiront des classes<br \/>\nF ou G. Les frais d\u2019agence locative seront d\u00e9sormais index\u00e9s sur<br \/>\nl\u2019indice de r\u00e9f\u00e9rence des loyers, en utilisant pour 2026 l\u2019IRL du<br \/>\n3\u1d49 trimestre 2025 (145,77). C\u00f4t\u00e9 voiture, certains v\u00e9hicules<br \/>\nd\u2019occasion auparavant exon\u00e9r\u00e9s (li\u00e9s \u00e0 une carte mobilit\u00e9 inclusion<br \/>\ninvalidit\u00e9, \u00e0 un statut de diplomate ou \u00e0 des raisons familiales)<br \/>\npourront \u00eatre soumis au malus \u00e9cologique lors d\u2019une revente ou d\u2019un<br \/>\nchangement de carte grise, avec un montant qui diminue avec<br \/>\nl\u2019anciennet\u00e9. Enfin, malgr\u00e9 les rumeurs, la gratuit\u00e9 totale des<br \/>\ntransports en commun n\u2019est pas \u00e0 l\u2019ordre du jour : \u00ab\u00a0\u00c0 ce jour,<br \/>\naucune disposition l\u00e9gale ou r\u00e9glementaire n\u2019est envisag\u00e9e en ce<br \/>\nsens\u00a0\u00bb, a indiqu\u00e9 le minist\u00e8re des Transports cit\u00e9 par Mes<br \/>\nAllocs.<\/p>\n","protected":false},"excerpt":{"rendered":"Par Jason Mathurin &#8211; Publi\u00e9 le 03 Jan 2026 \u00e0 09:07 Retraites \u00e0 +0,9 %, CSG sur l\u2019\u00e9pargne&hellip;\n","protected":false},"author":2,"featured_media":638149,"comment_status":"","ping_status":"","sticky":false,"template":"","format":"standard","meta":{"footnotes":""},"categories":[6],"tags":[35,33,34,1011,27,65861],"class_list":{"0":"post-638148","1":"post","2":"type-post","3":"status-publish","4":"format-standard","5":"has-post-thumbnail","7":"category-economie","8":"tag-business","9":"tag-economie","10":"tag-economy","11":"tag-fr","12":"tag-france","13":"tag-trend"},"share_on_mastodon":{"url":"https:\/\/pubeurope.com\/@fr\/115830840594043528","error":""},"_links":{"self":[{"href":"https:\/\/www.europesays.com\/fr\/wp-json\/wp\/v2\/posts\/638148","targetHints":{"allow":["GET"]}}],"collection":[{"href":"https:\/\/www.europesays.com\/fr\/wp-json\/wp\/v2\/posts"}],"about":[{"href":"https:\/\/www.europesays.com\/fr\/wp-json\/wp\/v2\/types\/post"}],"author":[{"embeddable":true,"href":"https:\/\/www.europesays.com\/fr\/wp-json\/wp\/v2\/users\/2"}],"replies":[{"embeddable":true,"href":"https:\/\/www.europesays.com\/fr\/wp-json\/wp\/v2\/comments?post=638148"}],"version-history":[{"count":0,"href":"https:\/\/www.europesays.com\/fr\/wp-json\/wp\/v2\/posts\/638148\/revisions"}],"wp:featuredmedia":[{"embeddable":true,"href":"https:\/\/www.europesays.com\/fr\/wp-json\/wp\/v2\/media\/638149"}],"wp:attachment":[{"href":"https:\/\/www.europesays.com\/fr\/wp-json\/wp\/v2\/media?parent=638148"}],"wp:term":[{"taxonomy":"category","embeddable":true,"href":"https:\/\/www.europesays.com\/fr\/wp-json\/wp\/v2\/categories?post=638148"},{"taxonomy":"post_tag","embeddable":true,"href":"https:\/\/www.europesays.com\/fr\/wp-json\/wp\/v2\/tags?post=638148"}],"curies":[{"name":"wp","href":"https:\/\/api.w.org\/{rel}","templated":true}]}}