{"id":638150,"date":"2026-01-03T11:05:11","date_gmt":"2026-01-03T11:05:11","guid":{"rendered":"https:\/\/www.europesays.com\/fr\/638150\/"},"modified":"2026-01-03T11:05:11","modified_gmt":"2026-01-03T11:05:11","slug":"donald-trump-annonce-que-le-president-nicolas-maduro-a-ete-capture-et-le-pays-bombarde-pendant-la-nuit","status":"publish","type":"post","link":"https:\/\/www.europesays.com\/fr\/638150\/","title":{"rendered":"Donald Trump annonce que le pr\u00e9sident Nicolas Maduro a \u00e9t\u00e9 \u00ab\u00a0captur\u00e9\u00a0\u00bb et le pays bombard\u00e9 pendant la nuit"},"content":{"rendered":"<p>   Elections, embargo p\u00e9trolier, narcotrafic, migrants\u00a0: les principaux contentieux entre les Etats-Unis et le Venezuela             <\/p>\n<p class=\"post__live-container--answer-text post__space-node\"><strong>D\u00e9mocratie<\/strong>.\u00a0Washington, comme une partie de la communaut\u00e9 internationale, ne reconna\u00eet pas au socialiste Nicolas Maduro une l\u00e9gitimit\u00e9 \u00e0 pr\u00e9sider le pays. Apr\u00e8s la violente r\u00e9pression de manifestations au lendemain de sa premi\u00e8re \u00e9lection en\u00a02013, les Etats-Unis ont sanctionn\u00e9 plusieurs hauts responsables du pays. Ils ont qualifi\u00e9 d\u2019\u00ab\u00a0ill\u00e9gitime\u00a0\u00bb sa r\u00e9\u00e9lection de 2018, puis celle de 2024. Entre 2019 et 2023, Washington, suivi par une soixantaine de pays, a m\u00eame reconnu l\u2019opposant Juan Guaido comme \u00ab\u00a0pr\u00e9sident par int\u00e9rim\u00a0\u00bb, d\u00e9clenchant la rupture par Caracas des relations diplomatiques.<\/p>\n<p class=\"post__live-container--answer-text post__space-node\"><strong>Embargo am\u00e9ricain sur le p\u00e9trole<\/strong>. Dans l\u2019objectif d\u2019asphyxier \u00e9conomiquement le pays et d\u2019\u00e9vincer Nicolas Maduro du pouvoir, Washington a impos\u00e9 en\u00a02019 un embargo sur le p\u00e9trole v\u00e9n\u00e9zu\u00e9lien, qui a frapp\u00e9 le pilier de la fragile \u00e9conomie v\u00e9n\u00e9zu\u00e9lienne. Ces derni\u00e8res semaines, Washington a annonc\u00e9 un \u00ab\u00a0blocus total\u00a0\u00bb contre les \u00ab\u00a0p\u00e9troliers sous sanctions\u00a0\u00bb se rendant au Venezuela ou le quittant et a saisi plusieurs navires.<\/p>\n<p class=\"post__live-container--answer-text post__space-node\"><strong>Accusations de narcotrafic<\/strong>.<strong>\u00a0<\/strong>En mars\u00a02020, Nicolas Maduro a \u00e9t\u00e9 inculp\u00e9 aux Etats-Unis pour \u00ab\u00a0narcoterrorisme\u00a0\u00bb, et Washington a offert 15\u00a0millions de dollars pour toute information qui permettrait de l\u2019arr\u00eater. Cette prime a \u00e9t\u00e9 relev\u00e9e \u00e0 25\u00a0millions par Washington d\u00e9but 2025\u00a0puis \u00e0 50\u00a0millions en ao\u00fbt, avant que les Etats-Unis d\u00e9ploient un important dispositif militaire en mer des Cara\u00efbes et lancent des frappes contre des narcotrafiquants pr\u00e9sum\u00e9s. Washington accuse Nicolas Maduro de diriger le \u00ab\u00a0cartel des Soleils\u00a0\u00bb, dont l\u2019existence reste \u00e0 d\u00e9montrer. Maduro nie et accuse Washington de vouloir s\u2019emparer du p\u00e9trole v\u00e9n\u00e9zu\u00e9lien.<\/p>\n<p class=\"post__live-container--answer-text post__space-node\"><strong>Migrants<\/strong>.<strong> <\/strong>Donald Trump, qui a fait de la lutte contre l\u2019immigration une priorit\u00e9 de son second mandat, reproche \u00e0 Caracas l\u2019arriv\u00e9e d\u2019un grand nombre de migrants v\u00e9n\u00e9zu\u00e9liens. Il accuse le pays d\u2019avoir \u00ab\u00a0pouss\u00e9\u00a0\u00bb vers les Etats-Unis \u00ab\u00a0des centaines de milliers de personnes issues des prisons\u00a0\u00bb ainsi que des \u00ab\u00a0intern\u00e9s des h\u00f4pitaux psychiatriques\u00a0\u00bb. Le pr\u00e9sident am\u00e9ricain a retir\u00e9 le statut de protection temporaire dont b\u00e9n\u00e9ficiaient des centaines de milliers de V\u00e9n\u00e9zu\u00e9liens en raison de la crise dans leur pays, et en a expuls\u00e9 cette ann\u00e9e plusieurs milliers.<\/p>\n<p class=\"post__live-container--answer-text post__space-node\"><strong>Accusations d\u2019ing\u00e9rence<\/strong>. Le Venezuela a plusieurs fois accus\u00e9 les Etats-Unis d\u2019ing\u00e9rence. En\u00a02019, apr\u00e8s une tentative d\u2019insurrection de militaires, Nicolas Maduro a ainsi affirm\u00e9 que Washington avait ordonn\u00e9 \u00ab\u00a0un coup d\u2019Etat fasciste\u00a0\u00bb. L\u2019ann\u00e9e suivante, le pr\u00e9sident v\u00e9n\u00e9zu\u00e9lien a accus\u00e9 son homologue am\u00e9ricain d\u2019avoir \u00ab\u00a0dirig\u00e9 directement\u00a0\u00bb une tentative d\u2019\u00ab\u00a0incursion arm\u00e9e\u00a0\u00bb par la mer. \u00ab\u00a0Non aux coups d\u2019Etat foment\u00e9s par la CIA\u00a0\u00bb, a lanc\u00e9 Nicolas Maduro en octobre, apr\u00e8s que Donald Trump a dit avoir autoris\u00e9 des actions clandestines de l\u2019agence de renseignement contre le Venezuela.<\/p>\n","protected":false},"excerpt":{"rendered":"Elections, embargo p\u00e9trolier, narcotrafic, migrants\u00a0: les principaux contentieux entre les Etats-Unis et le Venezuela D\u00e9mocratie.\u00a0Washington, comme une partie&hellip;\n","protected":false},"author":2,"featured_media":638151,"comment_status":"","ping_status":"","sticky":false,"template":"","format":"standard","meta":{"footnotes":""},"categories":[5],"tags":[11,1011,27,14,12,28],"class_list":{"0":"post-638150","1":"post","2":"type-post","3":"status-publish","4":"format-standard","5":"has-post-thumbnail","7":"category-international","8":"tag-actualites","9":"tag-fr","10":"tag-france","11":"tag-international","12":"tag-news","13":"tag-world"},"share_on_mastodon":{"url":"https:\/\/pubeurope.com\/@fr\/115830844526818147","error":""},"_links":{"self":[{"href":"https:\/\/www.europesays.com\/fr\/wp-json\/wp\/v2\/posts\/638150","targetHints":{"allow":["GET"]}}],"collection":[{"href":"https:\/\/www.europesays.com\/fr\/wp-json\/wp\/v2\/posts"}],"about":[{"href":"https:\/\/www.europesays.com\/fr\/wp-json\/wp\/v2\/types\/post"}],"author":[{"embeddable":true,"href":"https:\/\/www.europesays.com\/fr\/wp-json\/wp\/v2\/users\/2"}],"replies":[{"embeddable":true,"href":"https:\/\/www.europesays.com\/fr\/wp-json\/wp\/v2\/comments?post=638150"}],"version-history":[{"count":0,"href":"https:\/\/www.europesays.com\/fr\/wp-json\/wp\/v2\/posts\/638150\/revisions"}],"wp:featuredmedia":[{"embeddable":true,"href":"https:\/\/www.europesays.com\/fr\/wp-json\/wp\/v2\/media\/638151"}],"wp:attachment":[{"href":"https:\/\/www.europesays.com\/fr\/wp-json\/wp\/v2\/media?parent=638150"}],"wp:term":[{"taxonomy":"category","embeddable":true,"href":"https:\/\/www.europesays.com\/fr\/wp-json\/wp\/v2\/categories?post=638150"},{"taxonomy":"post_tag","embeddable":true,"href":"https:\/\/www.europesays.com\/fr\/wp-json\/wp\/v2\/tags?post=638150"}],"curies":[{"name":"wp","href":"https:\/\/api.w.org\/{rel}","templated":true}]}}