{"id":638156,"date":"2026-01-03T11:09:48","date_gmt":"2026-01-03T11:09:48","guid":{"rendered":"https:\/\/www.europesays.com\/fr\/638156\/"},"modified":"2026-01-03T11:09:48","modified_gmt":"2026-01-03T11:09:48","slug":"football-duels-de-haut-de-tableau-un-retour-a-annecy-ce-quil-faut-savoir-sur-la-18e-journee-de-ligue-2","status":"publish","type":"post","link":"https:\/\/www.europesays.com\/fr\/638156\/","title":{"rendered":"Football. Duels de haut de tableau, un retour \u00e0 Annecy&#8230; Ce qu&rsquo;il faut savoir sur la 18e journ\u00e9e de Ligue 2"},"content":{"rendered":"<p>  Le choc\u00a0: Troyes d\u00e9fend sa place de leader face au Red Star<\/p>\n<p>Le leader re\u00e7oit son dauphin.\u00a0En d\u00e9placement \u00e0 Troyes, le Red Star va tenter d&rsquo;effacer ses trois points de retard au classement. Les Franciliens restent sur une s\u00e9rie de cinq matches sans d\u00e9faite et sont les plus en r\u00e9ussite \u00e0 l&rsquo;ext\u00e9rieur cette saison avec six victoires, deux nuls pour une seule d\u00e9faite. Ce sera \u00e9galement un duel des buteurs entre le Troyens Tawfik Bentayeb et Damien Durand (Red Star), tous les deux co-meilleurs buteurs du championnat. L&rsquo;Estac peut en tout cas partir confiant.\u00a0Tous les \u00e9quipes caracolant en t\u00eate de la Ligue 2 \u00e0 la mi-saison ont \u00e9t\u00e9 promues au terme de l&rsquo;exercice. De quoi faire retomber la pression.<\/p>\n<p>Saint-\u00c9tienne doit se relancer face au Mans<\/p>\n<p>Derri\u00e8re l&rsquo;Estac et le Red Star, Saint-Etienne et Le Mans tentent de maintenir le rythme. Les St\u00e9phanois restent sur deux matches sans victoire, dont un nul face \u00e0 la lanterne rouge bastiaise avant la tr\u00eave. \u00ab\u00a0Ne pas avoir remport\u00e9 notre derni\u00e8re rencontre de championnat face \u00e0 Bastia nous met sous pression\u00a0\u00bb, a admis le coach de l&rsquo;ASSE\u00a0<a href=\"https:\/\/www.ledauphine.com\/p\/eirik-horneland\" target=\"_blank\" rel=\"noopener\">Eirik Horneland<\/a> vendredi en conf\u00e9rence de presse. D\u00e9faits \u00e0 domicile \u00e0 l&rsquo;aller, les Verts tenteront de r\u00e9pliquer sur le terrain du promu manceau qui reste sur une s\u00e9rie d&rsquo;invicibilit\u00e9 impressionnante de onze matches toutes comp\u00e9titions confondues.<\/p>\n<p>Le come-back : <a href=\"https:\/\/www.ledauphine.com\/p\/valentin-jacob\" target=\"_blank\" rel=\"noopener\">Valentin Jacob<\/a> de retour \u00e0 Annecy<\/p>\n<p>Sans club depuis l&rsquo;\u00e9t\u00e9 dernier, Valentin Jacob s&rsquo;est engag\u00e9 avec Annecy. Le milieu offensif s&rsquo;entra\u00eenait avec les\u00a0Haut-Savoyards depuis le mois d&rsquo;ao\u00fbt et a fini par convaincre le staff de l&rsquo;int\u00e9grer au groupe. Selon les informations du <a href=\"https:\/\/www.ledauphine.com\/sport\/2026\/01\/01\/fc-annecy-valentin-jacob-fait-son-retour-au-club-plus-de-sept-ans-apres\" target=\"_blank\" rel=\"noopener\">Dauphin\u00e9 Lib\u00e9r\u00e9<\/a>, il s&rsquo;est engag\u00e9 jusqu&rsquo;\u00e0 la fin de saison sans option pour une ann\u00e9e suppl\u00e9mentaire. Pass\u00e9 par Niort, Dijon et Ajaccio, Valentin Jacob tentera de retrouver la r\u00e9ussite qu&rsquo;il a connu \u00e0 Annecy entre 2016 et 2018 en National 2 o\u00f9 il avait inscrit 20 buts et d\u00e9livr\u00e9 15 passes d\u00e9cisives en 47 matches. Il devrait \u00eatre dans le groupe ann\u00e9cien samedi \u00e0 Reims.<\/p>\n<p>Ce contenu est bloqu\u00e9 car vous n&rsquo;avez pas accept\u00e9 les cookies et autres traceurs.<\/p>\n<p>En cliquant sur \u00ab J\u2019accepte \u00bb, les cookies et autres traceurs seront d\u00e9pos\u00e9s et vous pourrez visualiser les contenus  (<a href=\"\" class=\"consentModule_policy\" target=\"_blank\" title=\"Consulter la politique de protection des donn\u00e9es du fournisseur\">plus d&rsquo;informations<\/a>).<\/p>\n<p>En cliquant sur \u00ab J\u2019accepte tous les cookies \u00bb, vous autorisez des d\u00e9p\u00f4ts de cookies et autres traceurs pour le stockage de vos donn\u00e9es sur nos sites et applications \u00e0 des fins de personnalisation et de ciblage publicitaire.<\/p>\n<p class=\"consentModule_secondaryText\">Vous gardez la possibilit\u00e9 de retirer votre consentement \u00e0 tout moment en consultant notre <a href=\"https:\/\/www.ledauphine.com\/protection-des-donnees\" target=\"_blank\" title=\"Consulter notre politique de protection des donn\u00e9es\" rel=\"noopener\">politique de protection des donn\u00e9es<\/a>. <br \/>&#13;<br \/>\n            <a href=\"https:\/\/www.ledauphine.com\/sport\/2026\/01\/03\/javascript:Didomi.notice.show()\" class=\"consentModule_cmp\" target=\"_blank\" rel=\"noopener\">G\u00e9rer mes choix<\/a>&#13;\n        <\/p>\n<p>&#13;<br \/>\n                        J&rsquo;accepte&#13;<br \/>\n            J&rsquo;accepte tous les cookies&#13;\n        <\/p>\n<p>  Les poursuivants\u00a0: Montpellier et Dunkerque veulent rester au contact<\/p>\n<p>En cl\u00f4ture de cette journ\u00e9e, Montpellier accueille Dunkerque lundi (20h45)\u00a0dans un match de milieu du tableau qui permettrait au vainqueur de rester au contact des places de barrages pour la mont\u00e9e. Les Montpelli\u00e9rains seront toujours priv\u00e9s du Congolais\u00a0Nathana\u00ebl Mbuku et du Camerounais\u00a0Simon Ngapandouetnbu qui disputent la CAN. Ils pourront toutefois compter sur Alexandre Mendy qui pourrait disputer son 200e match de Ligue 2. Avec quatre buts cette saison, l&rsquo;attaquant bissaoguin\u00e9en est l&rsquo;un des hommes forts de l&rsquo;\u00e9quipe de Zoumana Camara.<\/p>\n","protected":false},"excerpt":{"rendered":"Le choc\u00a0: Troyes d\u00e9fend sa place de leader face au Red Star Le leader re\u00e7oit son dauphin.\u00a0En d\u00e9placement&hellip;\n","protected":false},"author":2,"featured_media":638157,"comment_status":"","ping_status":"","sticky":false,"template":"","format":"standard","meta":{"footnotes":""},"categories":[9653],"tags":[1111,11,3853,3854,3855,9443,2430,3856,1777,674,20116,107,1701,63,1011,27,4638,12636,3367,12,25,4001,517,1947],"class_list":{"0":"post-638156","1":"post","2":"type-post","3":"status-publish","4":"format-standard","5":"has-post-thumbnail","7":"category-saint-etienne","8":"tag-actu","9":"tag-actualites","10":"tag-annecy","11":"tag-annecy-bassin","12":"tag-annecy-region","13":"tag-asse-as-saint-etienne","14":"tag-auvergne-rhone-alpes","15":"tag-edition-annecy-rumilly-les-aravis","16":"tag-eu","17":"tag-europe","18":"tag-fc-annecy","19":"tag-fil-info","20":"tag-fil-info-sport","21":"tag-football","22":"tag-fr","23":"tag-france","24":"tag-haute-savoie","25":"tag-ligue-2-football","26":"tag-loire","27":"tag-news","28":"tag-republique-francaise","29":"tag-saint-etienne","30":"tag-sport","31":"tag-sport-national"},"share_on_mastodon":{"url":"https:\/\/pubeurope.com\/@fr\/115830864118177752","error":""},"_links":{"self":[{"href":"https:\/\/www.europesays.com\/fr\/wp-json\/wp\/v2\/posts\/638156","targetHints":{"allow":["GET"]}}],"collection":[{"href":"https:\/\/www.europesays.com\/fr\/wp-json\/wp\/v2\/posts"}],"about":[{"href":"https:\/\/www.europesays.com\/fr\/wp-json\/wp\/v2\/types\/post"}],"author":[{"embeddable":true,"href":"https:\/\/www.europesays.com\/fr\/wp-json\/wp\/v2\/users\/2"}],"replies":[{"embeddable":true,"href":"https:\/\/www.europesays.com\/fr\/wp-json\/wp\/v2\/comments?post=638156"}],"version-history":[{"count":0,"href":"https:\/\/www.europesays.com\/fr\/wp-json\/wp\/v2\/posts\/638156\/revisions"}],"wp:featuredmedia":[{"embeddable":true,"href":"https:\/\/www.europesays.com\/fr\/wp-json\/wp\/v2\/media\/638157"}],"wp:attachment":[{"href":"https:\/\/www.europesays.com\/fr\/wp-json\/wp\/v2\/media?parent=638156"}],"wp:term":[{"taxonomy":"category","embeddable":true,"href":"https:\/\/www.europesays.com\/fr\/wp-json\/wp\/v2\/categories?post=638156"},{"taxonomy":"post_tag","embeddable":true,"href":"https:\/\/www.europesays.com\/fr\/wp-json\/wp\/v2\/tags?post=638156"}],"curies":[{"name":"wp","href":"https:\/\/api.w.org\/{rel}","templated":true}]}}