{"id":638160,"date":"2026-01-03T11:15:09","date_gmt":"2026-01-03T11:15:09","guid":{"rendered":"https:\/\/www.europesays.com\/fr\/638160\/"},"modified":"2026-01-03T11:15:09","modified_gmt":"2026-01-03T11:15:09","slug":"spectaculaire-collision-pres-de-montpellier-entre-un-automobiliste-et-les-gendarmes","status":"publish","type":"post","link":"https:\/\/www.europesays.com\/fr\/638160\/","title":{"rendered":"Spectaculaire collision pr\u00e8s de Montpellier entre un automobiliste et les gendarmes"},"content":{"rendered":"<p>                    Par<br \/>\n        <strong><br \/>\n            <a href=\"https:\/\/actu.fr\/auteur\/lea-pippinato\" title=\"Consulter tous les articles de L\u00e9a Pippinato\" target=\"_blank\" rel=\"noopener\">L\u00e9a Pippinato<\/a><br \/>\n                    <\/strong><\/p>\n<p>        Publi\u00e9 le<\/p>\n<p>            3 janv. 2026 \u00e0 10h50        <\/p>\n<p><strong>Ce vendredi 2 janvier 2026<\/strong>, au petit matin, une violente collision s\u2019est produite \u00e0 Carnon, sur la commune de Mauguio. L\u2019accident a eu lieu \u00e0 l\u2019intersection de la RD 62 et de l\u2019avenue des Comtes de Melgueil. Un v\u00e9hicule d\u2019intervention de la compagnie de gendarmerie de Lunel est entr\u00e9 en collision avec une voiture dont le conducteur venait de refuser un contr\u00f4le. Les deux v\u00e9hicules ont subi d\u2019importants d\u00e9g\u00e2ts mat\u00e9riels. Aucun bless\u00e9 n\u2019est \u00e0 d\u00e9plorer et une proc\u00e9dure judiciaire est en cours.<\/p>\n<p>    <a href=\"https:\/\/www.google.com\/maps\/embed?pb=!1m18!1m12!1m3!1d2891.8752119039586!2d3.976272076456908!3d43.546643071107425!2m3!1f0!2f0!3f0!3m2!1i1024!2i768!4f13.1!3m3!1m2!1s0x12b6bb67b679dcab%3A0x88e85c3bcf96342b!2sAv.%20des%20Comtes%20de%20Melgueil%2C%2034130%20Mauguio!5e0!3m2!1sfr!2sfr!4v1767433611202!5m2!1sfr!2sfr\" title=\"Ouvrie le lien\" target=\"_blank\" rel=\"noopener\">Cliquez ici pour visualiser le contenu<\/a><\/p>\n<p>Une nuit du r\u00e9veillon d\u00e9j\u00e0 marqu\u00e9e par de nombreux contr\u00f4les<\/p>\n<p class=\" wall-content\">Cet accident est survenu au terme d\u2019une nuit particuli\u00e8rement charg\u00e9e pour les gendarmes de la compagnie de Lunel. Lors de la nuit du r\u00e9veillon du Jour de l\u2019An, plusieurs op\u00e9rations de contr\u00f4le ont \u00e9t\u00e9 men\u00e9es sur le secteur. <strong>Trois points fixes<\/strong> ont \u00e9t\u00e9 d\u00e9ploy\u00e9s afin de lutter contre les comportements dangereux sur la route. Une attention particuli\u00e8re a \u00e9t\u00e9 port\u00e9e \u00e0 La Grande-Motte. Entre 4h et 6h du matin, en sortie de discoth\u00e8que, de nombreux conducteurs se sont r\u00e9v\u00e9l\u00e9s positifs au d\u00e9pistage de l\u2019alcool. Plusieurs d\u2019entre eux ont d\u00fb laisser leur voiture sur place. Deux autres points de contr\u00f4le ont \u00e9t\u00e9 mis en place \u00e0 Lunel et \u00e0 Baillargues. Malgr\u00e9 les consignes de prudence largement diffus\u00e9es avant les f\u00eates, certains automobilistes ne s\u2019\u00e9taient pas organis\u00e9s pour confier le volant \u00e0 une personne sobre.<\/p>\n<p class=\" wall-content\">Au cours de la soir\u00e9e et de la nuit, les gendarmes ont \u00e9galement relev\u00e9 d\u2019autres infractions. Des amendes forfaitaires d\u00e9lictuelles ont \u00e9t\u00e9 dress\u00e9es pour d\u00e9tention de stup\u00e9fiants, ivresse publique manifeste, d\u00e9tention d\u2019arme, tapage et diverses infractions routi\u00e8res. Pour les faits les plus graves, des proc\u00e9dures d\u00e9lictuelles ont \u00e9t\u00e9 engag\u00e9es.<\/p>\n<p class=\" wall-content\">Personnalisez votre actualit\u00e9 en ajoutant vos villes et m\u00e9dias en favori avec <a href=\"https:\/\/moncompte.actu.fr\" title=\"D\u00e9couvez Mon Actu\" rel=\"nofollow noopener\" data-trk=\"{&quot;cta&quot;:{&quot;action&quot;:&quot;https:\\\/\\\/moncompte.actu.fr&quot;,&quot;category&quot;:&quot;mon compte&quot;,&quot;from&quot;:&quot;article footer&quot;,&quot;name&quot;:&quot;Mon actu&quot;,&quot;type&quot;:&quot;cta&quot;}}\" target=\"_blank\">Mon Actu<\/a>.<\/p>\n","protected":false},"excerpt":{"rendered":"Par L\u00e9a Pippinato Publi\u00e9 le 3 janv. 2026 \u00e0 10h50 Ce vendredi 2 janvier 2026, au petit matin,&hellip;\n","protected":false},"author":2,"featured_media":638161,"comment_status":"","ping_status":"","sticky":false,"template":"","format":"standard","meta":{"footnotes":""},"categories":[9599],"tags":[119,1111,11,5702,1777,674,118,1011,27,3381,2208,12,2680,25],"class_list":{"0":"post-638160","1":"post","2":"type-post","3":"status-publish","4":"format-standard","5":"has-post-thumbnail","7":"category-montpellier","8":"tag-accident","9":"tag-actu","10":"tag-actualites","11":"tag-alcool","12":"tag-eu","13":"tag-europe","14":"tag-faits-divers","15":"tag-fr","16":"tag-france","17":"tag-gendarmerie","18":"tag-montpellier","19":"tag-news","20":"tag-occitanie","21":"tag-republique-francaise"},"share_on_mastodon":{"url":"https:\/\/pubeurope.com\/@fr\/115830883896907092","error":""},"_links":{"self":[{"href":"https:\/\/www.europesays.com\/fr\/wp-json\/wp\/v2\/posts\/638160","targetHints":{"allow":["GET"]}}],"collection":[{"href":"https:\/\/www.europesays.com\/fr\/wp-json\/wp\/v2\/posts"}],"about":[{"href":"https:\/\/www.europesays.com\/fr\/wp-json\/wp\/v2\/types\/post"}],"author":[{"embeddable":true,"href":"https:\/\/www.europesays.com\/fr\/wp-json\/wp\/v2\/users\/2"}],"replies":[{"embeddable":true,"href":"https:\/\/www.europesays.com\/fr\/wp-json\/wp\/v2\/comments?post=638160"}],"version-history":[{"count":0,"href":"https:\/\/www.europesays.com\/fr\/wp-json\/wp\/v2\/posts\/638160\/revisions"}],"wp:featuredmedia":[{"embeddable":true,"href":"https:\/\/www.europesays.com\/fr\/wp-json\/wp\/v2\/media\/638161"}],"wp:attachment":[{"href":"https:\/\/www.europesays.com\/fr\/wp-json\/wp\/v2\/media?parent=638160"}],"wp:term":[{"taxonomy":"category","embeddable":true,"href":"https:\/\/www.europesays.com\/fr\/wp-json\/wp\/v2\/categories?post=638160"},{"taxonomy":"post_tag","embeddable":true,"href":"https:\/\/www.europesays.com\/fr\/wp-json\/wp\/v2\/tags?post=638160"}],"curies":[{"name":"wp","href":"https:\/\/api.w.org\/{rel}","templated":true}]}}