{"id":638162,"date":"2026-01-03T11:16:21","date_gmt":"2026-01-03T11:16:21","guid":{"rendered":"https:\/\/www.europesays.com\/fr\/638162\/"},"modified":"2026-01-03T11:16:21","modified_gmt":"2026-01-03T11:16:21","slug":"evanesens-chaufferie-zoo-2026-sera-marquee-par-des-chantiers-emblematiques-a-montpellier","status":"publish","type":"post","link":"https:\/\/www.europesays.com\/fr\/638162\/","title":{"rendered":"Evanesens, chaufferie, zoo\u2026\u00a0: 2026 sera marqu\u00e9e par des chantiers embl\u00e9matiques \u00e0 Montpellier"},"content":{"rendered":"<p>\n                                                                Montpellier, qui attire des milliers de nouveaux habitants chaque ann\u00e9e, d\u00e9ploie sans cesse des projets. Certains vont conna\u00eetre une \u00e9tape d\u00e9cisive cette ann\u00e9e.\n                            <\/p>\n<p>Evanesens arrive dans moins d\u2019un an<\/p>\n<p>Avec ses deux tours v\u00e9g\u00e9talis\u00e9es de 10 et 17 \u00e9tages qui seront reli\u00e9es par des serres, Evanesens est un programme immobilier embl\u00e9matique de Roxim. Il devrait \u00eatre achev\u00e9 fin 2026, le long des jardins situ\u00e9s \u00e0 l\u2019arri\u00e8re de l\u2019h\u00f4tel de vile.<\/p>\n<p>Cette \u00ab\u00a0for\u00eat verticale\u00a0\u00bb\u00a0culminant \u00e0 50 m\u00e8tres de haut comprendra 74 appartements, dont certains auront une vue \u00e0 360\u00b0. Elle a \u00e9t\u00e9 dessin\u00e9e par l\u2019architecte montpelli\u00e9rain Fran\u00e7ois Font\u00e8s, en collaboration avec l\u2019agronome-paysagiste italienne Laura Gatti. Prix des appartements restants\u00a0: de 290\u00a0000\u00a0\u20ac pour un T2 \u00e0 1,7 M\u20ac pour un T4\u2026<\/p>\n<p>    Mille formes ouvre<\/p>\n<p>C\u2019est le 6\u00a0f\u00e9vrier que le centre mille formes Montpellier ouvrira ses portes sur 1\u00a0000\u00a0m2, \u00e0 la place de l\u2019ancienne m\u00e9diath\u00e8que Fellini, au pied des \u00c9chelles de la Ville (centre commercial Polygone). Cet espace d\u2019\u00e9veil artistique, ouvert en partenariat avec le Centre Pompidou, sera ouvert \u00e0 tous.<\/p>\n<p>        <img decoding=\"async\" class=\"std-img__img responsive-img\" src=\"https:\/\/www.europesays.com\/fr\/wp-content\/uploads\/2026\/01\/1767438977_79_image.jpg\" alt=\"Lors de la visite de chantier de mille formes.\"\/><\/p>\n<p>                Lors de la visite de chantier de mille formes.<br \/>\n                                    Midi Libre &#8211; JEAN-MICHEL MART<\/p>\n<p>Un projet au c\u0153ur des Beaux-Arts<\/p>\n<p>        <img decoding=\"async\" class=\"std-img__img responsive-img\" src=\"https:\/\/www.europesays.com\/fr\/wp-content\/uploads\/2026\/01\/1767438977_871_image.jpg\" alt=\"Le projet \u201cPlace des Beaux-Arts\u201d, au c\u0153ur du quartier.\"\/><\/p>\n<p>                Le projet \u201cPlace des Beaux-Arts\u201d, au c\u0153ur du quartier.<br \/>\n                                    DR &#8211; DR<\/p>\n<p>\u00c0 Montpellier, les projets immobiliers peuvent se nicher au c\u0153ur de quartiers dens\u00e9ment construits. Illustration aux Beaux-Arts, avec la r\u00e9sidence des Nouveaux Constructeurs, avec jardin d\u2019inspiration japonaise.<\/p>\n<p>Cette r\u00e9sidence sur quatre niveaux sera livr\u00e9e d\u2019ici quelques mois. La commercialisation touche \u00e0 sa fin, rue Proudhon. Ainsi, il ne reste plus qu\u2019un studio \u00e0 vendre, \u00e0 200\u00a0000\u00a0\u20ac, et un T4 \u00e0 681\u2005000 \u20ac.<\/p>\n<p>    Mobilit\u00e9s, chantiers au long cours<\/p>\n<p>Bustram<\/p>\n<p>Depuis mai dernier, seule la ligne A fonctionne, de la place de France \u00e0 Notre-Dame-de-Sablassou. Elle sera \u00e9tendue au Cr\u00e8s, \u00e0 Vendargues et Castries d\u2019ici l\u2019automne 2028. D\u2019ici mars, des arbres sont abattus pour pouvoir en replanter trois fois plus sur le parcours.<\/p>\n<p>La ligne 4, de Genneveaux \u00e0 Cournonterral, sera boucl\u00e9e en septembre\u00a02026, pour permettre la desserte du lyc\u00e9e de Cournonterral. Les lignes 2 (Sabines-Sud de France), 3 (Broussonnet-Mosson) et 5 (Arceaux-Eurom\u00e9decine 2) seront r\u00e9alis\u00e9es ult\u00e9rieurement.<\/p>\n<p>COM<\/p>\n<p>Entre Juvignac (A 750) et Saint-Jean-de-V\u00e9das (A 709), les 6\u00a0km de Contournement Ouest de Montpellier ne verront pas le jour avant 2029. Ce chantier colossal, avec quatre ouvrages d\u2019art majeurs, est destin\u00e9 \u00e0 fluidifier la circulation \u00e0 l\u2019ouest de la m\u00e9tropole. Reste \u00e0 savoir quelle forme adoptera ce projet qui sera reli\u00e9 aux lignes 2 et 5 de tram et \u00e0 la ligne 4 de bustram.<\/p>\n<p>LIEN<\/p>\n<p>Sur la liaison intercantonale d\u2019\u00e9vitement du nord (LIEN), les tron\u00e7ons entre Castries et Saint-G\u00e9ly-du-Fesc sont d\u00e9j\u00e0 en service. La derni\u00e8re section, qui reliera Saint-G\u00e9ly-du-Fesc \u00e0 l\u2019A750 \u00e0 Bel Air, sur 7,8\u00a0km, doit d\u00e9sormais \u00eatre r\u00e9alis\u00e9e.<\/p>\n<p>Nous consacrerons prochainement un\u00a0dossier au LIEN.<\/p>\n<p>        <img decoding=\"async\" class=\"std-img__img responsive-img\" src=\"https:\/\/www.europesays.com\/fr\/wp-content\/uploads\/2026\/01\/1767438978_738_image.jpg\" alt=\"Un Bustram devant la piscine olympique d\u2019Antigone.\"\/><\/p>\n<p>                Un Bustram devant la piscine olympique d\u2019Antigone.<br \/>\n                                    Midi Libre &#8211; JEAN-MICHEL MART<\/p>\n<p>La chaufferie entre en service<\/p>\n<p>        <img decoding=\"async\" class=\"std-img__img responsive-img\" src=\"https:\/\/www.europesays.com\/fr\/wp-content\/uploads\/2026\/01\/1767438979_728_image.jpg\" alt=\"La chaufferie biomasse est proche du rond-point de la Lyre.\"\/><\/p>\n<p>                La chaufferie biomasse est proche du rond-point de la Lyre.<br \/>\n                                    DR &#8211; ARCHITECTURE IMAGINE \u2013 MONTPELLIER M\u00c9TROPOLE<\/p>\n<p>La fin des travaux se profile pour la chaufferie biomasse proche du rond-point de la Lyre. Raccord\u00e9e au r\u00e9seau de chaleur nord Alco, elle alimentera bient\u00f4t 21\u00a0km de tuyaux, du CHU aux C\u00e9vennes, et de la Mosson \u00e0 la fac de pharmacie.<\/p>\n<p>Elle remplacera 110 chaufferies collectives au gaz et plus de 2\u00a0000 chaudi\u00e8res individuelles. 20\u00a0500 tonnes de biomasse seront consomm\u00e9es par an et 13\u00a0000 tonnes d\u2019\u00e9missions de CO2 seront \u00e9vit\u00e9es. Le co\u00fbt de la chaufferie est de 17\u00a0M\u20ac et celui du r\u00e9seau de 64\u00a0M\u20ac, dont respectivement 22 et 6\u00a0M\u20ac de l\u2019Ademe.<\/p>\n<p>    Le Diagonal ferm\u00e9 cinq mois<\/p>\n<p>\u00c0 partir d\u2019avril\u00a02026, le cin\u00e9ma Diagonal sera ferm\u00e9 pour cinq mois, afin d\u2019y effectuer d\u2019importants travaux, pour 2,6 M\u20ac. Objectif\u00a0: changer la clim, le chauffage, certains fauteuils et \u00e9crans, et am\u00e9nager le hall et l\u2019entr\u00e9e des salles pour faciliter l\u2019acc\u00e8s pour les personnes \u00e0 mobilit\u00e9 r\u00e9duite.<\/p>\n<p>        <img decoding=\"async\" class=\"std-img__img responsive-img\" src=\"https:\/\/www.europesays.com\/fr\/wp-content\/uploads\/2026\/01\/1767438980_221_image.jpg\" alt=\"Le hall d\u2019accueil sera refait.\"\/><\/p>\n<p>                Le hall d\u2019accueil sera refait.<br \/>\n                                    Midi Libre &#8211; CELINE GALLAIS<\/p>\n<p>Vers une grande plaine au zoo<\/p>\n<p>        <img decoding=\"async\" class=\"std-img__img responsive-img\" src=\"https:\/\/www.europesays.com\/fr\/wp-content\/uploads\/2026\/01\/1767438981_466_image.jpg\" alt=\"Une vue des futurs enclos du zoo.\"\/><\/p>\n<p>                Une vue des futurs enclos du zoo.<br \/>\n                                    DR &#8211; \u00a9 La Graine Studio<\/p>\n<p>Engag\u00e9 depuis 2022, le projet de r\u00e9am\u00e9nagement du zoo bat son plein. Il se poursuivra d\u00e8s mars avec la r\u00e9novation de l\u2019enclos des girafes et du b\u00e2timent qui les abrite. \u00c0 terme, une grande plaine africaine de deux hectares verra le jour, avec girafes, gazelles et autres animaux de la savane. Ce qui entra\u00eenera le d\u00e9placement d\u2019animaux, actuellement diss\u00e9min\u00e9s dans six enclos.<\/p>\n<p>Ces travaux sont guid\u00e9s par le bien-\u00eatre animal et l\u2019\u00e9coresponsabilit\u00e9. En attendant leur terme, en 2028, ils entra\u00eenent d\u00e9j\u00e0 une modification du plan de circulation du zoo.<\/p>\n","protected":false},"excerpt":{"rendered":"Montpellier, qui attire des milliers de nouveaux habitants chaque ann\u00e9e, d\u00e9ploie sans cesse des projets. Certains vont conna\u00eetre&hellip;\n","protected":false},"author":2,"featured_media":638163,"comment_status":"","ping_status":"","sticky":false,"template":"","format":"standard","meta":{"footnotes":""},"categories":[9599],"tags":[1111,11,1777,674,1011,27,7089,2208,12,2680,25,1857,1352],"class_list":{"0":"post-638162","1":"post","2":"type-post","3":"status-publish","4":"format-standard","5":"has-post-thumbnail","7":"category-montpellier","8":"tag-actu","9":"tag-actualites","10":"tag-eu","11":"tag-europe","12":"tag-fr","13":"tag-france","14":"tag-herault","15":"tag-montpellier","16":"tag-news","17":"tag-occitanie","18":"tag-republique-francaise","19":"tag-sociu00e9tu00e9","20":"tag-urbanisme"},"share_on_mastodon":{"url":"https:\/\/pubeurope.com\/@fr\/115830888100549572","error":""},"_links":{"self":[{"href":"https:\/\/www.europesays.com\/fr\/wp-json\/wp\/v2\/posts\/638162","targetHints":{"allow":["GET"]}}],"collection":[{"href":"https:\/\/www.europesays.com\/fr\/wp-json\/wp\/v2\/posts"}],"about":[{"href":"https:\/\/www.europesays.com\/fr\/wp-json\/wp\/v2\/types\/post"}],"author":[{"embeddable":true,"href":"https:\/\/www.europesays.com\/fr\/wp-json\/wp\/v2\/users\/2"}],"replies":[{"embeddable":true,"href":"https:\/\/www.europesays.com\/fr\/wp-json\/wp\/v2\/comments?post=638162"}],"version-history":[{"count":0,"href":"https:\/\/www.europesays.com\/fr\/wp-json\/wp\/v2\/posts\/638162\/revisions"}],"wp:featuredmedia":[{"embeddable":true,"href":"https:\/\/www.europesays.com\/fr\/wp-json\/wp\/v2\/media\/638163"}],"wp:attachment":[{"href":"https:\/\/www.europesays.com\/fr\/wp-json\/wp\/v2\/media?parent=638162"}],"wp:term":[{"taxonomy":"category","embeddable":true,"href":"https:\/\/www.europesays.com\/fr\/wp-json\/wp\/v2\/categories?post=638162"},{"taxonomy":"post_tag","embeddable":true,"href":"https:\/\/www.europesays.com\/fr\/wp-json\/wp\/v2\/tags?post=638162"}],"curies":[{"name":"wp","href":"https:\/\/api.w.org\/{rel}","templated":true}]}}