{"id":638164,"date":"2026-01-03T11:17:08","date_gmt":"2026-01-03T11:17:08","guid":{"rendered":"https:\/\/www.europesays.com\/fr\/638164\/"},"modified":"2026-01-03T11:17:08","modified_gmt":"2026-01-03T11:17:08","slug":"un-nouveau-magasin-ouvre-pres-de-rouen-et-va-faire-le-bonheur-de-tous-les-cyclistes","status":"publish","type":"post","link":"https:\/\/www.europesays.com\/fr\/638164\/","title":{"rendered":"Un nouveau magasin ouvre pr\u00e8s de Rouen et va faire le bonheur de tous les cyclistes"},"content":{"rendered":"<p>                    Par<br \/>\n        <strong><br \/>\n            <a href=\"https:\/\/actu.fr\/auteur\/emilien-jacques\" title=\"Consulter tous les articles de Emilien Jacques\" target=\"_blank\" rel=\"noopener\">Emilien Jacques<\/a><br \/>\n                    <\/strong><\/p>\n<p>        Publi\u00e9 le<\/p>\n<p>            3 janv. 2026 \u00e0 10h26        <\/p>\n<p>\u00c0 la fin de l\u2019ann\u00e9e 2021, l\u2019historique magasin de Pont-Saint-Pierre (Eure), les Cycles Becquet, fermait ses portes apr\u00e8s plus de quarante ans d\u2019activit\u00e9, et laissait les nombreux cyclistes de la vall\u00e9e de l\u2019Andelle orphelins de tout magasin sp\u00e9cialis\u00e9.<\/p>\n<p class=\" wall-content\">Mais bient\u00f4t, ce manque sera combl\u00e9 gr\u00e2ce \u00e0 Corentin Leclerc, qui s\u2019appr\u00eate \u00e0 ouvrir dans le centre-bourg de <a href=\"https:\/\/actu.fr\/normandie\/ry_76548\" target=\"_blank\" rel=\"noopener\">Ry<\/a> son propre <strong>magasin de vente et de r\u00e9paration de v\u00e9los : Pignon Fixe Cycles.<\/strong><\/p>\n<p>Un passionn\u00e9 de v\u00e9lo<\/p>\n<p class=\" wall-content\">\u00ab Je regardais le <a href=\"https:\/\/actu.fr\/tour-de-france\/\" target=\"_blank\" rel=\"noopener\">Tour de France<\/a> et je me suis dit, c\u2019est \u00e7a que je veux faire \u00bb. Comme beaucoup d\u2019autres, il s\u2019est pris de <strong>passion pour le v\u00e9lo<\/strong> devant les images de la plus grande course cycliste du monde. Il ne tarde pas \u00e0 s\u2019inscrire au V\u00e9lo Club de Catenay, d\u00e8s ses 8 ans, puis encha\u00eene \u00e0 la Feuillie Cycliste. \u00ab J\u2019ai toujours fait du v\u00e9lo dans le coin \u00bb, r\u00e9sume l\u2019enfant de Perriers-sur-Andelle, qui stoppera la comp\u00e9tition pour ses \u00e9tudes.<\/p>\n<p class=\" wall-content\">Des \u00e9tudes qu\u2019il suit avec toujours un pied sur la p\u00e9dale puisqu\u2019il travaille en alternance dans le rayon v\u00e9lo d\u2019un Decathlon, puis en tant que responsable de l\u2019atelier. Apr\u00e8s une petite escapade en Dordogne, il revient dans sa r\u00e9gion natale en avril dernier avec la ferme intention de continuer \u00e0 vivre de sa passion, mais avec un autre statut : \u00ab Je me suis dit que je voulais vivre de l\u2019entrepreneuriat, \u00eatre mon propre patron \u00bb, relate celui qui est aujourd\u2019hui \u00e2g\u00e9 de 27\u00a0ans. \u00ab Logiquement, l\u2019id\u00e9e m\u2019est venue de faire mon magasin de v\u00e9lo. \u00bb<\/p>\n<p>S\u2019adresser \u00e0 tous les cyclistes<\/p>\n<p class=\" wall-content\">Comme un symbole, c\u2019est en faisant du v\u00e9lo qu\u2019il d\u00e9couvre un <strong>local inoccup\u00e9 dans le\u00a0centre de Ry.<\/strong> Il abritait autrefois le pressoir de la Lavandi\u00e8re et Corentin Leclerc consid\u00e8re tout de suite cet emplacement comme id\u00e9al pour installer son commerce. \u00ab Il n\u2019y a plus de magasin de v\u00e9los dans la vall\u00e9e de l\u2019Andelle. Les plus proches sont \u00e0 Buchy ou Rouen \u00bb, constate-t-il. Alors depuis septembre, il restaure ce b\u00e2timent plein de charme de 70 m\u00e8tres carr\u00e9s pour ouvrir Pignon Fixe Cycles.<\/p>\n<p>Vid\u00e9os : en ce moment sur Actu<\/p>\n<blockquote class=\"ac-article-quote wall-content\">\n<p>Je veux r\u00e9pondre \u00e0 tous les publics, des d\u00e9butants aux sp\u00e9cialistes<\/p>\n<p>Corentin Leclerc<\/p><\/blockquote>\n<p class=\" wall-content\">Dans le magasin de ce fin connaisseur, <strong>des v\u00e9los \u00e9lectriques, des v\u00e9los de route ou des VTT<\/strong> seront en rayon et le visiteur trouvera son bonheur quelle que soit l\u2019utilisation qu\u2019il voudra en faire. Du premier prix pour la pratique loisir au mat\u00e9riel haut de gamme pour les comp\u00e9titeurs, tout sera disponible chez Corentin Leclerc qui sera l\u00e0 pour aiguiller le client gr\u00e2ce \u00e0 son expertise. \u00ab Je veux r\u00e9pondre \u00e0 tous les publics, des d\u00e9butants aux sp\u00e9cialistes, affirme-t-il. J\u2019ai un catalogue de questionnement pour que le client ait un v\u00e9lo adapt\u00e9 \u00e0 la pratique qu\u2019il en a. \u00bb<\/p>\n<p>Votre r\u00e9gion, votre actu !<\/p>\n<p>Recevez chaque jour les infos qui comptent pour vous.<\/p>\n<p>\t<a href=\"https:\/\/actu.fr\/newsletter\" class=\"ac-btn ac-btn--corner ac-btn--medium ac-btn--blue800\" target=\"_blank\" rel=\"noopener\">S&rsquo;incrire<\/a><br \/>\nUn atelier de r\u00e9paration<\/p>\n<p class=\" wall-content\">Des \u00e9quipements (maillots, cuissards, gants, casques\u2026), des accessoires (antivol, lumi\u00e8res, outillage\u2026) et des produits de nutrition seront aussi en vente mais surtout, Corentin Leclerc disposera d\u2019un atelier pour r\u00e9parer et entretenir votre machine. \u00ab Je peux r\u00e9parer un v\u00e9lo de A \u00e0 Z \u00bb, pr\u00e9vient celui qui se d\u00e9crit comme un vrai \u00ab geek du v\u00e9lo \u00bb. Chez Pignon Fixe Cycles, c\u2019est donc une offre des plus compl\u00e8tes qui sera propos\u00e9e. \u00ab Quand tu as tout au m\u00eame endroit, c\u2019est bien plus simple et bien plus rassurant pour les gens \u00bb, estime le futur g\u00e9rant.<\/p>\n<p class=\" wall-content\">Il n\u2019y a plus tr\u00e8s longtemps \u00e0 patienter pour avoir acc\u00e8s \u00e0 ce paradis du v\u00e9lo puisque Corentin Leclerc s\u2019est donn\u00e9 l\u2019objectif d\u2019ouvrir le 6 janvier prochain. En attendant, vous pouvez observer l\u2019avanc\u00e9e de son projet sur Facebook, o\u00f9 les nombreux suiveurs t\u00e9moignent de la demande et de l\u2019attente que ce magasin suscite.<\/p>\n<p>Suivez l\u2019actualit\u00e9 de Rouen sur notre <a href=\"https:\/\/www.whatsapp.com\/channel\/0029VaKfnf99hXF2ddApFB1D\" target=\"_blank\" rel=\"noopener\">cha\u00eene WhatsApp<\/a> et sur notre<a href=\"https:\/\/www.tiktok.com\/@76actu.fr?lang=fr\" target=\"_blank\" rel=\"noopener\"> compte TikTok<\/a><\/p>\n<p class=\" wall-content\">Personnalisez votre actualit\u00e9 en ajoutant vos villes et m\u00e9dias en favori avec <a href=\"https:\/\/moncompte.actu.fr\" title=\"D\u00e9couvez Mon Actu\" rel=\"nofollow noopener\" data-trk=\"{&quot;cta&quot;:{&quot;action&quot;:&quot;https:\\\/\\\/moncompte.actu.fr&quot;,&quot;category&quot;:&quot;mon compte&quot;,&quot;from&quot;:&quot;article footer&quot;,&quot;name&quot;:&quot;Mon actu&quot;,&quot;type&quot;:&quot;cta&quot;}}\" target=\"_blank\">Mon Actu<\/a>.<\/p>\n<p>                    <script async src=\"\/\/www.tiktok.com\/embed.js\"><\/script><\/p>\n","protected":false},"excerpt":{"rendered":"Par Emilien Jacques Publi\u00e9 le 3 janv. 2026 \u00e0 10h26 \u00c0 la fin de l\u2019ann\u00e9e 2021, l\u2019historique magasin&hellip;\n","protected":false},"author":2,"featured_media":638165,"comment_status":"","ping_status":"","sticky":false,"template":"","format":"standard","meta":{"footnotes":""},"categories":[9587],"tags":[1111,11,215,1777,674,1011,27,1652,12,5161,25,9590,208],"class_list":{"0":"post-638164","1":"post","2":"type-post","3":"status-publish","4":"format-standard","5":"has-post-thumbnail","7":"category-rouen","8":"tag-actu","9":"tag-actualites","10":"tag-commerce","11":"tag-eu","12":"tag-europe","13":"tag-fr","14":"tag-france","15":"tag-loisirs-culture","16":"tag-news","17":"tag-normandie","18":"tag-republique-francaise","19":"tag-rouen","20":"tag-velo"},"share_on_mastodon":{"url":"https:\/\/pubeurope.com\/@fr\/115830891857070788","error":""},"_links":{"self":[{"href":"https:\/\/www.europesays.com\/fr\/wp-json\/wp\/v2\/posts\/638164","targetHints":{"allow":["GET"]}}],"collection":[{"href":"https:\/\/www.europesays.com\/fr\/wp-json\/wp\/v2\/posts"}],"about":[{"href":"https:\/\/www.europesays.com\/fr\/wp-json\/wp\/v2\/types\/post"}],"author":[{"embeddable":true,"href":"https:\/\/www.europesays.com\/fr\/wp-json\/wp\/v2\/users\/2"}],"replies":[{"embeddable":true,"href":"https:\/\/www.europesays.com\/fr\/wp-json\/wp\/v2\/comments?post=638164"}],"version-history":[{"count":0,"href":"https:\/\/www.europesays.com\/fr\/wp-json\/wp\/v2\/posts\/638164\/revisions"}],"wp:featuredmedia":[{"embeddable":true,"href":"https:\/\/www.europesays.com\/fr\/wp-json\/wp\/v2\/media\/638165"}],"wp:attachment":[{"href":"https:\/\/www.europesays.com\/fr\/wp-json\/wp\/v2\/media?parent=638164"}],"wp:term":[{"taxonomy":"category","embeddable":true,"href":"https:\/\/www.europesays.com\/fr\/wp-json\/wp\/v2\/categories?post=638164"},{"taxonomy":"post_tag","embeddable":true,"href":"https:\/\/www.europesays.com\/fr\/wp-json\/wp\/v2\/tags?post=638164"}],"curies":[{"name":"wp","href":"https:\/\/api.w.org\/{rel}","templated":true}]}}