{"id":638168,"date":"2026-01-03T11:19:12","date_gmt":"2026-01-03T11:19:12","guid":{"rendered":"https:\/\/www.europesays.com\/fr\/638168\/"},"modified":"2026-01-03T11:19:12","modified_gmt":"2026-01-03T11:19:12","slug":"municipales-2026-la-liste-echirolles-avenir-presente-ses-voeux-ce-samedi-3-janvier","status":"publish","type":"post","link":"https:\/\/www.europesays.com\/fr\/638168\/","title":{"rendered":"Municipales 2026. La liste \u00c9chirolles A\u2019venir pr\u00e9sente ses v\u0153ux ce samedi 3\u00a0janvier"},"content":{"rendered":"<p>La liste aux \u00e9lections municipales <a href=\"https:\/\/www.ledauphine.com\/elections\/2025\/09\/29\/ouvrir-une-nouvelle-page-le-parti-echirolles-a-venir-rassemble-des-elus-de-gauche-et-les-ecologistes\" target=\"_blank\" rel=\"noopener\">\u00c9chirolles A\u2019venir<\/a> (La France insoumise, Europe \u00c9cologie les Verts et G\u00e9n\u00e9ration. S), men\u00e9e par Antar Labiod, pr\u00e9sente ses v\u0153ux aux habitants ce samedi 3\u00a0janvier. Le rendez-vous est donn\u00e9 \u00e0 partir de 16\u00a0h\u00a030 salle d\u2019Estienne d\u2019Orves \u00e0 \u00c9chirolles (2 square du Champ de la Rousse) pour partager \u00ab\u00a0un moment convivial et se retrouver\u00a0\u00bb, autour d\u2019un go\u00fbter. Une c\u00e9r\u00e9monie ouverte \u00e0 tous.<\/p>\n","protected":false},"excerpt":{"rendered":"La liste aux \u00e9lections municipales \u00c9chirolles A\u2019venir (La France insoumise, Europe \u00c9cologie les Verts et G\u00e9n\u00e9ration. S), men\u00e9e&hellip;\n","protected":false},"author":2,"featured_media":638169,"comment_status":"","ping_status":"","sticky":false,"template":"","format":"standard","meta":{"footnotes":""},"categories":[9566],"tags":[1111,11,2430,9852,9853,112,4188,1777,674,1011,27,2731,108,12,316,25],"class_list":{"0":"post-638168","1":"post","2":"type-post","3":"status-publish","4":"format-standard","5":"has-post-thumbnail","7":"category-grenoble","8":"tag-actu","9":"tag-actualites","10":"tag-auvergne-rhone-alpes","11":"tag-echirolles","12":"tag-echirolles-bassin","13":"tag-edition-grenoble-agglomeration","14":"tag-elections-municipales","15":"tag-eu","16":"tag-europe","17":"tag-fr","18":"tag-france","19":"tag-grenoble","20":"tag-isere","21":"tag-news","22":"tag-politique","23":"tag-republique-francaise"},"share_on_mastodon":{"url":"https:\/\/pubeurope.com\/@fr\/115830899714126249","error":""},"_links":{"self":[{"href":"https:\/\/www.europesays.com\/fr\/wp-json\/wp\/v2\/posts\/638168","targetHints":{"allow":["GET"]}}],"collection":[{"href":"https:\/\/www.europesays.com\/fr\/wp-json\/wp\/v2\/posts"}],"about":[{"href":"https:\/\/www.europesays.com\/fr\/wp-json\/wp\/v2\/types\/post"}],"author":[{"embeddable":true,"href":"https:\/\/www.europesays.com\/fr\/wp-json\/wp\/v2\/users\/2"}],"replies":[{"embeddable":true,"href":"https:\/\/www.europesays.com\/fr\/wp-json\/wp\/v2\/comments?post=638168"}],"version-history":[{"count":0,"href":"https:\/\/www.europesays.com\/fr\/wp-json\/wp\/v2\/posts\/638168\/revisions"}],"wp:featuredmedia":[{"embeddable":true,"href":"https:\/\/www.europesays.com\/fr\/wp-json\/wp\/v2\/media\/638169"}],"wp:attachment":[{"href":"https:\/\/www.europesays.com\/fr\/wp-json\/wp\/v2\/media?parent=638168"}],"wp:term":[{"taxonomy":"category","embeddable":true,"href":"https:\/\/www.europesays.com\/fr\/wp-json\/wp\/v2\/categories?post=638168"},{"taxonomy":"post_tag","embeddable":true,"href":"https:\/\/www.europesays.com\/fr\/wp-json\/wp\/v2\/tags?post=638168"}],"curies":[{"name":"wp","href":"https:\/\/api.w.org\/{rel}","templated":true}]}}